{"id":23728,"date":"2022-11-02T18:21:19","date_gmt":"2022-11-02T21:21:19","guid":{"rendered":"https:\/\/radiorevelacionfm.cl\/?p=23728"},"modified":"2022-11-02T18:23:48","modified_gmt":"2022-11-02T21:23:48","slug":"destacado-cientifico-doctor-ricardo-maccioni-visitara-la-region-de-aysen","status":"publish","type":"post","link":"https:\/\/radiorevelacionfm.cl\/?p=23728","title":{"rendered":"Destacado cient\u00edfico doctor Ricardo Maccioni visitar\u00e1 la regi\u00f3n de Ays\u00e9n"},"content":{"rendered":"<div class=\"flex_column av_one_full  flex_column_div av-zero-column-padding first  avia-builder-el-0  el_before_av_one_full  avia-builder-el-first  \" style='border-radius:0px; '><div  class='avia-image-container  av-styling-    avia-builder-el-1  avia-builder-el-no-sibling  avia-align-center '  itemprop=\"image\" itemscope=\"itemscope\" itemtype=\"https:\/\/schema.org\/ImageObject\"  ><div class='avia-image-container-inner'><div class='avia-image-overlay-wrap'><img decoding=\"async\" class='wp-image-23732 avia-img-lazy-loading-not-23732 avia_image' src=\"https:\/\/radiorevelacionfm.cl\/wp-content\/uploads\/2022\/11\/Cientifico-2-1.jpg\" alt='' title='Cientifico (2) (1)' height=\"600\" width=\"1007\"  itemprop=\"thumbnailUrl\" srcset=\"https:\/\/radiorevelacionfm.cl\/wp-content\/uploads\/2022\/11\/Cientifico-2-1.jpg 1007w, https:\/\/radiorevelacionfm.cl\/wp-content\/uploads\/2022\/11\/Cientifico-2-1-300x179.jpg 300w, https:\/\/radiorevelacionfm.cl\/wp-content\/uploads\/2022\/11\/Cientifico-2-1-768x458.jpg 768w, https:\/\/radiorevelacionfm.cl\/wp-content\/uploads\/2022\/11\/Cientifico-2-1-705x420.jpg 705w, https:\/\/radiorevelacionfm.cl\/wp-content\/uploads\/2022\/11\/Cientifico-2-1-600x357.jpg 600w\" sizes=\"(max-width: 1007px) 100vw, 1007px\" \/><\/div><\/div><\/div><\/div><div class=\"flex_column av_one_full  flex_column_div av-zero-column-padding first  avia-builder-el-2  el_after_av_one_full  el_before_av_one_full  column-top-margin\" style='border-radius:0px; '><section class=\"av_textblock_section \"  itemscope=\"itemscope\" itemtype=\"https:\/\/schema.org\/BlogPosting\" itemprop=\"blogPost\" ><div class='avia_textblock  '   itemprop=\"text\" ><p style=\"text-align: center;\"><strong><span style=\"font-size: 18pt;\">Destacado cient\u00edfico doctor Ricardo Maccioni visitar\u00e1 la regi\u00f3n de Ays\u00e9n<\/span><\/strong><\/p>\n<div id=\"gtx-trans\" style=\"position: absolute; left: -50px; top: 4.31534px;\">\n<div class=\"gtx-trans-icon\"><\/div>\n<\/div>\n<\/div><\/section><\/div><\/p>\n<div class=\"flex_column av_one_full  flex_column_div av-zero-column-padding first  avia-builder-el-4  el_after_av_one_full  el_before_av_hr  column-top-margin\" style='border-radius:0px; '><section class=\"av_textblock_section \"  itemscope=\"itemscope\" itemtype=\"https:\/\/schema.org\/BlogPosting\" itemprop=\"blogPost\" ><div class='avia_textblock  '   itemprop=\"text\" ><p style=\"text-align: justify;\">El doctor Maccioni, oriundo de nuestra regi\u00f3n, se reunir\u00e1 con representantes de organizaciones de adultos mayores de Coyhaique, adem\u00e1s de estudiantes, personal m\u00e9dico y de salud, y ser\u00e1 homenajeado en Puerto Ays\u00e9n.<span id=\"more-105540\"><\/span><\/p>\n<p style=\"text-align: justify;\">Una intensa agenda de actividades cumplir\u00e1 el destacado cient\u00edfico, doctor Ricardo Maccioni Baraona, quien visitar\u00e1 la regi\u00f3n de Ays\u00e9n este jueves 3 y viernes 4 de noviembre.<\/p>\n<p style=\"text-align: justify;\">La visita liderada por el senador David Sandoval, considera distintas charlas, entre ellas la del d\u00eda viernes 4, a partir de las 10:30 horas en la Casa de la Cultura de Coyhaique, organizada en conjunto con la Universidad de Ays\u00e9n, donde se espera la participaci\u00f3n de representantes de organizaciones de adultos mayores de Coyhaique, adem\u00e1s de estudiantes, entre otros.<\/p>\n<p style=\"text-align: justify;\">Tambi\u00e9n se realizar\u00e1 una reuni\u00f3n con personal m\u00e9dico y de salud en el Hospital Regional, y un homenaje encabezado por la Municipalidad de Ays\u00e9n, entre otras actividades. \u201cTener al doctor Maccioni en nuestra regi\u00f3n, un hijo de esta tierra, es muy importante, dada la relevancia que tiene su extensa investigaci\u00f3n en relaci\u00f3n a este tema, considerando adem\u00e1s que en nuestro pa\u00eds, el 1,06% de la poblaci\u00f3n presenta Alzheimer u otra demencia\u201d, afirm\u00f3 el senador Sandoval.<\/p>\n<p style=\"text-align: justify;\">En ese sentido el parlamentario destac\u00f3 el enorme trabajo que al respecto ha desarrollado el doctor Maccioni, nacido en la regi\u00f3n de Ays\u00e9n en 1946, quien lidera, desde hace m\u00e1s de 30 a\u00f1os, el Centro Internacional de Biomedicina (ICC) de la Universidad de Chile, impulsando una serie de investigaciones orientadas a encontrar una cura para esta enfermedad neurodegenerativa, y que este pr\u00f3ximo 3 y 4 de noviembre visitar\u00e1 la regi\u00f3n, para difundir su trabajo.<\/p>\n<p style=\"text-align: justify;\">A trav\u00e9s de sus investigaciones, el Profesor Maccioni avanz\u00f3, entre otras materias, en el diagn\u00f3stico temprano del Alzheimer, consiguiendo identificar sus biomarcadores. En su laboratorio se descubri\u00f3 que en el l\u00edquido c\u00e9falo raqu\u00eddeo de los pacientes con Alzheimer se acumulaba una forma an\u00f3mala de la prote\u00edna TAU, lo que permiti\u00f3 dise\u00f1ar una tecnolog\u00eda de diagn\u00f3stico con la toma de muestra de l\u00edquido c\u00e9falo raqu\u00eddeo mediante punci\u00f3n lumbar. A trav\u00e9s de esta t\u00e9cnica, es posible anticiparse en 20 o 25 a\u00f1os a las primeras manifestaciones de la enfermedad.<\/p>\n<p style=\"text-align: justify;\">Su destacado trabajo, ha hecho que hoy hayan laboratorios globales trabajando con su investigaci\u00f3n, que lo llevaron a ser nominado al primer nobel de medicina.<\/p>\n<p style=\"text-align: justify;\">Finalmente, el legislador destac\u00f3 tambi\u00e9n la colaboraci\u00f3n de la Universidad de Ays\u00e9n, el Hospital Regional, el Colegio M\u00e9dico, el municipio de Ays\u00e9n, la casa de la Cultura de Coyhaique, entre otras organizaciones, que se pusieron a disposici\u00f3n para llevar adelante la agenda de actividades del doctor Maccioni en nuestra regi\u00f3n.<\/p>\n<div class=\"td-a-rec td-a-rec-id-content_bottom tdi_1 td_block_template_4\">\n<div id=\"101580-1\" style=\"text-align: justify;\"><\/div>\n<\/div>\n<\/div><\/section><\/div>\n<div  style='height:50px' class='hr hr-invisible   avia-builder-el-6  el_after_av_one_full  el_before_av_social_share '><span class='hr-inner ' ><span class='hr-inner-style'><\/span><\/span><\/div>\n<div  class='av-social-sharing-box  avia-builder-el-7  el_after_av_hr  el_before_av_hr  '><div class='av-share-box'><h5 class='av-share-link-description av-no-toc '>Compartir esta noticia<\/h5><ul class='av-share-box-list noLightbox'><li class='av-share-link av-social-link-facebook' ><a target=\"_blank\" aria-label=\"Compartir en Facebook\" href='https:\/\/www.facebook.com\/sharer.php?u=https:\/\/radiorevelacionfm.cl\/?p=23728&#038;t=Destacado%20cient%C3%ADfico%20doctor%20Ricardo%20Maccioni%20visitar%C3%A1%20la%20regi%C3%B3n%20de%20Ays%C3%A9n' aria-hidden='false' data-av_icon='\ue8f3' data-av_iconfont='entypo-fontello' title='' data-avia-related-tooltip='Compartir en Facebook' rel=\"noopener\"><span class='avia_hidden_link_text'>Compartir en Facebook<\/span><\/a><\/li><li class='av-share-link av-social-link-twitter' ><a target=\"_blank\" aria-label=\"Compartir en Twitter\" href='https:\/\/twitter.com\/share?text=Destacado%20cient%C3%ADfico%20doctor%20Ricardo%20Maccioni%20visitar%C3%A1%20la%20regi%C3%B3n%20de%20Ays%C3%A9n&#038;url=https:\/\/radiorevelacionfm.cl\/?p=23728' aria-hidden='false' data-av_icon='\ue8f1' data-av_iconfont='entypo-fontello' title='' data-avia-related-tooltip='Compartir en Twitter' rel=\"noopener\"><span class='avia_hidden_link_text'>Compartir en Twitter<\/span><\/a><\/li><li class='av-share-link av-social-link-whatsapp' ><a target=\"_blank\" aria-label=\"Compartir en Whatsapp\" href='https:\/\/api.whatsapp.com\/send?text=https:\/\/radiorevelacionfm.cl\/?p=23728' aria-hidden='false' data-av_icon='\uf232' data-av_iconfont='entypo-fontello' title='' data-avia-related-tooltip='Compartir en Whatsapp' rel=\"noopener\"><span class='avia_hidden_link_text'>Compartir en Whatsapp<\/span><\/a><\/li><li class='av-share-link av-social-link-linkedin' ><a target=\"_blank\" aria-label=\"Compartir en LinkedIn\" href='https:\/\/linkedin.com\/shareArticle?mini=true&#038;title=Destacado%20cient%C3%ADfico%20doctor%20Ricardo%20Maccioni%20visitar%C3%A1%20la%20regi%C3%B3n%20de%20Ays%C3%A9n&#038;url=https:\/\/radiorevelacionfm.cl\/?p=23728' aria-hidden='false' data-av_icon='\ue8fc' data-av_iconfont='entypo-fontello' title='' data-avia-related-tooltip='Compartir en LinkedIn' rel=\"noopener\"><span class='avia_hidden_link_text'>Compartir en LinkedIn<\/span><\/a><\/li><li class='av-share-link av-social-link-mail' ><a  aria-label=\"Compartir por correo\" href='mailto:?subject=Destacado%20cient%C3%ADfico%20doctor%20Ricardo%20Maccioni%20visitar%C3%A1%20la%20regi%C3%B3n%20de%20Ays%C3%A9n&#038;body=https:\/\/radiorevelacionfm.cl\/?p=23728' aria-hidden='false' data-av_icon='\ue805' data-av_iconfont='entypo-fontello' title='' data-avia-related-tooltip='Compartir por correo'><span class='avia_hidden_link_text'>Compartir por correo<\/span><\/a><\/li><\/ul><\/div><\/div>\n<div  style='height:50px' class='hr hr-invisible   avia-builder-el-8  el_after_av_social_share  el_before_av_comments_list '><span class='hr-inner ' ><span class='hr-inner-style'><\/span><\/span><\/div>\n<div  class='av-buildercomment  av-blog-meta-html-info-disabled av-blog-meta-tag-disabled  '><\/div>\n","protected":false},"excerpt":{"rendered":"","protected":false},"author":1,"featured_media":23732,"comment_status":"open","ping_status":"open","sticky":false,"template":"","format":"standard","meta":{"footnotes":""},"categories":[53],"tags":[],"class_list":["post-23728","post","type-post","status-publish","format-standard","has-post-thumbnail","hentry","category-ciencia"],"jetpack_featured_media_url":"https:\/\/radiorevelacionfm.cl\/wp-content\/uploads\/2022\/11\/Cientifico-2-1.jpg","_links":{"self":[{"href":"https:\/\/radiorevelacionfm.cl\/index.php?rest_route=\/wp\/v2\/posts\/23728","targetHints":{"allow":["GET"]}}],"collection":[{"href":"https:\/\/radiorevelacionfm.cl\/index.php?rest_route=\/wp\/v2\/posts"}],"about":[{"href":"https:\/\/radiorevelacionfm.cl\/index.php?rest_route=\/wp\/v2\/types\/post"}],"author":[{"embeddable":true,"href":"https:\/\/radiorevelacionfm.cl\/index.php?rest_route=\/wp\/v2\/users\/1"}],"replies":[{"embeddable":true,"href":"https:\/\/radiorevelacionfm.cl\/index.php?rest_route=%2Fwp%2Fv2%2Fcomments&post=23728"}],"version-history":[{"count":3,"href":"https:\/\/radiorevelacionfm.cl\/index.php?rest_route=\/wp\/v2\/posts\/23728\/revisions"}],"predecessor-version":[{"id":23731,"href":"https:\/\/radiorevelacionfm.cl\/index.php?rest_route=\/wp\/v2\/posts\/23728\/revisions\/23731"}],"wp:featuredmedia":[{"embeddable":true,"href":"https:\/\/radiorevelacionfm.cl\/index.php?rest_route=\/wp\/v2\/media\/23732"}],"wp:attachment":[{"href":"https:\/\/radiorevelacionfm.cl\/index.php?rest_route=%2Fwp%2Fv2%2Fmedia&parent=23728"}],"wp:term":[{"taxonomy":"category","embeddable":true,"href":"https:\/\/radiorevelacionfm.cl\/index.php?rest_route=%2Fwp%2Fv2%2Fcategories&post=23728"},{"taxonomy":"post_tag","embeddable":true,"href":"https:\/\/radiorevelacionfm.cl\/index.php?rest_route=%2Fwp%2Fv2%2Ftags&post=23728"}],"curies":[{"name":"wp","href":"https:\/\/api.w.org\/{rel}","templated":true}]}}