{"id":23724,"date":"2022-11-02T18:00:01","date_gmt":"2022-11-02T21:00:01","guid":{"rendered":"https:\/\/radiorevelacionfm.cl\/?p=23724"},"modified":"2022-11-02T18:00:01","modified_gmt":"2022-11-02T21:00:01","slug":"un-lesionado-tras-volcamiento-de-camion-de-alto-tonelaje-en-localidad-el-blanco","status":"publish","type":"post","link":"https:\/\/radiorevelacionfm.cl\/?p=23724","title":{"rendered":"Un lesionado tras volcamiento de cami\u00f3n de alto tonelaje en localidad El Blanco"},"content":{"rendered":"<div class=\"flex_column av_one_full  flex_column_div av-zero-column-padding first  avia-builder-el-0  el_before_av_one_full  avia-builder-el-first  \" style='border-radius:0px; '><div  class='avia-image-container  av-styling-    avia-builder-el-1  avia-builder-el-no-sibling  avia-align-center '  itemprop=\"image\" itemscope=\"itemscope\" itemtype=\"https:\/\/schema.org\/ImageObject\"  ><div class='avia-image-container-inner'><div class='avia-image-overlay-wrap'><img decoding=\"async\" class='wp-image-23725 avia-img-lazy-loading-not-23725 avia_image' src=\"https:\/\/radiorevelacionfm.cl\/wp-content\/uploads\/2022\/11\/313999559_560163516109547_2387701123958615138_n-1_optimized-1.jpg\" alt='' title='313999559_560163516109547_2387701123958615138_n-(1)_optimized (1)' height=\"600\" width=\"1067\"  itemprop=\"thumbnailUrl\" srcset=\"https:\/\/radiorevelacionfm.cl\/wp-content\/uploads\/2022\/11\/313999559_560163516109547_2387701123958615138_n-1_optimized-1.jpg 1067w, https:\/\/radiorevelacionfm.cl\/wp-content\/uploads\/2022\/11\/313999559_560163516109547_2387701123958615138_n-1_optimized-1-300x169.jpg 300w, https:\/\/radiorevelacionfm.cl\/wp-content\/uploads\/2022\/11\/313999559_560163516109547_2387701123958615138_n-1_optimized-1-1030x579.jpg 1030w, https:\/\/radiorevelacionfm.cl\/wp-content\/uploads\/2022\/11\/313999559_560163516109547_2387701123958615138_n-1_optimized-1-768x432.jpg 768w, https:\/\/radiorevelacionfm.cl\/wp-content\/uploads\/2022\/11\/313999559_560163516109547_2387701123958615138_n-1_optimized-1-705x396.jpg 705w, https:\/\/radiorevelacionfm.cl\/wp-content\/uploads\/2022\/11\/313999559_560163516109547_2387701123958615138_n-1_optimized-1-600x337.jpg 600w\" sizes=\"(max-width: 1067px) 100vw, 1067px\" \/><\/div><\/div><\/div><\/div><div class=\"flex_column av_one_full  flex_column_div av-zero-column-padding first  avia-builder-el-2  el_after_av_one_full  el_before_av_one_full  column-top-margin\" style='border-radius:0px; '><section class=\"av_textblock_section \"  itemscope=\"itemscope\" itemtype=\"https:\/\/schema.org\/BlogPosting\" itemprop=\"blogPost\" ><div class='avia_textblock  '   itemprop=\"text\" ><p style=\"text-align: center;\"><strong><span style=\"font-size: 18pt;\">Un lesionado tras volcamiento de cami\u00f3n de alto tonelaje en localidad El Blanco<\/span><\/strong><\/p>\n<div id=\"gtx-trans\" style=\"position: absolute; left: -50px; top: 4.31534px;\">\n<div class=\"gtx-trans-icon\"><\/div>\n<\/div>\n<\/div><\/section><\/div><div class=\"flex_column av_one_full  flex_column_div av-zero-column-padding first  avia-builder-el-4  el_after_av_one_full  el_before_av_hr  column-top-margin\" style='border-radius:0px; '><section class=\"av_textblock_section \"  itemscope=\"itemscope\" itemtype=\"https:\/\/schema.org\/BlogPosting\" itemprop=\"blogPost\" ><div class='avia_textblock  '   itemprop=\"text\" ><p style=\"text-align: justify;\">Cerca de las 11:30 de esta ma\u00f1ana -mi\u00e9rcoles 02 de Noviembre- se activ\u00f3 en ABC de la emergencia, por un llamado que daba cuenta de un accidente en la ruta 7 Sur, Coyhaique hacia Balmaceda, la emergencia se produjo en la localidad de El Blanco.<\/p>\n<p style=\"text-align: justify;\">En el lugar, por razones que se investigan el conductor de un cami\u00f3n de alto tonelaje proveniente de Puerto Montt perdi\u00f3 el control al llegar a la curva, chocando con la barrera de contenci\u00f3n, volc\u00e1ndose a un costado del camino donde termin\u00f3 impactando en una sede comunitaria.<\/p>\n<p style=\"text-align: justify;\">La emergencia fue atendida por Bomberos de El Blanco, con la colaboraci\u00f3n de la Unidad de Rescate de la 2da. Compa\u00f1\u00eda de Coyhaique, quienes debieron contener el derrame de combustible que se gener\u00f3 producto del violento impacto.<\/p>\n<p style=\"text-align: justify;\">De acuerdo a lo informado por Bomberos, su conductor pudo salir de la m\u00e1quina por su propios medios, resultando policontuso, siendo atendido en la Posta de Salud Rural de la localidad, posteriormente fue trasladado hasta el Hospital Regional Coyhaique para evaluaci\u00f3n m\u00e9dica.<\/p>\n<p style=\"text-align: justify;\">En tanto, testigos del accidente se\u00f1alan que esta no es la primera vez que ocurre un accidente en ese preciso punto, por lo que piden mayor seguridad para evitar una desgracia mayor, \u00e9sta vez afortunadamente no hubieron heridos graves, solo da\u00f1o estructural de la sede.<\/p>\n<\/div><\/section><\/div><div  style='height:50px' class='hr hr-invisible   avia-builder-el-6  el_after_av_one_full  el_before_av_social_share '><span class='hr-inner ' ><span class='hr-inner-style'><\/span><\/span><\/div><\/p>\n<div  class='av-social-sharing-box  avia-builder-el-7  el_after_av_hr  el_before_av_hr  '><div class='av-share-box'><h5 class='av-share-link-description av-no-toc '>Compartir esta noticia<\/h5><ul class='av-share-box-list noLightbox'><li class='av-share-link av-social-link-facebook' ><a target=\"_blank\" aria-label=\"Compartir en Facebook\" href='https:\/\/www.facebook.com\/sharer.php?u=https:\/\/radiorevelacionfm.cl\/?p=23724&#038;t=Un%20lesionado%20tras%20volcamiento%20de%20cami%C3%B3n%20de%20alto%20tonelaje%20en%20localidad%20El%20Blanco' aria-hidden='false' data-av_icon='\ue8f3' data-av_iconfont='entypo-fontello' title='' data-avia-related-tooltip='Compartir en Facebook' rel=\"noopener\"><span class='avia_hidden_link_text'>Compartir en Facebook<\/span><\/a><\/li><li class='av-share-link av-social-link-twitter' ><a target=\"_blank\" aria-label=\"Compartir en Twitter\" href='https:\/\/twitter.com\/share?text=Un%20lesionado%20tras%20volcamiento%20de%20cami%C3%B3n%20de%20alto%20tonelaje%20en%20localidad%20El%20Blanco&#038;url=https:\/\/radiorevelacionfm.cl\/?p=23724' aria-hidden='false' data-av_icon='\ue8f1' data-av_iconfont='entypo-fontello' title='' data-avia-related-tooltip='Compartir en Twitter' rel=\"noopener\"><span class='avia_hidden_link_text'>Compartir en Twitter<\/span><\/a><\/li><li class='av-share-link av-social-link-whatsapp' ><a target=\"_blank\" aria-label=\"Compartir en Whatsapp\" href='https:\/\/api.whatsapp.com\/send?text=https:\/\/radiorevelacionfm.cl\/?p=23724' aria-hidden='false' data-av_icon='\uf232' data-av_iconfont='entypo-fontello' title='' data-avia-related-tooltip='Compartir en Whatsapp' rel=\"noopener\"><span class='avia_hidden_link_text'>Compartir en Whatsapp<\/span><\/a><\/li><li class='av-share-link av-social-link-linkedin' ><a target=\"_blank\" aria-label=\"Compartir en LinkedIn\" href='https:\/\/linkedin.com\/shareArticle?mini=true&#038;title=Un%20lesionado%20tras%20volcamiento%20de%20cami%C3%B3n%20de%20alto%20tonelaje%20en%20localidad%20El%20Blanco&#038;url=https:\/\/radiorevelacionfm.cl\/?p=23724' aria-hidden='false' data-av_icon='\ue8fc' data-av_iconfont='entypo-fontello' title='' data-avia-related-tooltip='Compartir en LinkedIn' rel=\"noopener\"><span class='avia_hidden_link_text'>Compartir en LinkedIn<\/span><\/a><\/li><li class='av-share-link av-social-link-mail' ><a  aria-label=\"Compartir por correo\" href='mailto:?subject=Un%20lesionado%20tras%20volcamiento%20de%20cami%C3%B3n%20de%20alto%20tonelaje%20en%20localidad%20El%20Blanco&#038;body=https:\/\/radiorevelacionfm.cl\/?p=23724' aria-hidden='false' data-av_icon='\ue805' data-av_iconfont='entypo-fontello' title='' data-avia-related-tooltip='Compartir por correo'><span class='avia_hidden_link_text'>Compartir por correo<\/span><\/a><\/li><\/ul><\/div><\/div>\n<div  style='height:50px' class='hr hr-invisible   avia-builder-el-8  el_after_av_social_share  el_before_av_comments_list '><span class='hr-inner ' ><span class='hr-inner-style'><\/span><\/span><\/div>\n<div  class='av-buildercomment  av-blog-meta-html-info-disabled av-blog-meta-tag-disabled  '><\/div>\n","protected":false},"excerpt":{"rendered":"","protected":false},"author":1,"featured_media":23725,"comment_status":"open","ping_status":"open","sticky":false,"template":"","format":"standard","meta":{"footnotes":""},"categories":[38],"tags":[],"class_list":["post-23724","post","type-post","status-publish","format-standard","has-post-thumbnail","hentry","category-regional"],"jetpack_featured_media_url":"https:\/\/radiorevelacionfm.cl\/wp-content\/uploads\/2022\/11\/313999559_560163516109547_2387701123958615138_n-1_optimized-1.jpg","_links":{"self":[{"href":"https:\/\/radiorevelacionfm.cl\/index.php?rest_route=\/wp\/v2\/posts\/23724","targetHints":{"allow":["GET"]}}],"collection":[{"href":"https:\/\/radiorevelacionfm.cl\/index.php?rest_route=\/wp\/v2\/posts"}],"about":[{"href":"https:\/\/radiorevelacionfm.cl\/index.php?rest_route=\/wp\/v2\/types\/post"}],"author":[{"embeddable":true,"href":"https:\/\/radiorevelacionfm.cl\/index.php?rest_route=\/wp\/v2\/users\/1"}],"replies":[{"embeddable":true,"href":"https:\/\/radiorevelacionfm.cl\/index.php?rest_route=%2Fwp%2Fv2%2Fcomments&post=23724"}],"version-history":[{"count":2,"href":"https:\/\/radiorevelacionfm.cl\/index.php?rest_route=\/wp\/v2\/posts\/23724\/revisions"}],"predecessor-version":[{"id":23727,"href":"https:\/\/radiorevelacionfm.cl\/index.php?rest_route=\/wp\/v2\/posts\/23724\/revisions\/23727"}],"wp:featuredmedia":[{"embeddable":true,"href":"https:\/\/radiorevelacionfm.cl\/index.php?rest_route=\/wp\/v2\/media\/23725"}],"wp:attachment":[{"href":"https:\/\/radiorevelacionfm.cl\/index.php?rest_route=%2Fwp%2Fv2%2Fmedia&parent=23724"}],"wp:term":[{"taxonomy":"category","embeddable":true,"href":"https:\/\/radiorevelacionfm.cl\/index.php?rest_route=%2Fwp%2Fv2%2Fcategories&post=23724"},{"taxonomy":"post_tag","embeddable":true,"href":"https:\/\/radiorevelacionfm.cl\/index.php?rest_route=%2Fwp%2Fv2%2Ftags&post=23724"}],"curies":[{"name":"wp","href":"https:\/\/api.w.org\/{rel}","templated":true}]}}