{"id":23720,"date":"2022-11-02T16:01:10","date_gmt":"2022-11-02T19:01:10","guid":{"rendered":"https:\/\/radiorevelacionfm.cl\/?p=23720"},"modified":"2022-11-02T16:01:10","modified_gmt":"2022-11-02T19:01:10","slug":"fundacion-integra-abre-su-proceso-de-postulacion-a-jardines-infantiles-2023","status":"publish","type":"post","link":"https:\/\/radiorevelacionfm.cl\/?p=23720","title":{"rendered":"Fundaci\u00f3n Integra abre su proceso de postulaci\u00f3n a jardines infantiles 2023"},"content":{"rendered":"<div class=\"flex_column av_one_full  flex_column_div av-zero-column-padding first  avia-builder-el-0  el_before_av_one_full  avia-builder-el-first  \" style='border-radius:0px; '><div  class='avia-image-container  av-styling-    avia-builder-el-1  avia-builder-el-no-sibling  avia-align-center '  itemprop=\"image\" itemscope=\"itemscope\" itemtype=\"https:\/\/schema.org\/ImageObject\"  ><div class='avia-image-container-inner'><div class='avia-image-overlay-wrap'><img decoding=\"async\" class='wp-image-23721 avia-img-lazy-loading-not-23721 avia_image' src=\"https:\/\/radiorevelacionfm.cl\/wp-content\/uploads\/2022\/11\/2-46-1-1.jpeg\" alt='' title='2 (46) (1) (1)' height=\"600\" width=\"902\"  itemprop=\"thumbnailUrl\" srcset=\"https:\/\/radiorevelacionfm.cl\/wp-content\/uploads\/2022\/11\/2-46-1-1.jpeg 902w, https:\/\/radiorevelacionfm.cl\/wp-content\/uploads\/2022\/11\/2-46-1-1-300x200.jpeg 300w, https:\/\/radiorevelacionfm.cl\/wp-content\/uploads\/2022\/11\/2-46-1-1-768x511.jpeg 768w, https:\/\/radiorevelacionfm.cl\/wp-content\/uploads\/2022\/11\/2-46-1-1-705x469.jpeg 705w, https:\/\/radiorevelacionfm.cl\/wp-content\/uploads\/2022\/11\/2-46-1-1-600x399.jpeg 600w\" sizes=\"(max-width: 902px) 100vw, 902px\" \/><\/div><\/div><\/div><\/div><div class=\"flex_column av_one_full  flex_column_div av-zero-column-padding first  avia-builder-el-2  el_after_av_one_full  el_before_av_one_full  column-top-margin\" style='border-radius:0px; '><section class=\"av_textblock_section \"  itemscope=\"itemscope\" itemtype=\"https:\/\/schema.org\/BlogPosting\" itemprop=\"blogPost\" ><div class='avia_textblock  '   itemprop=\"text\" ><p style=\"text-align: center;\"><span style=\"font-size: 18pt;\"><b>Fundaci\u00f3n Integra abre su proceso de postulaci\u00f3n a jardines infantiles 2023<\/b><\/span><\/p>\n<div id=\"gtx-trans\" style=\"position: absolute; left: -50px; top: 4.31534px;\">\n<div class=\"gtx-trans-icon\"><\/div>\n<\/div>\n<\/div><\/section><\/div><div class=\"flex_column av_one_full  flex_column_div av-zero-column-padding first  avia-builder-el-4  el_after_av_one_full  el_before_av_hr  column-top-margin\" style='border-radius:0px; '><section class=\"av_textblock_section \"  itemscope=\"itemscope\" itemtype=\"https:\/\/schema.org\/BlogPosting\" itemprop=\"blogPost\" ><div class='avia_textblock  '   itemprop=\"text\" ><p style=\"font-weight: 400; text-align: justify;\">Por tercer a\u00f1o consecutivo Fundaci\u00f3n Integra desarrollar\u00e1 su proceso de postulaci\u00f3n masiva para el 2023 de manera online para sus jardines infantiles y salas cuna. La plataforma de postulaci\u00f3n est\u00e1 dise\u00f1ada para ser usada desde computadores, celulares y tablets, adem\u00e1s incorpora mejoras en la usabilidad para facilitar la navegaci\u00f3n de los usuarios. Tambi\u00e9n cuenta con funcionalidades como la posibilidad de realizar una postulaci\u00f3n individual o familiar.<\/p>\n<p style=\"font-weight: 400; text-align: justify;\">La directora regional de Integra, Leticia Araya Norambuena ante este proceso invita a las \u201cfamilias a participar en este proceso de inscripci\u00f3n y matr\u00edcula 2023. Los jardines infantiles van a estar con parte de sus equipos a disposici\u00f3n para poder realizar este proceso desde los mismos establecimientos y hacerlo de la manera m\u00e1s expedita posible\u201d.<\/p>\n<p style=\"font-weight: 400; text-align: justify;\">Desde Fundaci\u00f3n Integra recalcan que las salas cuna y jardines infantiles son un espacio de bienestar, donde ni\u00f1os y ni\u00f1as pueden aprender jugando, desarrollando habilidades para toda la vida.<\/p>\n<p style=\"font-weight: 400; text-align: justify;\">El proceso de postulaci\u00f3n se llevar\u00e1 a cabo hasta el 30 de noviembre y ser\u00e1 apoyado a trav\u00e9s del equipo de Atenci\u00f3n y Solicitudes Integra (ASI), quienes ampliar\u00e1n a 5 l\u00edneas de atenci\u00f3n telef\u00f3nica (800 540 011) para asistir a los postulantes que lo requieran. Adem\u00e1s, se habilitar\u00e1 un servicio de call center que permitir\u00e1 la atenci\u00f3n simult\u00e1nea de usuarios, la espera en l\u00ednea y derivar a otras plataformas como\u00a0<a href=\"http:\/\/www.integra.cl\/\" data-saferedirecturl=\"https:\/\/www.google.com\/url?q=http:\/\/www.integra.cl\/&amp;source=gmail&amp;ust=1667501561376000&amp;usg=AOvVaw2Y87Zg9kETzBQqn-E8uukU\">www.integra.cl<\/a>\u00a0y contaremos con un int\u00e9rprete de habla creole para facilitar la comunicaci\u00f3n con familias haitianas.<\/p>\n<p style=\"font-weight: 400; text-align: justify;\">\u201cEl jard\u00edn infantil es un espacio donde los ni\u00f1os y ni\u00f1as aprenden jugando, est\u00e1n con otros pares, con ni\u00f1os de su edad, con un equipo educativo que tiene todas las capacidades, habilidades, compromiso y cari\u00f1o para poder generar experiencias educativas donde los ni\u00f1os y ni\u00f1as son los protagonistas. As\u00ed que la invitaci\u00f3n es esa a participar, a conocer, a aprender, a jugar y donde las familias cumplen un rol muy importante\u201d.<\/p>\n<p style=\"font-weight: 400; text-align: justify;\">Para despejar dudas o inquietudes del proceso de postulaci\u00f3n y matr\u00edcula 2023, los invitamos a todas y todos a ingresar a\u00a0<a href=\"https:\/\/www.integra.cl\/nuestros-jardines-infantiles\/como-postular\/\" data-saferedirecturl=\"https:\/\/www.google.com\/url?q=https:\/\/www.integra.cl\/nuestros-jardines-infantiles\/como-postular\/&amp;source=gmail&amp;ust=1667501561376000&amp;usg=AOvVaw3CzN4bKk67WrD6Z3AcSsyy\">https:\/\/www.integra.cl\/nuestros-jardines-infantiles\/como-postular\/<\/a>, publicaci\u00f3n que considera las respuestas a las consultas m\u00e1s frecuentes, realizadas por las familias durante los procesos anteriores.<\/p>\n<p style=\"font-weight: 400; text-align: justify;\"><strong>\u00bfA qu\u00e9 nivel corresponde mi hijo o hija?<\/strong><\/p>\n<ul style=\"font-weight: 400; text-align: justify;\">\n<li>Sala Cuna Menor: 0 a 1 a\u00f1o.<\/li>\n<li>Sala Cuna Mayor: 1 a 2 a\u00f1os (edad cumplida a marzo 20212, 1 a\u00f1o).<\/li>\n<li>Nivel Medio Menor: 2 a 3 a\u00f1os (edad cumplida a marzo 2022, 2 a\u00f1os).<\/li>\n<li>Nivel Medio Mayor: 3 a 4 a\u00f1os (edad cumplida a marzo 2022, 3 a\u00f1os).<\/li>\n<li>Transici\u00f3n: 4 a 5 a\u00f1os (edad cumplida a marzo 2022, 4 a\u00f1os).<\/li>\n<\/ul>\n<p style=\"font-weight: 400; text-align: justify;\"><strong><u>Expo Integra<\/u><\/strong><\/p>\n<p style=\"font-weight: 400; text-align: justify;\">Las \u00faltimas semanas de octubre Fundaci\u00f3n Integra en la regi\u00f3n de Ays\u00e9n realiz\u00f3 diversas acciones -en las comunas y localidades en la que est\u00e1n sus establecimientos educacionales- \u00a0buscando brindar asesor\u00eda sobre el proceso de postulaci\u00f3n y la importancia de que ni\u00f1as y ni\u00f1os cuenten con este tipo de beneficios.<\/p>\n<p style=\"font-weight: 400; text-align: justify;\">Amanda Velasquez, una de las asistentes a estos espacios de difusi\u00f3n declar\u00f3 que le \u201cparece muy bien que se realicen estas instancias de difusi\u00f3n entendiendo que los jardines infantiles son espacios fundamentales para el desarrollo intelectual\u201d. Del mismo modo recalc\u00f3 que \u201cno se pierdan la oportunidad de incorporar a sus hijos a estos espacios y mejorar sus capacidades\u201d.<\/p>\n<p style=\"font-weight: 400; text-align: justify;\">Cabe destacar, que Integra pertenece a la Red de Fundaciones de la Presidencia de la Rep\u00fablica. Cuenta con 31 a\u00f1os de experiencia y es la red m\u00e1s grande de salas cuna y jardines infantiles del pa\u00eds con administraci\u00f3n directa.<\/p>\n<\/div><\/section><\/div><div  style='height:50px' class='hr hr-invisible   avia-builder-el-6  el_after_av_one_full  el_before_av_social_share '><span class='hr-inner ' ><span class='hr-inner-style'><\/span><\/span><\/div><\/p>\n<div  class='av-social-sharing-box  avia-builder-el-7  el_after_av_hr  el_before_av_hr  '><div class='av-share-box'><h5 class='av-share-link-description av-no-toc '>Compartir esta noticia<\/h5><ul class='av-share-box-list noLightbox'><li class='av-share-link av-social-link-facebook' ><a target=\"_blank\" aria-label=\"Compartir en Facebook\" href='https:\/\/www.facebook.com\/sharer.php?u=https:\/\/radiorevelacionfm.cl\/?p=23720&#038;t=Fundaci%C3%B3n%20Integra%20abre%20su%20proceso%20de%20postulaci%C3%B3n%20a%20jardines%20infantiles%202023' aria-hidden='false' data-av_icon='\ue8f3' data-av_iconfont='entypo-fontello' title='' data-avia-related-tooltip='Compartir en Facebook' rel=\"noopener\"><span class='avia_hidden_link_text'>Compartir en Facebook<\/span><\/a><\/li><li class='av-share-link av-social-link-twitter' ><a target=\"_blank\" aria-label=\"Compartir en Twitter\" href='https:\/\/twitter.com\/share?text=Fundaci%C3%B3n%20Integra%20abre%20su%20proceso%20de%20postulaci%C3%B3n%20a%20jardines%20infantiles%202023&#038;url=https:\/\/radiorevelacionfm.cl\/?p=23720' aria-hidden='false' data-av_icon='\ue8f1' data-av_iconfont='entypo-fontello' title='' data-avia-related-tooltip='Compartir en Twitter' rel=\"noopener\"><span class='avia_hidden_link_text'>Compartir en Twitter<\/span><\/a><\/li><li class='av-share-link av-social-link-whatsapp' ><a target=\"_blank\" aria-label=\"Compartir en Whatsapp\" href='https:\/\/api.whatsapp.com\/send?text=https:\/\/radiorevelacionfm.cl\/?p=23720' aria-hidden='false' data-av_icon='\uf232' data-av_iconfont='entypo-fontello' title='' data-avia-related-tooltip='Compartir en Whatsapp' rel=\"noopener\"><span class='avia_hidden_link_text'>Compartir en Whatsapp<\/span><\/a><\/li><li class='av-share-link av-social-link-linkedin' ><a target=\"_blank\" aria-label=\"Compartir en LinkedIn\" href='https:\/\/linkedin.com\/shareArticle?mini=true&#038;title=Fundaci%C3%B3n%20Integra%20abre%20su%20proceso%20de%20postulaci%C3%B3n%20a%20jardines%20infantiles%202023&#038;url=https:\/\/radiorevelacionfm.cl\/?p=23720' aria-hidden='false' data-av_icon='\ue8fc' data-av_iconfont='entypo-fontello' title='' data-avia-related-tooltip='Compartir en LinkedIn' rel=\"noopener\"><span class='avia_hidden_link_text'>Compartir en LinkedIn<\/span><\/a><\/li><li class='av-share-link av-social-link-mail' ><a  aria-label=\"Compartir por correo\" href='mailto:?subject=Fundaci%C3%B3n%20Integra%20abre%20su%20proceso%20de%20postulaci%C3%B3n%20a%20jardines%20infantiles%202023&#038;body=https:\/\/radiorevelacionfm.cl\/?p=23720' aria-hidden='false' data-av_icon='\ue805' data-av_iconfont='entypo-fontello' title='' data-avia-related-tooltip='Compartir por correo'><span class='avia_hidden_link_text'>Compartir por correo<\/span><\/a><\/li><\/ul><\/div><\/div>\n<div  style='height:50px' class='hr hr-invisible   avia-builder-el-8  el_after_av_social_share  el_before_av_comments_list '><span class='hr-inner ' ><span class='hr-inner-style'><\/span><\/span><\/div>\n<div  class='av-buildercomment  av-blog-meta-html-info-disabled av-blog-meta-tag-disabled  '><\/div>\n","protected":false},"excerpt":{"rendered":"","protected":false},"author":1,"featured_media":23721,"comment_status":"open","ping_status":"open","sticky":false,"template":"","format":"standard","meta":{"footnotes":""},"categories":[49],"tags":[],"class_list":["post-23720","post","type-post","status-publish","format-standard","has-post-thumbnail","hentry","category-educacion"],"jetpack_featured_media_url":"https:\/\/radiorevelacionfm.cl\/wp-content\/uploads\/2022\/11\/2-46-1-1.jpeg","_links":{"self":[{"href":"https:\/\/radiorevelacionfm.cl\/index.php?rest_route=\/wp\/v2\/posts\/23720","targetHints":{"allow":["GET"]}}],"collection":[{"href":"https:\/\/radiorevelacionfm.cl\/index.php?rest_route=\/wp\/v2\/posts"}],"about":[{"href":"https:\/\/radiorevelacionfm.cl\/index.php?rest_route=\/wp\/v2\/types\/post"}],"author":[{"embeddable":true,"href":"https:\/\/radiorevelacionfm.cl\/index.php?rest_route=\/wp\/v2\/users\/1"}],"replies":[{"embeddable":true,"href":"https:\/\/radiorevelacionfm.cl\/index.php?rest_route=%2Fwp%2Fv2%2Fcomments&post=23720"}],"version-history":[{"count":2,"href":"https:\/\/radiorevelacionfm.cl\/index.php?rest_route=\/wp\/v2\/posts\/23720\/revisions"}],"predecessor-version":[{"id":23723,"href":"https:\/\/radiorevelacionfm.cl\/index.php?rest_route=\/wp\/v2\/posts\/23720\/revisions\/23723"}],"wp:featuredmedia":[{"embeddable":true,"href":"https:\/\/radiorevelacionfm.cl\/index.php?rest_route=\/wp\/v2\/media\/23721"}],"wp:attachment":[{"href":"https:\/\/radiorevelacionfm.cl\/index.php?rest_route=%2Fwp%2Fv2%2Fmedia&parent=23720"}],"wp:term":[{"taxonomy":"category","embeddable":true,"href":"https:\/\/radiorevelacionfm.cl\/index.php?rest_route=%2Fwp%2Fv2%2Fcategories&post=23720"},{"taxonomy":"post_tag","embeddable":true,"href":"https:\/\/radiorevelacionfm.cl\/index.php?rest_route=%2Fwp%2Fv2%2Ftags&post=23720"}],"curies":[{"name":"wp","href":"https:\/\/api.w.org\/{rel}","templated":true}]}}