{"id":23713,"date":"2022-11-02T15:21:54","date_gmt":"2022-11-02T18:21:54","guid":{"rendered":"https:\/\/radiorevelacionfm.cl\/?p=23713"},"modified":"2022-11-02T15:21:54","modified_gmt":"2022-11-02T18:21:54","slug":"alcance-laboral-productivo-y-ambiental-destaca-en-programa-de-fomento-al-empleo-en-cochrane","status":"publish","type":"post","link":"https:\/\/radiorevelacionfm.cl\/?p=23713","title":{"rendered":"Alcance laboral, productivo y ambiental destaca en Programa de Fomento al Empleo en Cochrane"},"content":{"rendered":"<div class=\"flex_column av_one_full  flex_column_div av-zero-column-padding first  avia-builder-el-0  el_before_av_one_full  avia-builder-el-first  \" style='border-radius:0px; '><div  class='avia-image-container  av-styling-    avia-builder-el-1  avia-builder-el-no-sibling  avia-align-center '  itemprop=\"image\" itemscope=\"itemscope\" itemtype=\"https:\/\/schema.org\/ImageObject\"  ><div class='avia-image-container-inner'><div class='avia-image-overlay-wrap'><img decoding=\"async\" class='wp-image-23714 avia-img-lazy-loading-not-23714 avia_image' src=\"https:\/\/radiorevelacionfm.cl\/wp-content\/uploads\/2022\/11\/img_4242-1_optimized.jpg\" alt='' title='img_4242-(1)_optimized' height=\"600\" width=\"900\"  itemprop=\"thumbnailUrl\" srcset=\"https:\/\/radiorevelacionfm.cl\/wp-content\/uploads\/2022\/11\/img_4242-1_optimized.jpg 900w, https:\/\/radiorevelacionfm.cl\/wp-content\/uploads\/2022\/11\/img_4242-1_optimized-300x200.jpg 300w, https:\/\/radiorevelacionfm.cl\/wp-content\/uploads\/2022\/11\/img_4242-1_optimized-768x512.jpg 768w, https:\/\/radiorevelacionfm.cl\/wp-content\/uploads\/2022\/11\/img_4242-1_optimized-705x470.jpg 705w, https:\/\/radiorevelacionfm.cl\/wp-content\/uploads\/2022\/11\/img_4242-1_optimized-600x400.jpg 600w\" sizes=\"(max-width: 900px) 100vw, 900px\" \/><\/div><\/div><\/div><\/div><div class=\"flex_column av_one_full  flex_column_div av-zero-column-padding first  avia-builder-el-2  el_after_av_one_full  el_before_av_one_full  column-top-margin\" style='border-radius:0px; '><section class=\"av_textblock_section \"  itemscope=\"itemscope\" itemtype=\"https:\/\/schema.org\/BlogPosting\" itemprop=\"blogPost\" ><div class='avia_textblock  '   itemprop=\"text\" ><p style=\"text-align: center;\"><strong><span style=\"font-size: 18pt;\">Alcance laboral, productivo y ambiental destaca en Programa de Fomento al Empleo en Cochrane<\/span><\/strong><\/p>\n<div id=\"gtx-trans\" style=\"position: absolute; left: -50px; top: 4.31534px;\">\n<div class=\"gtx-trans-icon\"><\/div>\n<\/div>\n<\/div><\/section><\/div><div class=\"flex_column av_one_full  flex_column_div av-zero-column-padding first  avia-builder-el-4  el_after_av_one_full  el_before_av_hr  column-top-margin\" style='border-radius:0px; '><section class=\"av_textblock_section \"  itemscope=\"itemscope\" itemtype=\"https:\/\/schema.org\/BlogPosting\" itemprop=\"blogPost\" ><div class='avia_textblock  '   itemprop=\"text\" ><p style=\"font-weight: 400; text-align: justify;\">Como una expresi\u00f3n de la efectividad de iniciativas p\u00fablicas conjuntas en las comunidades locales, calific\u00f3 el Delegado Presidencial Regional, Rodrigo Araya, el Programa Transferencia de Fomento al Empleo que ejecuta CONAF, del Ministerio de Agricultura, en la provincia Capit\u00e1n Prat, con recursos del Gobierno Regional de Ays\u00e9n.<\/p>\n<p style=\"font-weight: 400; text-align: justify;\">Tras recorrer las faenas junto a la Delegada Presidencial Provincial, Marta Montiel, Rodrigo Araya se\u00f1al\u00f3 que este programa de manejo de plantaciones, contribuye de forma directa a prevenir incendios forestales, a generar 30 puestos de trabajo y a proveer madera y le\u00f1a en Cochrane, O\u00b4Higgins y Tortel, adem\u00e1s de avanzar, a trav\u00e9s de un vivero, en reforestaci\u00f3n con especies nativas.<\/p>\n<p style=\"font-weight: 400; text-align: justify;\">\u201cEsta labor es tremendamente importante desde un punto de vista medio ambiental y el reemplazo de los bosques ex\u00f3ticos por bosque nativo, como tambi\u00e9n la mano de obra, que ha permitido que las personas se vayan capacitando, mejorando competencias, ascendiendo y teniendo una mejor empleabilidad. Adem\u00e1s, todo lo que ha significado el aserr\u00edo en materiales de construcci\u00f3n para los tres municipios de la provincia. Por lo tanto, tenemos un c\u00edrculo virtuoso de inversi\u00f3n p\u00fablica, empleabilidad, manejo sustentable de los bosques, cambio de bosque ex\u00f3tico por bosque nativo y beneficios a la comunidad con materiales de construcci\u00f3n\u201d, enfatiz\u00f3.<\/p>\n<p style=\"font-weight: 400; text-align: justify;\">Honorio Ampuero, uno de los trabajadores que desempe\u00f1an labores en la unidad, reafirm\u00f3 el valor de este tipo de programas a nivel local.<\/p>\n<p style=\"font-weight: 400; text-align: justify;\">\u201cYo soy operario del aserradero, comenc\u00e9 en el programa en el mes de abril y ahora estamos ac\u00e1 aprendiendo y desarrollando este programa del Gobierno Regional. Estamos a disposici\u00f3n de la comunidad, porque es un proyecto social, somos 30 personas que trabajamos ac\u00e1, haciendo madera de 2&#215;5, 2&#215;4 y 2&#215;3\u201d, se\u00f1al\u00f3.<\/p>\n<p style=\"font-weight: 400; text-align: justify;\">El jefe provincial CONAF, Eugenio Ruiz detall\u00f3 que el manejo de los bosques introducidos, reduce riesgos de incendios y permite atender necesidades espec\u00edficas en la zona sur.<\/p>\n<p style=\"font-weight: 400; text-align: justify;\">\u201cPor el incendio que tuvimos hace tiempo, la idea es bajar un poco la biomasa que existe para prevenir riesgos y han salido subproductos, entre ellos, madera y le\u00f1a que estamos entregando a la comunidad. El equipo son 30 personas y las metas que tenemos este a\u00f1o son 300 metros de le\u00f1a y 3.000 pulgadas de madera para la comunidad, a trav\u00e9s de los municipios de Cochrane, Tortel y O\u00b4Higgins\u201d, indic\u00f3.<\/p>\n<p style=\"font-weight: 400; text-align: justify;\">La Delegada Marta Montiel a\u00f1adi\u00f3 que el Programa a\u00fana voluntades y gestiones del Ministerio de Agricultura, a trav\u00e9s del CONAF, del Gobierno Regional de Ays\u00e9n y de los municipios de Cochrane, Tortel y O\u00b4Higgins con los que se trabaja en la distribuci\u00f3n de los productos obtenidos del manejo del bosque introducido.<\/p>\n<p style=\"font-weight: 400; text-align: justify;\">\u201cEste programa de manejo de plantaciones viene a dar respuesta a dos l\u00edneas principales: uno lo que es la prevenci\u00f3n de los incendios forestales con un manejo de plantaciones que generan empleo local, lo que reactiva la econom\u00eda, y subproductos como madera dimensionada y le\u00f1a\u201d, concluy\u00f3.<\/p>\n<p style=\"font-weight: 400; text-align: justify;\">El Programa Transferencia de Fomento al Empleo implica diez meses de ejecuci\u00f3n y una inversi\u00f3n de 300 millones de pesos del Fondo Nacional de Desarrollo Regional.<\/p>\n<\/div><\/section><\/div><div  style='height:50px' class='hr hr-invisible   avia-builder-el-6  el_after_av_one_full  el_before_av_social_share '><span class='hr-inner ' ><span class='hr-inner-style'><\/span><\/span><\/div><\/p>\n<div  class='av-social-sharing-box  avia-builder-el-7  el_after_av_hr  el_before_av_hr  '><div class='av-share-box'><h5 class='av-share-link-description av-no-toc '>Compartir esta noticia<\/h5><ul class='av-share-box-list noLightbox'><li class='av-share-link av-social-link-facebook' ><a target=\"_blank\" aria-label=\"Compartir en Facebook\" href='https:\/\/www.facebook.com\/sharer.php?u=https:\/\/radiorevelacionfm.cl\/?p=23713&#038;t=Alcance%20laboral%2C%20productivo%20y%20ambiental%20destaca%20en%20Programa%20de%20Fomento%20al%20Empleo%20en%20Cochrane' aria-hidden='false' data-av_icon='\ue8f3' data-av_iconfont='entypo-fontello' title='' data-avia-related-tooltip='Compartir en Facebook' rel=\"noopener\"><span class='avia_hidden_link_text'>Compartir en Facebook<\/span><\/a><\/li><li class='av-share-link av-social-link-twitter' ><a target=\"_blank\" aria-label=\"Compartir en Twitter\" href='https:\/\/twitter.com\/share?text=Alcance%20laboral%2C%20productivo%20y%20ambiental%20destaca%20en%20Programa%20de%20Fomento%20al%20Empleo%20en%20Cochrane&#038;url=https:\/\/radiorevelacionfm.cl\/?p=23713' aria-hidden='false' data-av_icon='\ue8f1' data-av_iconfont='entypo-fontello' title='' data-avia-related-tooltip='Compartir en Twitter' rel=\"noopener\"><span class='avia_hidden_link_text'>Compartir en Twitter<\/span><\/a><\/li><li class='av-share-link av-social-link-whatsapp' ><a target=\"_blank\" aria-label=\"Compartir en Whatsapp\" href='https:\/\/api.whatsapp.com\/send?text=https:\/\/radiorevelacionfm.cl\/?p=23713' aria-hidden='false' data-av_icon='\uf232' data-av_iconfont='entypo-fontello' title='' data-avia-related-tooltip='Compartir en Whatsapp' rel=\"noopener\"><span class='avia_hidden_link_text'>Compartir en Whatsapp<\/span><\/a><\/li><li class='av-share-link av-social-link-linkedin' ><a target=\"_blank\" aria-label=\"Compartir en LinkedIn\" href='https:\/\/linkedin.com\/shareArticle?mini=true&#038;title=Alcance%20laboral%2C%20productivo%20y%20ambiental%20destaca%20en%20Programa%20de%20Fomento%20al%20Empleo%20en%20Cochrane&#038;url=https:\/\/radiorevelacionfm.cl\/?p=23713' aria-hidden='false' data-av_icon='\ue8fc' data-av_iconfont='entypo-fontello' title='' data-avia-related-tooltip='Compartir en LinkedIn' rel=\"noopener\"><span class='avia_hidden_link_text'>Compartir en LinkedIn<\/span><\/a><\/li><li class='av-share-link av-social-link-mail' ><a  aria-label=\"Compartir por correo\" href='mailto:?subject=Alcance%20laboral%2C%20productivo%20y%20ambiental%20destaca%20en%20Programa%20de%20Fomento%20al%20Empleo%20en%20Cochrane&#038;body=https:\/\/radiorevelacionfm.cl\/?p=23713' aria-hidden='false' data-av_icon='\ue805' data-av_iconfont='entypo-fontello' title='' data-avia-related-tooltip='Compartir por correo'><span class='avia_hidden_link_text'>Compartir por correo<\/span><\/a><\/li><\/ul><\/div><\/div>\n<div  style='height:50px' class='hr hr-invisible   avia-builder-el-8  el_after_av_social_share  el_before_av_comments_list '><span class='hr-inner ' ><span class='hr-inner-style'><\/span><\/span><\/div>\n<div  class='av-buildercomment  av-blog-meta-html-info-disabled av-blog-meta-tag-disabled  '><\/div>\n","protected":false},"excerpt":{"rendered":"","protected":false},"author":1,"featured_media":23714,"comment_status":"open","ping_status":"open","sticky":false,"template":"","format":"standard","meta":{"footnotes":""},"categories":[38],"tags":[],"class_list":["post-23713","post","type-post","status-publish","format-standard","has-post-thumbnail","hentry","category-regional"],"jetpack_featured_media_url":"https:\/\/radiorevelacionfm.cl\/wp-content\/uploads\/2022\/11\/img_4242-1_optimized.jpg","_links":{"self":[{"href":"https:\/\/radiorevelacionfm.cl\/index.php?rest_route=\/wp\/v2\/posts\/23713","targetHints":{"allow":["GET"]}}],"collection":[{"href":"https:\/\/radiorevelacionfm.cl\/index.php?rest_route=\/wp\/v2\/posts"}],"about":[{"href":"https:\/\/radiorevelacionfm.cl\/index.php?rest_route=\/wp\/v2\/types\/post"}],"author":[{"embeddable":true,"href":"https:\/\/radiorevelacionfm.cl\/index.php?rest_route=\/wp\/v2\/users\/1"}],"replies":[{"embeddable":true,"href":"https:\/\/radiorevelacionfm.cl\/index.php?rest_route=%2Fwp%2Fv2%2Fcomments&post=23713"}],"version-history":[{"count":2,"href":"https:\/\/radiorevelacionfm.cl\/index.php?rest_route=\/wp\/v2\/posts\/23713\/revisions"}],"predecessor-version":[{"id":23716,"href":"https:\/\/radiorevelacionfm.cl\/index.php?rest_route=\/wp\/v2\/posts\/23713\/revisions\/23716"}],"wp:featuredmedia":[{"embeddable":true,"href":"https:\/\/radiorevelacionfm.cl\/index.php?rest_route=\/wp\/v2\/media\/23714"}],"wp:attachment":[{"href":"https:\/\/radiorevelacionfm.cl\/index.php?rest_route=%2Fwp%2Fv2%2Fmedia&parent=23713"}],"wp:term":[{"taxonomy":"category","embeddable":true,"href":"https:\/\/radiorevelacionfm.cl\/index.php?rest_route=%2Fwp%2Fv2%2Fcategories&post=23713"},{"taxonomy":"post_tag","embeddable":true,"href":"https:\/\/radiorevelacionfm.cl\/index.php?rest_route=%2Fwp%2Fv2%2Ftags&post=23713"}],"curies":[{"name":"wp","href":"https:\/\/api.w.org\/{rel}","templated":true}]}}