{"id":23709,"date":"2022-11-02T11:08:02","date_gmt":"2022-11-02T14:08:02","guid":{"rendered":"https:\/\/radiorevelacionfm.cl\/?p=23709"},"modified":"2022-11-02T11:08:02","modified_gmt":"2022-11-02T14:08:02","slug":"corporacion-chelenko-solicita-al-presidente-destrabar-materializacion-de-plan-regulador-intercomunal-general-carrera","status":"publish","type":"post","link":"https:\/\/radiorevelacionfm.cl\/?p=23709","title":{"rendered":"Corporaci\u00f3n Chelenko solicita al Presidente destrabar materializaci\u00f3n de Plan Regulador Intercomunal General Carrera"},"content":{"rendered":"<div class=\"flex_column av_one_full  flex_column_div av-zero-column-padding first  avia-builder-el-0  el_before_av_one_full  avia-builder-el-first  \" style='border-radius:0px; '><div  class='avia-image-container  av-styling-    avia-builder-el-1  avia-builder-el-no-sibling  avia-align-center '  itemprop=\"image\" itemscope=\"itemscope\" itemtype=\"https:\/\/schema.org\/ImageObject\"  ><div class='avia-image-container-inner'><div class='avia-image-overlay-wrap'><img decoding=\"async\" class='wp-image-23710 avia-img-lazy-loading-not-23710 avia_image' src=\"https:\/\/radiorevelacionfm.cl\/wp-content\/uploads\/2022\/11\/asamblea-corporacion-chelenko-2022-2024-1_optimized-1.jpg\" alt='' title='asamblea-corporaci\u00f3n-chelenko-2022-2024-(1)_optimized (1)' height=\"600\" width=\"865\"  itemprop=\"thumbnailUrl\" srcset=\"https:\/\/radiorevelacionfm.cl\/wp-content\/uploads\/2022\/11\/asamblea-corporacion-chelenko-2022-2024-1_optimized-1.jpg 865w, https:\/\/radiorevelacionfm.cl\/wp-content\/uploads\/2022\/11\/asamblea-corporacion-chelenko-2022-2024-1_optimized-1-300x208.jpg 300w, https:\/\/radiorevelacionfm.cl\/wp-content\/uploads\/2022\/11\/asamblea-corporacion-chelenko-2022-2024-1_optimized-1-768x533.jpg 768w, https:\/\/radiorevelacionfm.cl\/wp-content\/uploads\/2022\/11\/asamblea-corporacion-chelenko-2022-2024-1_optimized-1-705x489.jpg 705w, https:\/\/radiorevelacionfm.cl\/wp-content\/uploads\/2022\/11\/asamblea-corporacion-chelenko-2022-2024-1_optimized-1-600x416.jpg 600w\" sizes=\"(max-width: 865px) 100vw, 865px\" \/><\/div><\/div><\/div><\/div><div class=\"flex_column av_one_full  flex_column_div av-zero-column-padding first  avia-builder-el-2  el_after_av_one_full  el_before_av_one_full  column-top-margin\" style='border-radius:0px; '><section class=\"av_textblock_section \"  itemscope=\"itemscope\" itemtype=\"https:\/\/schema.org\/BlogPosting\" itemprop=\"blogPost\" ><div class='avia_textblock  '   itemprop=\"text\" ><p style=\"text-align: center;\"><span style=\"font-size: 18pt;\"><b><span lang=\"ES\">Corporaci<\/span><\/b><b><span lang=\"X-NONE\">\u00f3n Chelenko solicita al Presidente destrabar materializaci\u00f3n de Plan Regulador Intercomunal General Carrera<\/span><\/b><\/span><\/p>\n<div id=\"gtx-trans\" style=\"position: absolute; left: -50px; top: 4.31534px;\">\n<div class=\"gtx-trans-icon\"><\/div>\n<\/div>\n<\/div><\/section><\/div><div class=\"flex_column av_one_full  flex_column_div av-zero-column-padding first  avia-builder-el-4  el_after_av_one_full  el_before_av_hr  column-top-margin\" style='border-radius:0px; '><section class=\"av_textblock_section \"  itemscope=\"itemscope\" itemtype=\"https:\/\/schema.org\/BlogPosting\" itemprop=\"blogPost\" ><div class='avia_textblock  '   itemprop=\"text\" ><p class=\"v1MsoNormal\" style=\"text-align: justify;\"><span lang=\"ES\">La Corporaci<\/span><span lang=\"X-NONE\">\u00f3n Chelenko solicit\u00f3 al Presidente Gabriel Boric agilizar la materializaci\u00f3n del Plan Regulador Intercomunal General Carrera, como un paso relevante para enfrentar una serie de materias que afectan actualmente el territorio de la Zona de Inter\u00e9s Tur\u00edstico Chelenko.\u00a0<span class=\"v1gmail-Apple-converted-space\">\u00a0<\/span>La petici\u00f3n fue materializada mediante una carta enviada al Primer Mandatario a trav\u00e9s de la operadora de Ruta Le\u00f3n, Anita Romero Aguirre, socia de la corporaci\u00f3n invitada a Santiago por Sernatur como emprendedora destacada y quien se reuni\u00f3 recientemente con la subsecretaria de Turismo Ver\u00f3nica Kunze Neubauer.<\/span><\/p>\n<p class=\"v1MsoNormal\" style=\"text-align: justify;\"><span lang=\"X-NONE\">La Corporaci\u00f3n Chelenko recientemente renov\u00f3 su directiva, quedando constituida por Jasmia Y\u00e1\u00f1ez Henr\u00edquez como presidenta, adem\u00e1s de Miriam Chible Contreras (vicepresidenta), Marcela Calder\u00f3n Hermosilla (secretaria), Stefan Veringa (tesorero), Camila Mart\u00ednez Reyes (directora) y Patricia Z\u00fa\u00f1iga Vel\u00e1squez (directora).<\/span><\/p>\n<p class=\"v1MsoNormal\" style=\"text-align: justify;\"><span lang=\"X-NONE\">En la carta, la organizaci\u00f3n se\u00f1ala que \u00abpara la cuenca del lago General Carrera, el territorio de la ZOIT Chelenko y quienes ac\u00e1 habitamos, la materializaci\u00f3n del Plan Regulador Intercomunal General Carrera ser\u00eda fundamental para enfrentar la necesidad de un desarrollo arm\u00f3nico\u00bb.\u00a0<span class=\"v1gmail-Apple-converted-space\">\u00a0<\/span>\u00a0Esto porque permitir\u00eda \u00abhacerse cargo de los problemas que vivimos actualmente y que sabemos son prioridad para este gobierno: uso desregulado del suelo rural, capacidad de carga y acogida superada en varias localidades, zonificaci\u00f3n de actividades econ\u00f3micas con priorizaciones acordes a la Estrategia de Desarrollo Regional y la ZOIT, armonizaci\u00f3n del desarrollo econ\u00f3mico con el habitar tradicional sustentable y el cuidado de los fundamentales ecosistemas, entre otras materias\u00bb.<\/span><\/p>\n<p class=\"v1MsoNormal\" style=\"text-align: justify;\"><span lang=\"X-NONE\">Al respecto, Anita Romero, quien adem\u00e1s entreg\u00f3 una carta de la AG Hielo Norte y una propia, expres\u00f3 que las misivas \u00abest\u00e1n ligadas a temas de turismo en la regi\u00f3n de Ays\u00e9n\u00bb, invitando a la subsecretaria a reunirse con las organizaciones durante una futura visita a la zona, que seg\u00fan inform\u00f3 Ver\u00f3nica Kunze debiera ser en el mes de diciembre.<\/span><\/p>\n<p class=\"v1MsoNormal\" style=\"text-align: justify;\"><b><span lang=\"ES\">Un plan postergado<\/span><\/b><\/p>\n<p class=\"v1MsoNormal\" style=\"text-align: justify;\"><span lang=\"ES\">El Plan Regulador Intercomunal General Carrera, instrumento de planificaci\u00f3n territorial elaborado entre los a\u00f1os 2003 y 2005 por la Secretar\u00eda Regional Ministerial de Vivienda y Urbanismo de Ays\u00e9n, obtuvo calificaci\u00f3n ambiental favorable en 2005.\u00a0\u00a0<span class=\"v1gmail-Apple-converted-space\">\u00a0<\/span>Fue promulgado en 2016 por el Gobierno Regional de Ays<\/span><span lang=\"X-NONE\">\u00e9n, sin embargo mediante la resoluci\u00f3n 10.365 del 24 de marzo de 2017 la Contralor\u00eda General de la Rep\u00fablica hizo una serie de observaciones que detuvieron su entrada en vigencia.\u00a0<span class=\"v1gmail-Apple-converted-space\">\u00a0<\/span><\/span><\/p>\n<p class=\"v1MsoNormal\" style=\"text-align: justify;\"><span lang=\"X-NONE\">Desde esa fecha se encuentra postergada su materializaci\u00f3n.<\/span><\/p>\n<p class=\"v1MsoNormal\" style=\"text-align: justify;\"><span lang=\"ES\">En este sentido, Jasmia Y<\/span><span lang=\"X-NONE\">\u00e1\u00f1ez indic\u00f3 que \u00ab<\/span><span lang=\"ES\">la visi\u00f3n del territorio Chelenko est\u00e1 claramente dirigido al turismo y la sustentabilidad socioambiental, ambos ejes rectores de la Estrategia de Desarrollo Regional.\u00a0<span class=\"v1gmail-Apple-converted-space\">\u00a0<\/span>Es en este contexto que creemos fundamental avanzar en los diversos instrumentos de ordenamiento territorial que permitan hacer realidad el objetivo de un desarrollo econ\u00f3mico arm\u00f3nico con quienes habitamos este hermoso territorio, y tambi\u00e9n con su excepcional naturaleza y biodiversidad<\/span><span lang=\"ES\">\u00ab.<\/span><\/p>\n<p class=\"v1MsoNormal\" style=\"text-align: justify;\"><span lang=\"ES\">Complementario a lo anterior, \u00abcreemos que es esencial avanzar en decretar la norma secundaria de calidad ambiental para el Lago General Carrera, la cuenca m\u00e1s grande del pa\u00eds.\u00a0<span class=\"v1gmail-Apple-converted-space\">\u00a0<\/span>Asimismo, agilizar el Plan de Manejo del Santuario de la Naturaleza Capilla de M\u00e1rmol, cuyo llamado a licitaci\u00f3n al que convoc<\/span><span lang=\"X-NONE\">\u00f3<span class=\"v1gmail-Apple-converted-space\">\u00a0<\/span><\/span><span lang=\"ES\">el Ministerio del Medio Ambiente para elaborar una propuesta concluy\u00f3 el 14 de octubre pasado<\/span><span lang=\"ES\">\u00ab.<\/span><\/p>\n<p class=\"v1MsoNormal\" style=\"text-align: justify;\"><b><span lang=\"ES\">Cor<\/span><\/b><b><span lang=\"X-NONE\">poraci\u00f3n Chelenko<\/span><\/b><\/p>\n<p class=\"v1MsoNormal\" style=\"text-align: justify;\"><span lang=\"ES\">La corporaci\u00f3n fue constituida en 2016, en el contexto del proceso de actualizaci\u00f3n de la Zona de Inter\u00e9s Tur\u00edstico Chelenko que se oficializ\u00f3 mediante Decreto 4 del Ministerio de Econom\u00eda del 5 de enero de 2018.\u00a0<span class=\"v1gmail-Apple-converted-space\">\u00a0<\/span>En enero de este a\u00f1o fue actualizada por 4 a\u00f1os m\u00e1s por el Consejo de Ministros de Turismo.\u00a0<span class=\"v1gmail-Apple-converted-space\">\u00a0<\/span>Chelenko es heredera de la Zona de Inter\u00e9s Tur\u00edstico Lago General Carrera, constituida en 2001 como una forma de proteger la segunda cuenca de Sudam\u00e9rica de los intereses de la salmonicultura, en esa \u00e9poca, de extenderse hacia sus aguas.\u00a0<span class=\"v1gmail-Apple-converted-space\">\u00a0<\/span>Fue, asimismo, una de las primeras oficializadas en el pa\u00eds.<\/span><\/p>\n<p class=\"v1MsoNormal\" style=\"text-align: justify;\"><span lang=\"ES\">Actualmente est\u00e1 conformada por 12 organizaciones de Bah\u00eda Murta, Puerto S\u00e1nchez, Puerto R\u00edo Tranquilo, El Le\u00f3n, Puerto Guadal y Puerto Bertrand, representando a m\u00e1s de 220 empresas familiares del territorio.\u00a0<span class=\"v1gmail-Apple-converted-space\">\u00a0<\/span>Es, asimismo, la principal contraparte empresarial de la Mesa P\u00fablico-Privada de la gobernanza de la ZOIT Chelenko, importante instrumento de fomento del turismo de la Regi\u00f3n de Ays\u00e9n.\u00a0<span class=\"v1gmail-Apple-converted-space\">\u00a0<\/span><\/span><\/p>\n<p class=\"v1MsoNormal\" style=\"text-align: justify;\"><span lang=\"ES\">Hoy por hoy, la organizaci<\/span><span lang=\"X-NONE\">\u00f3n<span class=\"v1gmail-Apple-converted-space\">\u00a0<\/span><\/span><span lang=\"ES\">est<\/span><span lang=\"X-NONE\">\u00e1<\/span><span lang=\"ES\"><span class=\"v1gmail-Apple-converted-space\">\u00a0<\/span>enfocada en materializar un Programa de Sustentabilidad, con un horizonte de 10 a\u00f1os plazo, que permita seguir avanzando en el trabajo que se ha desarrollado hasta hoy, que incluye diversas iniciativas para el desarrollo arm\u00f3nico sustentable del territorio. Un trabajo que se realiza en articulaci<\/span><span lang=\"X-NONE\">\u00f3n<span class=\"v1gmail-Apple-converted-space\">\u00a0<\/span><\/span><span lang=\"ES\">con las otras dos corporaciones ZOIT de Ays\u00e9n: Ays\u00e9n Patagonia Queulat y Provincia de Los Glaciares.<\/span><\/p>\n<\/div><\/section><\/div><div  style='height:50px' class='hr hr-invisible   avia-builder-el-6  el_after_av_one_full  el_before_av_social_share '><span class='hr-inner ' ><span class='hr-inner-style'><\/span><\/span><\/div><\/p>\n<div  class='av-social-sharing-box  avia-builder-el-7  el_after_av_hr  el_before_av_hr  '><div class='av-share-box'><h5 class='av-share-link-description av-no-toc '>Compartir esta noticia<\/h5><ul class='av-share-box-list noLightbox'><li class='av-share-link av-social-link-facebook' ><a target=\"_blank\" aria-label=\"Compartir en Facebook\" href='https:\/\/www.facebook.com\/sharer.php?u=https:\/\/radiorevelacionfm.cl\/?p=23709&#038;t=Corporaci%C3%B3n%20Chelenko%20solicita%20al%20Presidente%20destrabar%20materializaci%C3%B3n%20de%20Plan%20Regulador%20Intercomunal%20General%20Carrera' aria-hidden='false' data-av_icon='\ue8f3' data-av_iconfont='entypo-fontello' title='' data-avia-related-tooltip='Compartir en Facebook' rel=\"noopener\"><span class='avia_hidden_link_text'>Compartir en Facebook<\/span><\/a><\/li><li class='av-share-link av-social-link-twitter' ><a target=\"_blank\" aria-label=\"Compartir en Twitter\" href='https:\/\/twitter.com\/share?text=Corporaci%C3%B3n%20Chelenko%20solicita%20al%20Presidente%20destrabar%20materializaci%C3%B3n%20de%20Plan%20Regulador%20Intercomunal%20General%20Carrera&#038;url=https:\/\/radiorevelacionfm.cl\/?p=23709' aria-hidden='false' data-av_icon='\ue8f1' data-av_iconfont='entypo-fontello' title='' data-avia-related-tooltip='Compartir en Twitter' rel=\"noopener\"><span class='avia_hidden_link_text'>Compartir en Twitter<\/span><\/a><\/li><li class='av-share-link av-social-link-whatsapp' ><a target=\"_blank\" aria-label=\"Compartir en Whatsapp\" href='https:\/\/api.whatsapp.com\/send?text=https:\/\/radiorevelacionfm.cl\/?p=23709' aria-hidden='false' data-av_icon='\uf232' data-av_iconfont='entypo-fontello' title='' data-avia-related-tooltip='Compartir en Whatsapp' rel=\"noopener\"><span class='avia_hidden_link_text'>Compartir en Whatsapp<\/span><\/a><\/li><li class='av-share-link av-social-link-linkedin' ><a target=\"_blank\" aria-label=\"Compartir en LinkedIn\" href='https:\/\/linkedin.com\/shareArticle?mini=true&#038;title=Corporaci%C3%B3n%20Chelenko%20solicita%20al%20Presidente%20destrabar%20materializaci%C3%B3n%20de%20Plan%20Regulador%20Intercomunal%20General%20Carrera&#038;url=https:\/\/radiorevelacionfm.cl\/?p=23709' aria-hidden='false' data-av_icon='\ue8fc' data-av_iconfont='entypo-fontello' title='' data-avia-related-tooltip='Compartir en LinkedIn' rel=\"noopener\"><span class='avia_hidden_link_text'>Compartir en LinkedIn<\/span><\/a><\/li><li class='av-share-link av-social-link-mail' ><a  aria-label=\"Compartir por correo\" href='mailto:?subject=Corporaci%C3%B3n%20Chelenko%20solicita%20al%20Presidente%20destrabar%20materializaci%C3%B3n%20de%20Plan%20Regulador%20Intercomunal%20General%20Carrera&#038;body=https:\/\/radiorevelacionfm.cl\/?p=23709' aria-hidden='false' data-av_icon='\ue805' data-av_iconfont='entypo-fontello' title='' data-avia-related-tooltip='Compartir por correo'><span class='avia_hidden_link_text'>Compartir por correo<\/span><\/a><\/li><\/ul><\/div><\/div>\n<div  style='height:50px' class='hr hr-invisible   avia-builder-el-8  el_after_av_social_share  el_before_av_comments_list '><span class='hr-inner ' ><span class='hr-inner-style'><\/span><\/span><\/div>\n<div  class='av-buildercomment  av-blog-meta-html-info-disabled av-blog-meta-tag-disabled  '><\/div>\n","protected":false},"excerpt":{"rendered":"","protected":false},"author":1,"featured_media":23710,"comment_status":"open","ping_status":"open","sticky":false,"template":"","format":"standard","meta":{"footnotes":""},"categories":[38],"tags":[],"class_list":["post-23709","post","type-post","status-publish","format-standard","has-post-thumbnail","hentry","category-regional"],"jetpack_featured_media_url":"https:\/\/radiorevelacionfm.cl\/wp-content\/uploads\/2022\/11\/asamblea-corporacion-chelenko-2022-2024-1_optimized-1.jpg","_links":{"self":[{"href":"https:\/\/radiorevelacionfm.cl\/index.php?rest_route=\/wp\/v2\/posts\/23709","targetHints":{"allow":["GET"]}}],"collection":[{"href":"https:\/\/radiorevelacionfm.cl\/index.php?rest_route=\/wp\/v2\/posts"}],"about":[{"href":"https:\/\/radiorevelacionfm.cl\/index.php?rest_route=\/wp\/v2\/types\/post"}],"author":[{"embeddable":true,"href":"https:\/\/radiorevelacionfm.cl\/index.php?rest_route=\/wp\/v2\/users\/1"}],"replies":[{"embeddable":true,"href":"https:\/\/radiorevelacionfm.cl\/index.php?rest_route=%2Fwp%2Fv2%2Fcomments&post=23709"}],"version-history":[{"count":2,"href":"https:\/\/radiorevelacionfm.cl\/index.php?rest_route=\/wp\/v2\/posts\/23709\/revisions"}],"predecessor-version":[{"id":23712,"href":"https:\/\/radiorevelacionfm.cl\/index.php?rest_route=\/wp\/v2\/posts\/23709\/revisions\/23712"}],"wp:featuredmedia":[{"embeddable":true,"href":"https:\/\/radiorevelacionfm.cl\/index.php?rest_route=\/wp\/v2\/media\/23710"}],"wp:attachment":[{"href":"https:\/\/radiorevelacionfm.cl\/index.php?rest_route=%2Fwp%2Fv2%2Fmedia&parent=23709"}],"wp:term":[{"taxonomy":"category","embeddable":true,"href":"https:\/\/radiorevelacionfm.cl\/index.php?rest_route=%2Fwp%2Fv2%2Fcategories&post=23709"},{"taxonomy":"post_tag","embeddable":true,"href":"https:\/\/radiorevelacionfm.cl\/index.php?rest_route=%2Fwp%2Fv2%2Ftags&post=23709"}],"curies":[{"name":"wp","href":"https:\/\/api.w.org\/{rel}","templated":true}]}}