{"id":23696,"date":"2022-11-01T20:36:44","date_gmt":"2022-11-01T23:36:44","guid":{"rendered":"https:\/\/radiorevelacionfm.cl\/?p=23696"},"modified":"2022-11-01T20:36:44","modified_gmt":"2022-11-01T23:36:44","slug":"se-inicio-vacunacion-bivalente-contra-el-covid-19-para-personas-mayores-de-80-anos-en-la-region-de-aysen","status":"publish","type":"post","link":"https:\/\/radiorevelacionfm.cl\/?p=23696","title":{"rendered":"Se inici\u00f3 vacunaci\u00f3n bivalente contra el COVID-19 para personas mayores de 80 a\u00f1os en la regi\u00f3n de Ays\u00e9n"},"content":{"rendered":"<div class=\"flex_column av_one_full  flex_column_div av-zero-column-padding first  avia-builder-el-0  el_before_av_one_full  avia-builder-el-first  \" style='border-radius:0px; '><div  class='avia-image-container  av-styling-    avia-builder-el-1  avia-builder-el-no-sibling  avia-align-center '  itemprop=\"image\" itemscope=\"itemscope\" itemtype=\"https:\/\/schema.org\/ImageObject\"  ><div class='avia-image-container-inner'><div class='avia-image-overlay-wrap'><img decoding=\"async\" class='wp-image-23697 avia-img-lazy-loading-not-23697 avia_image' src=\"https:\/\/radiorevelacionfm.cl\/wp-content\/uploads\/2022\/11\/vacuna-3-1-1.jpg\" alt='' title='vacuna 3 (1) (1)' height=\"600\" width=\"1067\"  itemprop=\"thumbnailUrl\" srcset=\"https:\/\/radiorevelacionfm.cl\/wp-content\/uploads\/2022\/11\/vacuna-3-1-1.jpg 1067w, https:\/\/radiorevelacionfm.cl\/wp-content\/uploads\/2022\/11\/vacuna-3-1-1-300x169.jpg 300w, https:\/\/radiorevelacionfm.cl\/wp-content\/uploads\/2022\/11\/vacuna-3-1-1-1030x579.jpg 1030w, https:\/\/radiorevelacionfm.cl\/wp-content\/uploads\/2022\/11\/vacuna-3-1-1-768x432.jpg 768w, https:\/\/radiorevelacionfm.cl\/wp-content\/uploads\/2022\/11\/vacuna-3-1-1-705x396.jpg 705w, https:\/\/radiorevelacionfm.cl\/wp-content\/uploads\/2022\/11\/vacuna-3-1-1-600x337.jpg 600w\" sizes=\"(max-width: 1067px) 100vw, 1067px\" \/><\/div><\/div><\/div><\/div><div class=\"flex_column av_one_full  flex_column_div av-zero-column-padding first  avia-builder-el-2  el_after_av_one_full  el_before_av_one_full  column-top-margin\" style='border-radius:0px; '><section class=\"av_textblock_section \"  itemscope=\"itemscope\" itemtype=\"https:\/\/schema.org\/BlogPosting\" itemprop=\"blogPost\" ><div class='avia_textblock  '   itemprop=\"text\" ><p style=\"text-align: center;\"><strong><span style=\"font-size: 18pt;\">Se inici\u00f3 vacunaci\u00f3n bivalente contra el COVID-19 para personas mayores de 80 a\u00f1os en la regi\u00f3n de Ays\u00e9n<\/span><\/strong><\/p>\n<div id=\"gtx-trans\" style=\"position: absolute; left: -50px; top: 4.31534px;\">\n<div class=\"gtx-trans-icon\"><\/div>\n<\/div>\n<\/div><\/section><\/div><div class=\"flex_column av_one_full  flex_column_div av-zero-column-padding first  avia-builder-el-4  el_after_av_one_full  el_before_av_hr  column-top-margin\" style='border-radius:0px; '><section class=\"av_textblock_section \"  itemscope=\"itemscope\" itemtype=\"https:\/\/schema.org\/BlogPosting\" itemprop=\"blogPost\" ><div class='avia_textblock  '   itemprop=\"text\" ><p style=\"font-weight: 400; text-align: justify;\">Hasta la sede de la FENATS, en Baquedano 848, lleg\u00f3 la ma\u00f1ana de este viernes la se\u00f1ora Dina, una de las primeras coyhaiquinas mayores de 80 a\u00f1os que accedi\u00f3 a la dosis de refuerzo con la vacuna bivalente considerada en el plan anual de vacunaci\u00f3n contra el COVID-19.<\/p>\n<p style=\"font-weight: 400; text-align: justify;\">El objetivo de esta medida, dada la efectividad demostrada por las vacunas en la prevenci\u00f3n de los casos m\u00e1s graves de COVID-19, es mantener protegida a las personas que presentan un mayor riesgo de complicaciones ante un eventual contagio.<\/p>\n<p style=\"font-weight: 400; text-align: justify;\">\u201cYo he sido una paciente voluntaria, no me he resistido a la vacuna, desde un comienzo dije que si hab\u00eda vacuna, me vacunaba. Pienso yo que es una defensa, en junio yo me agarr\u00e9 una gripe que parec\u00eda COVID-19, con todos los s\u00edntomas, estuve mal, pero creo que si no hubiese tenido vacuna hubiese sido peor, podr\u00eda haber ido a parar al Hospital\u201d se\u00f1al\u00f3 Dina Ruiz, tras recibir la dosis de refuerzo con vacuna bivalente.<\/p>\n<p style=\"font-weight: 400; text-align: justify;\">La vacunaci\u00f3n masiva contra el COVID-19 demostr\u00f3 ser efectiva para disminuir las hospitalizaciones y muertes vinculadas a la enfermedad, pero estudios observacionales han se\u00f1alado una disminuci\u00f3n de la efectividad de las vacunas tradicionales frente a ciertas variantes.<\/p>\n<p style=\"font-weight: 400; text-align: justify;\">Es por ello que la recomendaci\u00f3n a nivel mundial es utilizar vacunas que incorporen componentes de la prote\u00edna Spike de la variante Omicron.<\/p>\n<p style=\"font-weight: 400; text-align: justify;\">\u201cEst\u00e1 es una nueva vacuna, que va a otorgar una mayor protecci\u00f3n a la poblaci\u00f3n de riesgo, est\u00e1 compuesta por dos cepas del virus SARS-CoV-2, la cepa Wuhan y la Omicron que recordemos fue una de las que m\u00e1s preocup\u00f3 por que caus\u00f3 grandes brotes de COVID y altas cifras de mortalidad en nuestro pa\u00eds. Esta vacuna viene a reforzar la protecci\u00f3n contra esta enfermedad\u201d explic\u00f3 Sany Ojeda \u00c1lvarez, Encargada del Programa de Inmunizaciones de la Seremi de Salud Ays\u00e9n.<\/p>\n<p style=\"font-weight: 400; text-align: justify;\">Esta primera etapa de vacunaci\u00f3n anual contra el COVID-19 comenz\u00f3 con la vacunaci\u00f3n del personal de Salud y personas inmunosuprimidas, grupos a los que se sumaron este mi\u00e9rcoles las y los mayores de 80 o m\u00e1s a\u00f1os.<\/p>\n<p style=\"font-weight: 400; text-align: justify;\">\u201cTenemos a\u00fan porcentajes muy bajos de vacunaci\u00f3n, por lo tanto, el llamado es acercarse a los puntos y si alguien de los grupos objetivos no puede venir, tiene que ser informado a su CESFAM para que los equipos puedan acudir a los domicilios. Si la raz\u00f3n lo amerita, tenemos estrategias en nuestros establecimientos para llegar a vacunar a los usuarios y usuarias\u201d agreg\u00f3 Leandra Aguilar G\u00f3mez, Referente T\u00e9cnico del Programa Nacional de Inmunizaciones del Servicio de Salud Ays\u00e9n.<\/p>\n<p style=\"font-weight: 400; text-align: justify;\">Hoy vivimos d\u00edas con menos restricciones que al comienzo de la pandemia, Escenario de Apertura que se alcanz\u00f3 en gran medida gracias a los excelentes resultados de la vacunaci\u00f3n masiva que en nuestro pa\u00eds super\u00f3 los 17 millones y medio de personas.<\/p>\n<p style=\"font-weight: 400; text-align: justify;\">\u201cEsta es una nueva etapa frente al COVID, que no nos va a dejar, quiz\u00e1s se va a volver un poco m\u00e1s bueno, pero va a seguir con nosotros. Esta es una nueva vacuna que hay que pon\u00e9rsela una vez al a\u00f1o y esto implica tomar consciencia que es necesario hacerlo. No es f\u00e1cil a veces explicarles a las personas mayores de forma t\u00e9cnica las vacunas, pero s\u00ed es muy f\u00e1cil entender que si no nos cuidamos vamos a tener serios problemas\u201d indic\u00f3 V\u00edctor Soto Guzm\u00e1n, Presidente Regional del Consejo de Mayores.<\/p>\n<p style=\"font-weight: 400; text-align: justify;\">Si bien ya se inici\u00f3 el programa de vacunaci\u00f3n anual con vacuna bivalente, es importante recordar que aquellas personas que a\u00fan no han completado su esquema primario o no han recibido la 3\u00b0 o 4\u00b0, a\u00fan est\u00e1n a tiempo para ponerse al d\u00eda en los puntos de vacunaci\u00f3n desplegados en las 10 comunas de la regi\u00f3n.<\/p>\n<p style=\"font-weight: 400; text-align: justify;\">\u201cAprovecho esta instancia para llamar a la poblaci\u00f3n a que cumpla con el esquema primario, est\u00e1n las condiciones para poder realizarlo. Nos falta todav\u00eda para alcanzar el porcentaje \u00f3ptimo y obviamente tambi\u00e9n continuar con las dosis de refuerzo. As\u00ed que invito a toda la ciudadan\u00eda, est\u00e1n los puntos, est\u00e1n las dosis, as\u00ed que es importante que todos lo puedan realizar\u201d agreg\u00f3 el Director(s) del Servicio de Salud Ays\u00e9n, Mauricio Cort\u00e9s Molina.<\/p>\n<p style=\"font-weight: 400; text-align: justify;\">Respecto a la vacuna anual contra el COVID-19 en las pr\u00f3ximas semanas, a trav\u00e9s de la publicaci\u00f3n de los calendarios de vacunaci\u00f3n se convocar\u00e1 a los dem\u00e1s grupos objetivos, es decir, personas con enfermedades cr\u00f3nicas y adultos de 60 a\u00f1os y m\u00e1s.<\/p>\n<\/div><\/section><\/div><div  style='height:50px' class='hr hr-invisible   avia-builder-el-6  el_after_av_one_full  el_before_av_social_share '><span class='hr-inner ' ><span class='hr-inner-style'><\/span><\/span><\/div><\/p>\n<div  class='av-social-sharing-box  avia-builder-el-7  el_after_av_hr  el_before_av_hr  '><div class='av-share-box'><h5 class='av-share-link-description av-no-toc '>Compartir esta noticia<\/h5><ul class='av-share-box-list noLightbox'><li class='av-share-link av-social-link-facebook' ><a target=\"_blank\" aria-label=\"Compartir en Facebook\" href='https:\/\/www.facebook.com\/sharer.php?u=https:\/\/radiorevelacionfm.cl\/?p=23696&#038;t=Se%20inici%C3%B3%20vacunaci%C3%B3n%20bivalente%20contra%20el%20COVID-19%20para%20personas%20mayores%20de%2080%20a%C3%B1os%20en%20la%20regi%C3%B3n%20de%20Ays%C3%A9n' aria-hidden='false' data-av_icon='\ue8f3' data-av_iconfont='entypo-fontello' title='' data-avia-related-tooltip='Compartir en Facebook' rel=\"noopener\"><span class='avia_hidden_link_text'>Compartir en Facebook<\/span><\/a><\/li><li class='av-share-link av-social-link-twitter' ><a target=\"_blank\" aria-label=\"Compartir en Twitter\" href='https:\/\/twitter.com\/share?text=Se%20inici%C3%B3%20vacunaci%C3%B3n%20bivalente%20contra%20el%20COVID-19%20para%20personas%20mayores%20de%2080%20a%C3%B1os%20en%20la%20regi%C3%B3n%20de%20Ays%C3%A9n&#038;url=https:\/\/radiorevelacionfm.cl\/?p=23696' aria-hidden='false' data-av_icon='\ue8f1' data-av_iconfont='entypo-fontello' title='' data-avia-related-tooltip='Compartir en Twitter' rel=\"noopener\"><span class='avia_hidden_link_text'>Compartir en Twitter<\/span><\/a><\/li><li class='av-share-link av-social-link-whatsapp' ><a target=\"_blank\" aria-label=\"Compartir en Whatsapp\" href='https:\/\/api.whatsapp.com\/send?text=https:\/\/radiorevelacionfm.cl\/?p=23696' aria-hidden='false' data-av_icon='\uf232' data-av_iconfont='entypo-fontello' title='' data-avia-related-tooltip='Compartir en Whatsapp' rel=\"noopener\"><span class='avia_hidden_link_text'>Compartir en Whatsapp<\/span><\/a><\/li><li class='av-share-link av-social-link-linkedin' ><a target=\"_blank\" aria-label=\"Compartir en LinkedIn\" href='https:\/\/linkedin.com\/shareArticle?mini=true&#038;title=Se%20inici%C3%B3%20vacunaci%C3%B3n%20bivalente%20contra%20el%20COVID-19%20para%20personas%20mayores%20de%2080%20a%C3%B1os%20en%20la%20regi%C3%B3n%20de%20Ays%C3%A9n&#038;url=https:\/\/radiorevelacionfm.cl\/?p=23696' aria-hidden='false' data-av_icon='\ue8fc' data-av_iconfont='entypo-fontello' title='' data-avia-related-tooltip='Compartir en LinkedIn' rel=\"noopener\"><span class='avia_hidden_link_text'>Compartir en LinkedIn<\/span><\/a><\/li><li class='av-share-link av-social-link-mail' ><a  aria-label=\"Compartir por correo\" href='mailto:?subject=Se%20inici%C3%B3%20vacunaci%C3%B3n%20bivalente%20contra%20el%20COVID-19%20para%20personas%20mayores%20de%2080%20a%C3%B1os%20en%20la%20regi%C3%B3n%20de%20Ays%C3%A9n&#038;body=https:\/\/radiorevelacionfm.cl\/?p=23696' aria-hidden='false' data-av_icon='\ue805' data-av_iconfont='entypo-fontello' title='' data-avia-related-tooltip='Compartir por correo'><span class='avia_hidden_link_text'>Compartir por correo<\/span><\/a><\/li><\/ul><\/div><\/div>\n<div  style='height:50px' class='hr hr-invisible   avia-builder-el-8  el_after_av_social_share  el_before_av_comments_list '><span class='hr-inner ' ><span class='hr-inner-style'><\/span><\/span><\/div>\n<div  class='av-buildercomment  av-blog-meta-html-info-disabled av-blog-meta-tag-disabled  '><\/div>\n","protected":false},"excerpt":{"rendered":"","protected":false},"author":1,"featured_media":23697,"comment_status":"open","ping_status":"open","sticky":false,"template":"","format":"standard","meta":{"footnotes":""},"categories":[46],"tags":[],"class_list":["post-23696","post","type-post","status-publish","format-standard","has-post-thumbnail","hentry","category-salud"],"jetpack_featured_media_url":"https:\/\/radiorevelacionfm.cl\/wp-content\/uploads\/2022\/11\/vacuna-3-1-1.jpg","_links":{"self":[{"href":"https:\/\/radiorevelacionfm.cl\/index.php?rest_route=\/wp\/v2\/posts\/23696","targetHints":{"allow":["GET"]}}],"collection":[{"href":"https:\/\/radiorevelacionfm.cl\/index.php?rest_route=\/wp\/v2\/posts"}],"about":[{"href":"https:\/\/radiorevelacionfm.cl\/index.php?rest_route=\/wp\/v2\/types\/post"}],"author":[{"embeddable":true,"href":"https:\/\/radiorevelacionfm.cl\/index.php?rest_route=\/wp\/v2\/users\/1"}],"replies":[{"embeddable":true,"href":"https:\/\/radiorevelacionfm.cl\/index.php?rest_route=%2Fwp%2Fv2%2Fcomments&post=23696"}],"version-history":[{"count":2,"href":"https:\/\/radiorevelacionfm.cl\/index.php?rest_route=\/wp\/v2\/posts\/23696\/revisions"}],"predecessor-version":[{"id":23700,"href":"https:\/\/radiorevelacionfm.cl\/index.php?rest_route=\/wp\/v2\/posts\/23696\/revisions\/23700"}],"wp:featuredmedia":[{"embeddable":true,"href":"https:\/\/radiorevelacionfm.cl\/index.php?rest_route=\/wp\/v2\/media\/23697"}],"wp:attachment":[{"href":"https:\/\/radiorevelacionfm.cl\/index.php?rest_route=%2Fwp%2Fv2%2Fmedia&parent=23696"}],"wp:term":[{"taxonomy":"category","embeddable":true,"href":"https:\/\/radiorevelacionfm.cl\/index.php?rest_route=%2Fwp%2Fv2%2Fcategories&post=23696"},{"taxonomy":"post_tag","embeddable":true,"href":"https:\/\/radiorevelacionfm.cl\/index.php?rest_route=%2Fwp%2Fv2%2Ftags&post=23696"}],"curies":[{"name":"wp","href":"https:\/\/api.w.org\/{rel}","templated":true}]}}