{"id":23692,"date":"2022-11-01T19:24:58","date_gmt":"2022-11-01T22:24:58","guid":{"rendered":"https:\/\/radiorevelacionfm.cl\/?p=23692"},"modified":"2022-11-01T19:24:58","modified_gmt":"2022-11-01T22:24:58","slug":"dieciocho-organizaciones-de-la-provincia-de-coyhaique-accedieron-al-fondo-social-presidente-de-la-republica","status":"publish","type":"post","link":"https:\/\/radiorevelacionfm.cl\/?p=23692","title":{"rendered":"Dieciocho organizaciones de la provincia de Coyhaique accedieron al Fondo Social Presidente de la Rep\u00fablica"},"content":{"rendered":"<div class=\"flex_column av_one_full  flex_column_div av-zero-column-padding first  avia-builder-el-0  el_before_av_one_full  avia-builder-el-first  \" style='border-radius:0px; '><div  class='avia-image-container  av-styling-    avia-builder-el-1  avia-builder-el-no-sibling  avia-align-center '  itemprop=\"image\" itemscope=\"itemscope\" itemtype=\"https:\/\/schema.org\/ImageObject\"  ><div class='avia-image-container-inner'><div class='avia-image-overlay-wrap'><img decoding=\"async\" class='wp-image-23693 avia-img-lazy-loading-not-23693 avia_image' src=\"https:\/\/radiorevelacionfm.cl\/wp-content\/uploads\/2022\/11\/img_4823-1_optimized.jpg\" alt='' title='img_4823-(1)_optimized' height=\"600\" width=\"1190\"  itemprop=\"thumbnailUrl\" srcset=\"https:\/\/radiorevelacionfm.cl\/wp-content\/uploads\/2022\/11\/img_4823-1_optimized.jpg 1190w, https:\/\/radiorevelacionfm.cl\/wp-content\/uploads\/2022\/11\/img_4823-1_optimized-300x151.jpg 300w, https:\/\/radiorevelacionfm.cl\/wp-content\/uploads\/2022\/11\/img_4823-1_optimized-1030x519.jpg 1030w, https:\/\/radiorevelacionfm.cl\/wp-content\/uploads\/2022\/11\/img_4823-1_optimized-768x387.jpg 768w, https:\/\/radiorevelacionfm.cl\/wp-content\/uploads\/2022\/11\/img_4823-1_optimized-705x355.jpg 705w, https:\/\/radiorevelacionfm.cl\/wp-content\/uploads\/2022\/11\/img_4823-1_optimized-600x303.jpg 600w\" sizes=\"(max-width: 1190px) 100vw, 1190px\" \/><\/div><\/div><\/div><\/div><div class=\"flex_column av_one_full  flex_column_div av-zero-column-padding first  avia-builder-el-2  el_after_av_one_full  el_before_av_one_full  column-top-margin\" style='border-radius:0px; '><section class=\"av_textblock_section \"  itemscope=\"itemscope\" itemtype=\"https:\/\/schema.org\/BlogPosting\" itemprop=\"blogPost\" ><div class='avia_textblock  '   itemprop=\"text\" ><p style=\"text-align: center;\"><strong><span style=\"font-size: 18pt;\">Dieciocho organizaciones de la provincia de Coyhaique accedieron al Fondo Social Presidente de la Rep\u00fablica<\/span><\/strong><\/p>\n<div id=\"gtx-trans\" style=\"position: absolute; left: -50px; top: 4.31534px;\">\n<div class=\"gtx-trans-icon\"><\/div>\n<\/div>\n<\/div><\/section><\/div><div class=\"flex_column av_one_full  flex_column_div av-zero-column-padding first  avia-builder-el-4  el_after_av_one_full  el_before_av_hr  column-top-margin\" style='border-radius:0px; '><section class=\"av_textblock_section \"  itemscope=\"itemscope\" itemtype=\"https:\/\/schema.org\/BlogPosting\" itemprop=\"blogPost\" ><div class='avia_textblock  '   itemprop=\"text\" ><p style=\"font-weight: 400; text-align: justify;\">Mobiliario para sedes sociales, implementaci\u00f3n deportiva, vestuario folcl\u00f3rico y equipamiento audiovisual, son parte de las iniciativas que concretar\u00e1n 18 organizaciones sociales, culturales y deportivas de la provincia de Coyhaique, que se adjudicaron el Fondo Social Presidente de la Rep\u00fablica.<\/p>\n<p style=\"font-weight: 400; text-align: justify;\">El Fondo es administrado por las Delegaciones Presidencial Regional y provinciales, con el objetivo de contribuir a potenciar el desarrollo de organizaciones territoriales, como parte del fortalecimiento del tejido social y de las instancias de participaci\u00f3n ciudadana de la comunidad.<\/p>\n<p style=\"font-weight: 400; text-align: justify;\">La ceremonia de entrega de los fondos fue encabezada por el Delegado Presidencial Regional, Rodrigo Araya, junto a los seremis de las Culturas, las Artes y el Patrimonio, Felipe Quiroz; de Econom\u00eda, Fomento y Turismo, Rosa Machac\u00e1n; de Desarrollo Social y Familia, Karina Acevedo; y de Gobierno Tatiana Pl\u00e1.<\/p>\n<p style=\"font-weight: 400; text-align: justify;\">\u201cEl Fondo est\u00e1 dise\u00f1ado, justamente, para aportar al trabajo asociativo de la comunidad. Cada una de las organizaciones que postula a este fondo lo hace con sentido comunitario, con un sentido de apoyar al vecino, al socio del club deportivo, de la organizaci\u00f3n social o folkl\u00f3rica. En la medida que podamos seguir apoyando la actividad solidaria de las personas, estamos contribuyendo a tener una mejor patria y una mejor comunidad\u201d, subray\u00f3 Rodrigo Araya.<\/p>\n<p style=\"font-weight: 400; text-align: justify;\">En esta oportunidad, las organizaciones que ejecutar\u00e1n proyectos son Agrupaci\u00f3n Alma Morena; Club Deportivo, Social y Cultural 21 de Mayo; Agrupaci\u00f3n Cultural y Social de Artesanas de R\u00edo Claro; Junta de Vecinos Villa Patagonia; Comit\u00e9 de Horticultores R\u00edo Claro y Coyhaique Bajo; Club Deportivo \u00c1rbitros ANFA Coyhaique; Taller de Adulto Mayor Baquedano; Asociaci\u00f3n Deportiva Regional de Rodeo de Ays\u00e9n; Comit\u00e9 de Vivienda Granizos; Asociaci\u00f3n Deportiva Local Patagonia; Junta de Vecinos General Bernales; Club Deportivo Seis Lagunas; Agrupaci\u00f3n de Discapacidad Sin Fronteras; Junta Vecinal Poblaci\u00f3n Clotario Blest I y II; Club de Voleibol Fogliatto Santini; Club Deportivo B\u00e1squetball Coyhaique; Taller Adulto Mayor Los C\u00f3ndores; y Club de Adulto Mayor Los Colonos de Coyhaique.<\/p>\n<p style=\"font-weight: 400; text-align: justify;\">Entre los dirigentes, Rebeca Flores, presidenta de la Agrupaci\u00f3n de Discapacidad Sin Fronteras, se\u00f1al\u00f3 que es primera vez que postulan al Fondo Presidente de la Rep\u00fablica, con el cual adquirir\u00e1n equipamiento tecnol\u00f3gico para mejorar la coordinaci\u00f3n y realizar tr\u00e1mites como solicitud de horas m\u00e9dicas, traslado, de pacientes y procesos generales requeridos por los asociados.<\/p>\n<p style=\"font-weight: 400; text-align: justify;\">\u201cPara nosotros es una emoci\u00f3n grande, nos sentimos valoradas, apoyadas. Este fondo concursable nos adjudicamos, nos va a ayudar mucho con todo lo que es el apoyo con nuestros usuarios, tr\u00e1mites, as\u00ed es que m\u00e1s que felices\u201d, expres\u00f3.<\/p>\n<p style=\"font-weight: 400; text-align: justify;\">En el caso de proyectos de equipamiento o implementaci\u00f3n comunitaria, los montos promedian un mill\u00f3n de pesos, con lo que la inversi\u00f3n total para las 18 organizaciones de la provincia bordea los 20 millones de pesos.<\/p>\n<p style=\"font-weight: 400; text-align: justify;\">Mayores antecedentes en el portal\u00a0<a href=\"https:\/\/www.fondos.gob.cl\/\" data-saferedirecturl=\"https:\/\/www.google.com\/url?q=https:\/\/www.fondos.gob.cl\/&amp;source=gmail&amp;ust=1667412865281000&amp;usg=AOvVaw0Tj73eNqR_TZxO1r1Bw9QM\">https:\/\/www.fondos.gob.cl\/<\/a>.<\/p>\n<\/div><\/section><\/div><div  style='height:50px' class='hr hr-invisible   avia-builder-el-6  el_after_av_one_full  el_before_av_social_share '><span class='hr-inner ' ><span class='hr-inner-style'><\/span><\/span><\/div><\/p>\n<div  class='av-social-sharing-box  avia-builder-el-7  el_after_av_hr  el_before_av_hr  '><div class='av-share-box'><h5 class='av-share-link-description av-no-toc '>Compartir esta noticia<\/h5><ul class='av-share-box-list noLightbox'><li class='av-share-link av-social-link-facebook' ><a target=\"_blank\" aria-label=\"Compartir en Facebook\" href='https:\/\/www.facebook.com\/sharer.php?u=https:\/\/radiorevelacionfm.cl\/?p=23692&#038;t=Dieciocho%20organizaciones%20de%20la%20provincia%20de%20Coyhaique%20accedieron%20al%20Fondo%20Social%20Presidente%20de%20la%20Rep%C3%BAblica' aria-hidden='false' data-av_icon='\ue8f3' data-av_iconfont='entypo-fontello' title='' data-avia-related-tooltip='Compartir en Facebook' rel=\"noopener\"><span class='avia_hidden_link_text'>Compartir en Facebook<\/span><\/a><\/li><li class='av-share-link av-social-link-twitter' ><a target=\"_blank\" aria-label=\"Compartir en Twitter\" href='https:\/\/twitter.com\/share?text=Dieciocho%20organizaciones%20de%20la%20provincia%20de%20Coyhaique%20accedieron%20al%20Fondo%20Social%20Presidente%20de%20la%20Rep%C3%BAblica&#038;url=https:\/\/radiorevelacionfm.cl\/?p=23692' aria-hidden='false' data-av_icon='\ue8f1' data-av_iconfont='entypo-fontello' title='' data-avia-related-tooltip='Compartir en Twitter' rel=\"noopener\"><span class='avia_hidden_link_text'>Compartir en Twitter<\/span><\/a><\/li><li class='av-share-link av-social-link-whatsapp' ><a target=\"_blank\" aria-label=\"Compartir en Whatsapp\" href='https:\/\/api.whatsapp.com\/send?text=https:\/\/radiorevelacionfm.cl\/?p=23692' aria-hidden='false' data-av_icon='\uf232' data-av_iconfont='entypo-fontello' title='' data-avia-related-tooltip='Compartir en Whatsapp' rel=\"noopener\"><span class='avia_hidden_link_text'>Compartir en Whatsapp<\/span><\/a><\/li><li class='av-share-link av-social-link-linkedin' ><a target=\"_blank\" aria-label=\"Compartir en LinkedIn\" href='https:\/\/linkedin.com\/shareArticle?mini=true&#038;title=Dieciocho%20organizaciones%20de%20la%20provincia%20de%20Coyhaique%20accedieron%20al%20Fondo%20Social%20Presidente%20de%20la%20Rep%C3%BAblica&#038;url=https:\/\/radiorevelacionfm.cl\/?p=23692' aria-hidden='false' data-av_icon='\ue8fc' data-av_iconfont='entypo-fontello' title='' data-avia-related-tooltip='Compartir en LinkedIn' rel=\"noopener\"><span class='avia_hidden_link_text'>Compartir en LinkedIn<\/span><\/a><\/li><li class='av-share-link av-social-link-mail' ><a  aria-label=\"Compartir por correo\" href='mailto:?subject=Dieciocho%20organizaciones%20de%20la%20provincia%20de%20Coyhaique%20accedieron%20al%20Fondo%20Social%20Presidente%20de%20la%20Rep%C3%BAblica&#038;body=https:\/\/radiorevelacionfm.cl\/?p=23692' aria-hidden='false' data-av_icon='\ue805' data-av_iconfont='entypo-fontello' title='' data-avia-related-tooltip='Compartir por correo'><span class='avia_hidden_link_text'>Compartir por correo<\/span><\/a><\/li><\/ul><\/div><\/div>\n<div  style='height:50px' class='hr hr-invisible   avia-builder-el-8  el_after_av_social_share  el_before_av_comments_list '><span class='hr-inner ' ><span class='hr-inner-style'><\/span><\/span><\/div>\n<div  class='av-buildercomment  av-blog-meta-html-info-disabled av-blog-meta-tag-disabled  '><\/div>\n","protected":false},"excerpt":{"rendered":"","protected":false},"author":1,"featured_media":23693,"comment_status":"open","ping_status":"open","sticky":false,"template":"","format":"standard","meta":{"footnotes":""},"categories":[38],"tags":[],"class_list":["post-23692","post","type-post","status-publish","format-standard","has-post-thumbnail","hentry","category-regional"],"jetpack_featured_media_url":"https:\/\/radiorevelacionfm.cl\/wp-content\/uploads\/2022\/11\/img_4823-1_optimized.jpg","_links":{"self":[{"href":"https:\/\/radiorevelacionfm.cl\/index.php?rest_route=\/wp\/v2\/posts\/23692","targetHints":{"allow":["GET"]}}],"collection":[{"href":"https:\/\/radiorevelacionfm.cl\/index.php?rest_route=\/wp\/v2\/posts"}],"about":[{"href":"https:\/\/radiorevelacionfm.cl\/index.php?rest_route=\/wp\/v2\/types\/post"}],"author":[{"embeddable":true,"href":"https:\/\/radiorevelacionfm.cl\/index.php?rest_route=\/wp\/v2\/users\/1"}],"replies":[{"embeddable":true,"href":"https:\/\/radiorevelacionfm.cl\/index.php?rest_route=%2Fwp%2Fv2%2Fcomments&post=23692"}],"version-history":[{"count":2,"href":"https:\/\/radiorevelacionfm.cl\/index.php?rest_route=\/wp\/v2\/posts\/23692\/revisions"}],"predecessor-version":[{"id":23699,"href":"https:\/\/radiorevelacionfm.cl\/index.php?rest_route=\/wp\/v2\/posts\/23692\/revisions\/23699"}],"wp:featuredmedia":[{"embeddable":true,"href":"https:\/\/radiorevelacionfm.cl\/index.php?rest_route=\/wp\/v2\/media\/23693"}],"wp:attachment":[{"href":"https:\/\/radiorevelacionfm.cl\/index.php?rest_route=%2Fwp%2Fv2%2Fmedia&parent=23692"}],"wp:term":[{"taxonomy":"category","embeddable":true,"href":"https:\/\/radiorevelacionfm.cl\/index.php?rest_route=%2Fwp%2Fv2%2Fcategories&post=23692"},{"taxonomy":"post_tag","embeddable":true,"href":"https:\/\/radiorevelacionfm.cl\/index.php?rest_route=%2Fwp%2Fv2%2Ftags&post=23692"}],"curies":[{"name":"wp","href":"https:\/\/api.w.org\/{rel}","templated":true}]}}