{"id":23688,"date":"2022-11-01T19:00:51","date_gmt":"2022-11-01T22:00:51","guid":{"rendered":"https:\/\/radiorevelacionfm.cl\/?p=23688"},"modified":"2022-11-01T19:00:51","modified_gmt":"2022-11-01T22:00:51","slug":"ministerio-de-agricultura-abordo-compromisos-y-desafios-organizacionales-con-asociaciones-de-la-junta","status":"publish","type":"post","link":"https:\/\/radiorevelacionfm.cl\/?p=23688","title":{"rendered":"Ministerio de Agricultura abord\u00f3 compromisos y desaf\u00edos organizacionales con asociaciones de La Junta"},"content":{"rendered":"<div class=\"flex_column av_one_full  flex_column_div av-zero-column-padding first  avia-builder-el-0  el_before_av_one_full  avia-builder-el-first  \" style='border-radius:0px; '><div  class='avia-image-container  av-styling-    avia-builder-el-1  avia-builder-el-no-sibling  avia-align-center '  itemprop=\"image\" itemscope=\"itemscope\" itemtype=\"https:\/\/schema.org\/ImageObject\"  ><div class='avia-image-container-inner'><div class='avia-image-overlay-wrap'><img decoding=\"async\" class='wp-image-23689 avia-img-lazy-loading-not-23689 avia_image' src=\"https:\/\/radiorevelacionfm.cl\/wp-content\/uploads\/2022\/11\/ag-ganaderos-la-junta-1_optimized-1.jpg\" alt='' title='ag-ganaderos-la-junta-(1)_optimized (1)' height=\"600\" width=\"1142\"  itemprop=\"thumbnailUrl\" srcset=\"https:\/\/radiorevelacionfm.cl\/wp-content\/uploads\/2022\/11\/ag-ganaderos-la-junta-1_optimized-1.jpg 1142w, https:\/\/radiorevelacionfm.cl\/wp-content\/uploads\/2022\/11\/ag-ganaderos-la-junta-1_optimized-1-300x158.jpg 300w, https:\/\/radiorevelacionfm.cl\/wp-content\/uploads\/2022\/11\/ag-ganaderos-la-junta-1_optimized-1-1030x541.jpg 1030w, https:\/\/radiorevelacionfm.cl\/wp-content\/uploads\/2022\/11\/ag-ganaderos-la-junta-1_optimized-1-768x404.jpg 768w, https:\/\/radiorevelacionfm.cl\/wp-content\/uploads\/2022\/11\/ag-ganaderos-la-junta-1_optimized-1-705x370.jpg 705w, https:\/\/radiorevelacionfm.cl\/wp-content\/uploads\/2022\/11\/ag-ganaderos-la-junta-1_optimized-1-600x315.jpg 600w\" sizes=\"(max-width: 1142px) 100vw, 1142px\" \/><\/div><\/div><\/div><\/div><div class=\"flex_column av_one_full  flex_column_div av-zero-column-padding first  avia-builder-el-2  el_after_av_one_full  el_before_av_one_full  column-top-margin\" style='border-radius:0px; '><section class=\"av_textblock_section \"  itemscope=\"itemscope\" itemtype=\"https:\/\/schema.org\/BlogPosting\" itemprop=\"blogPost\" ><div class='avia_textblock  '   itemprop=\"text\" ><p style=\"text-align: center;\"><span style=\"font-size: 18pt;\"><strong>Ministerio de Agricultura abord\u00f3 compromisos y desaf\u00edos organizacionales con asociaciones de La Junta<\/strong><\/span><\/p>\n<div id=\"gtx-trans\" style=\"position: absolute; left: -50px; top: 4.31534px;\">\n<div class=\"gtx-trans-icon\"><\/div>\n<\/div>\n<\/div><\/section><\/div><div class=\"flex_column av_one_full  flex_column_div av-zero-column-padding first  avia-builder-el-4  el_after_av_one_full  el_before_av_hr  column-top-margin\" style='border-radius:0px; '><section class=\"av_textblock_section \"  itemscope=\"itemscope\" itemtype=\"https:\/\/schema.org\/BlogPosting\" itemprop=\"blogPost\" ><div class='avia_textblock  '   itemprop=\"text\" ><p style=\"text-align: justify;\">El seremi Alan Espinoza Ortiz junto a equipos de INDAP, SAG y CONAF, se reuni\u00f3 con las asociaciones gremiales de Mujeres Campesinas y de Peque\u00f1os Agricultores y Ganaderos.<\/p>\n<p style=\"text-align: justify;\">Compromisos y desaf\u00edos de trabajo conjunto con organizaciones agropecuarias de la localidad de La Junta, en la comuna de Cisnes, abord\u00f3 el Seremi de Agricultura, Alan Espinoza Ortiz, con la Asociaci\u00f3n Gremial (AG) de Peque\u00f1os Agricultores y Ganaderos y AG de Mujeres Campesinas.<\/p>\n<p style=\"text-align: justify;\">Acompa\u00f1ado por el Director (S) de INDAP, Ricardo Konig Parada, jefe de \u00c1rea de CONAF, \u00c1lvaro D\u00b4amico Najum y el m\u00e9dico veterinario del SAG, Sergio Casanova Vargas, el seremi destac\u00f3 la importancia del di\u00e1logo constante con las organizaciones territoriales para avanzar en una pol\u00edtica p\u00fablica que integre a todos los sectores.<\/p>\n<p style=\"text-align: justify;\">\u00abHemos estado tratando de abordar cada uno los temas, cada una de sus preocupaciones. Les hemos contado lo que hemos realizado durante estos m\u00e1s de seis meses de gesti\u00f3n y hemos estado viendo en conjunto aquellos compromisos que adquirimos desde las primeras reuniones. Estuvimos haciendo importantes anuncios, vamos a tener una nueva jefa de \u00c1rea de INDAP y, adem\u00e1s, el Servicio Agr\u00edcola y Ganadero, va a sumar un nuevo profesional\u00bb, sostuvo el Seremi de Agricultura.<\/p>\n<p style=\"text-align: justify;\">La presidenta de la AG de Mujeres Campesinas, Loreto Catrilef Espejo, valor\u00f3 el encuentro con la organizaci\u00f3n que agrupa a 27 productoras de la zona norte de Ays\u00e9n.<\/p>\n<p style=\"text-align: justify;\">\u00abNosotros nos conformamos hace poco, es la primera AG de mujeres campesinas de la localidad y qu\u00e9 importante tambi\u00e9n tener la asistencia de todas las entidades que conforman el agro. La idea es fortalecer tanto el primer rubro como los sub-rubros de la ganader\u00eda, ap\u00edcola, hort\u00edcola y tambi\u00e9n forestales\u00bb, sostuvo.<\/p>\n<p style=\"text-align: justify;\">Por su parte, el presidente de la Asociaci\u00f3n Gremial de Peque\u00f1os Ganaderos de la Junta, Gonzalo Schilling Lavoz, resalt\u00f3 el an\u00e1lisis de los compromisos conjuntos, entre los que destac\u00f3 el apoyo a 265 productores de La Junta con recursos del Gobierno Regional y con apoyo de la Municipalidad de Cisnes.<\/p>\n<p style=\"text-align: justify;\">\u00abAlgunas cosas que se han ido conversando, se han ido cumpliendo. Igual contento por el apoyo que lleg\u00f3 a la zona de emergencia y esperar de alguna otra cosa que hemos solicitado que pueda tener tiempo e irse cumpliendo en la medida que tambi\u00e9n se pueda\u00bb expres\u00f3 el dirigente.<\/p>\n<p style=\"text-align: justify;\">Entre las l\u00edneas de participaci\u00f3n permanente del Ministerio de Agricultura, est\u00e1 el Consejo Asesor Regional (CAR) de INDAP, instancia destacada por Luis P\u00e9rez C\u00e1rdenas quien participa como integrante de la AG Peque\u00f1os Agricultores y Ganaderos. \u00abEs un gran desaf\u00edo, agradezco a los campesinos que confiaron en mi persona, en que yo los pueda representar a nivel regional. Y por supuesto ser representante del CAR, de los campesinos, de los ganaderos, del sector norte de la regi\u00f3n\u00bb, se\u00f1al\u00f3.<\/p>\n<p style=\"text-align: justify;\">Adem\u00e1s de las reuniones con organizaciones agropecuarias, las actividades en La Junta consideraron tambi\u00e9n reuni\u00f3n de trabajo con el equipo de CONAF en el marco del Plan de Protecci\u00f3n ante Incendios Forestales 2022-2023 y visitas a predios productivos en el rubro de frutales menores y hortalizas.<\/p>\n<\/div><\/section><\/div><div  style='height:50px' class='hr hr-invisible   avia-builder-el-6  el_after_av_one_full  el_before_av_social_share '><span class='hr-inner ' ><span class='hr-inner-style'><\/span><\/span><\/div><\/p>\n<div  class='av-social-sharing-box  avia-builder-el-7  el_after_av_hr  el_before_av_hr  '><div class='av-share-box'><h5 class='av-share-link-description av-no-toc '>Compartir esta noticia<\/h5><ul class='av-share-box-list noLightbox'><li class='av-share-link av-social-link-facebook' ><a target=\"_blank\" aria-label=\"Compartir en Facebook\" href='https:\/\/www.facebook.com\/sharer.php?u=https:\/\/radiorevelacionfm.cl\/?p=23688&#038;t=Ministerio%20de%20Agricultura%20abord%C3%B3%20compromisos%20y%20desaf%C3%ADos%20organizacionales%20con%20asociaciones%20de%20La%20Junta' aria-hidden='false' data-av_icon='\ue8f3' data-av_iconfont='entypo-fontello' title='' data-avia-related-tooltip='Compartir en Facebook' rel=\"noopener\"><span class='avia_hidden_link_text'>Compartir en Facebook<\/span><\/a><\/li><li class='av-share-link av-social-link-twitter' ><a target=\"_blank\" aria-label=\"Compartir en Twitter\" href='https:\/\/twitter.com\/share?text=Ministerio%20de%20Agricultura%20abord%C3%B3%20compromisos%20y%20desaf%C3%ADos%20organizacionales%20con%20asociaciones%20de%20La%20Junta&#038;url=https:\/\/radiorevelacionfm.cl\/?p=23688' aria-hidden='false' data-av_icon='\ue8f1' data-av_iconfont='entypo-fontello' title='' data-avia-related-tooltip='Compartir en Twitter' rel=\"noopener\"><span class='avia_hidden_link_text'>Compartir en Twitter<\/span><\/a><\/li><li class='av-share-link av-social-link-whatsapp' ><a target=\"_blank\" aria-label=\"Compartir en Whatsapp\" href='https:\/\/api.whatsapp.com\/send?text=https:\/\/radiorevelacionfm.cl\/?p=23688' aria-hidden='false' data-av_icon='\uf232' data-av_iconfont='entypo-fontello' title='' data-avia-related-tooltip='Compartir en Whatsapp' rel=\"noopener\"><span class='avia_hidden_link_text'>Compartir en Whatsapp<\/span><\/a><\/li><li class='av-share-link av-social-link-linkedin' ><a target=\"_blank\" aria-label=\"Compartir en LinkedIn\" href='https:\/\/linkedin.com\/shareArticle?mini=true&#038;title=Ministerio%20de%20Agricultura%20abord%C3%B3%20compromisos%20y%20desaf%C3%ADos%20organizacionales%20con%20asociaciones%20de%20La%20Junta&#038;url=https:\/\/radiorevelacionfm.cl\/?p=23688' aria-hidden='false' data-av_icon='\ue8fc' data-av_iconfont='entypo-fontello' title='' data-avia-related-tooltip='Compartir en LinkedIn' rel=\"noopener\"><span class='avia_hidden_link_text'>Compartir en LinkedIn<\/span><\/a><\/li><li class='av-share-link av-social-link-mail' ><a  aria-label=\"Compartir por correo\" href='mailto:?subject=Ministerio%20de%20Agricultura%20abord%C3%B3%20compromisos%20y%20desaf%C3%ADos%20organizacionales%20con%20asociaciones%20de%20La%20Junta&#038;body=https:\/\/radiorevelacionfm.cl\/?p=23688' aria-hidden='false' data-av_icon='\ue805' data-av_iconfont='entypo-fontello' title='' data-avia-related-tooltip='Compartir por correo'><span class='avia_hidden_link_text'>Compartir por correo<\/span><\/a><\/li><\/ul><\/div><\/div>\n<div  style='height:50px' class='hr hr-invisible   avia-builder-el-8  el_after_av_social_share  el_before_av_comments_list '><span class='hr-inner ' ><span class='hr-inner-style'><\/span><\/span><\/div>\n<div  class='av-buildercomment  av-blog-meta-html-info-disabled av-blog-meta-tag-disabled  '><\/div>\n","protected":false},"excerpt":{"rendered":"","protected":false},"author":1,"featured_media":23689,"comment_status":"open","ping_status":"open","sticky":false,"template":"","format":"standard","meta":{"footnotes":""},"categories":[58],"tags":[],"class_list":["post-23688","post","type-post","status-publish","format-standard","has-post-thumbnail","hentry","category-agricultura"],"jetpack_featured_media_url":"https:\/\/radiorevelacionfm.cl\/wp-content\/uploads\/2022\/11\/ag-ganaderos-la-junta-1_optimized-1.jpg","_links":{"self":[{"href":"https:\/\/radiorevelacionfm.cl\/index.php?rest_route=\/wp\/v2\/posts\/23688","targetHints":{"allow":["GET"]}}],"collection":[{"href":"https:\/\/radiorevelacionfm.cl\/index.php?rest_route=\/wp\/v2\/posts"}],"about":[{"href":"https:\/\/radiorevelacionfm.cl\/index.php?rest_route=\/wp\/v2\/types\/post"}],"author":[{"embeddable":true,"href":"https:\/\/radiorevelacionfm.cl\/index.php?rest_route=\/wp\/v2\/users\/1"}],"replies":[{"embeddable":true,"href":"https:\/\/radiorevelacionfm.cl\/index.php?rest_route=%2Fwp%2Fv2%2Fcomments&post=23688"}],"version-history":[{"count":2,"href":"https:\/\/radiorevelacionfm.cl\/index.php?rest_route=\/wp\/v2\/posts\/23688\/revisions"}],"predecessor-version":[{"id":23691,"href":"https:\/\/radiorevelacionfm.cl\/index.php?rest_route=\/wp\/v2\/posts\/23688\/revisions\/23691"}],"wp:featuredmedia":[{"embeddable":true,"href":"https:\/\/radiorevelacionfm.cl\/index.php?rest_route=\/wp\/v2\/media\/23689"}],"wp:attachment":[{"href":"https:\/\/radiorevelacionfm.cl\/index.php?rest_route=%2Fwp%2Fv2%2Fmedia&parent=23688"}],"wp:term":[{"taxonomy":"category","embeddable":true,"href":"https:\/\/radiorevelacionfm.cl\/index.php?rest_route=%2Fwp%2Fv2%2Fcategories&post=23688"},{"taxonomy":"post_tag","embeddable":true,"href":"https:\/\/radiorevelacionfm.cl\/index.php?rest_route=%2Fwp%2Fv2%2Ftags&post=23688"}],"curies":[{"name":"wp","href":"https:\/\/api.w.org\/{rel}","templated":true}]}}