{"id":23685,"date":"2022-11-02T09:40:14","date_gmt":"2022-11-02T12:40:14","guid":{"rendered":"https:\/\/radiorevelacionfm.cl\/?p=23685"},"modified":"2022-11-02T09:40:14","modified_gmt":"2022-11-02T12:40:14","slug":"instituto-de-prevision-social-con-espiritu-regionalista-asumio-nuevo-consejo-de-la-sociedad-civil","status":"publish","type":"post","link":"https:\/\/radiorevelacionfm.cl\/?p=23685","title":{"rendered":"Instituto de Previsi\u00f3n Social: Con esp\u00edritu regionalista asumi\u00f3 nuevo Consejo de la Sociedad Civil"},"content":{"rendered":"<div class=\"flex_column av_one_full  flex_column_div av-zero-column-padding first  avia-builder-el-0  el_before_av_one_full  avia-builder-el-first  \" style='border-radius:0px; '><div  class='avia-image-container  av-styling-    avia-builder-el-1  avia-builder-el-no-sibling  avia-align-center '  itemprop=\"image\" itemscope=\"itemscope\" itemtype=\"https:\/\/schema.org\/ImageObject\"  ><div class='avia-image-container-inner'><div class='avia-image-overlay-wrap'><img decoding=\"async\" class='wp-image-23686 avia-img-lazy-loading-not-23686 avia_image' src=\"https:\/\/radiorevelacionfm.cl\/wp-content\/uploads\/2022\/11\/cosoc_ips-15-b-1_optimized.jpg\" alt='' title='cosoc_ips-(15)-b-(1)_optimized' height=\"600\" width=\"823\"  itemprop=\"thumbnailUrl\" srcset=\"https:\/\/radiorevelacionfm.cl\/wp-content\/uploads\/2022\/11\/cosoc_ips-15-b-1_optimized.jpg 823w, https:\/\/radiorevelacionfm.cl\/wp-content\/uploads\/2022\/11\/cosoc_ips-15-b-1_optimized-300x219.jpg 300w, https:\/\/radiorevelacionfm.cl\/wp-content\/uploads\/2022\/11\/cosoc_ips-15-b-1_optimized-768x560.jpg 768w, https:\/\/radiorevelacionfm.cl\/wp-content\/uploads\/2022\/11\/cosoc_ips-15-b-1_optimized-705x514.jpg 705w, https:\/\/radiorevelacionfm.cl\/wp-content\/uploads\/2022\/11\/cosoc_ips-15-b-1_optimized-600x437.jpg 600w\" sizes=\"(max-width: 823px) 100vw, 823px\" \/><\/div><\/div><\/div><\/div><div class=\"flex_column av_one_full  flex_column_div av-zero-column-padding first  avia-builder-el-2  el_after_av_one_full  el_before_av_one_full  column-top-margin\" style='border-radius:0px; '><section class=\"av_textblock_section \"  itemscope=\"itemscope\" itemtype=\"https:\/\/schema.org\/BlogPosting\" itemprop=\"blogPost\" ><div class='avia_textblock  '   itemprop=\"text\" ><p style=\"text-align: center;\"><strong><span style=\"font-size: 18pt;\">Instituto de Previsi\u00f3n Social: Con esp\u00edritu regionalista asumi\u00f3 nuevo Consejo de la Sociedad Civil<\/span><\/strong><\/p>\n<div id=\"gtx-trans\" style=\"position: absolute; left: -50px; top: 4.31534px;\">\n<div class=\"gtx-trans-icon\"><\/div>\n<\/div>\n<\/div><\/section><\/div><div class=\"flex_column av_one_full  flex_column_div av-zero-column-padding first  avia-builder-el-4  el_after_av_one_full  el_before_av_hr  column-top-margin\" style='border-radius:0px; '><section class=\"av_textblock_section \"  itemscope=\"itemscope\" itemtype=\"https:\/\/schema.org\/BlogPosting\" itemprop=\"blogPost\" ><div class='avia_textblock  '   itemprop=\"text\" ><p class=\"v1MsoNormal\" style=\"text-align: justify;\"><span lang=\"ES\">En dependencias del Instituto de Previsi\u00f3n Social &#8211; IPS, se conform\u00f3 el Consejo Consultivo de la Sociedad Civil, COSOC IPS Regi\u00f3n de Ays\u00e9n, periodo 2022-2024. En esta oportunidad, con la participaci\u00f3n de seis organizaciones, pertenecientes a las comunas de Ays\u00e9n y Coyhaique.<\/span><\/p>\n<p class=\"v1MsoNormal\" style=\"text-align: justify;\"><span lang=\"ES\">Entre las organizaciones integrantes, se mantienen desde hace al menos tres per\u00edodos la Agrupaci\u00f3n de Ciegos de la Patagonia, Acipa (Ex Cadvi); y la Agrupaci\u00f3n Visi\u00f3n de Futuro, de Puerto Ays\u00e9n, representadas esta vez por Jos\u00e9 Omar Vidal y Mar\u00eda Alejandra Ojeda Finlez, respectivamente. A ellas, se sumaron en estas \u00faltimas elecciones tres nuevos organismos sociales: la Uni\u00f3n Nacional de Pensionados (UNAP), representada por V\u00edctor Soto Guzm\u00e1n; la Fundaci\u00f3n de las Familias (Funfa), con Rosa Silva Cuevas; la\u00a0Uni\u00f3n Comunal de Adultos (UCAM), con Jos\u00e9 Manuel Vivallo P\u00e9rez; y la Agrupaci\u00f3n Nacional de Empleadas de Casa Particular (Anecap), con Magdalena Hueitra Hueitra.<\/span><\/p>\n<p class=\"v1MsoNormal\" style=\"text-align: justify;\"><span lang=\"ES\">De acuerdo con el Reglamento Interno vigente, y con el objetivo de hacer del Cosoc una instancia plenamente participativa y democr\u00e1tica, en la primera reuni\u00f3n, se distribuyeron los cargos, seg\u00fan votaci\u00f3n interna. Quedando, finalmente, de la siguiente manera: V\u00edctor Soto, presidente del COSOC regional IPS Ays\u00e9n; Ma<span class=\"v1gmail_default\">r\u00eda<\/span>\u00a0Alejandra Ojeda, vicepresidenta; Rosa Silva, secretaria; Jos\u00e9 Manuel Vivallo y Magdalena Hueitra, consejeros.<\/span><\/p>\n<p class=\"v1MsoNormal\" style=\"text-align: justify;\"><span lang=\"ES\">El m\u00e1ximo dirigente electo, se refiri\u00f3 a esta instancia consultiva y a los distintos \u00e1mbitos de trabajo que tendr\u00e1n como directiva. \u00abHay una enorme cantidad de temas que tienen que ver precisamente con la previsi\u00f3n, fundamentalmente. Hemos contado con la valiosa presencia del Seremi del Trabajo y Previsi\u00f3n Social, Rodrigo D\u00edaz, \u00e9l nos ha clarificado muchas tem\u00e1ticas que nos dan pie para poder iniciar, en el pr\u00f3ximo tiempo, muy cercano, una planificaci\u00f3n del quehacer de este consejo\u00bb, se\u00f1al\u00f3 Soto Guzm\u00e1n.<\/span><\/p>\n<p class=\"v1MsoNormal\" style=\"text-align: justify;\"><span lang=\"ES\">Por otra parte, el nuevo presidente se refiri\u00f3 tambi\u00e9n a la importancia que para esta nueva directiva tiene la representatividad territorial de sus integrantes. \u00abEsperamos que sea lo m\u00e1s territorial posible, que asuma tambi\u00e9n los territorios. No todo sucede en la capital regional como Coyhaique;\u00a0<\/span><i><span lang=\"ES\">la idea es<\/span><\/i><span lang=\"ES\">\u00a0<\/span><i><span lang=\"ES\">que<\/span><\/i><span lang=\"ES\">\u00a0podamos tener presencia -ya buscaremos la manera de hacerlo- en todos los territorios, para poder llegar a mucha gente que requiere mucha informaci\u00f3n, sobre todo en este tiempo que se espera la tramitaci\u00f3n de leyes importantes en el tema de trabajo y previsi\u00f3n social\u00bb, concluy\u00f3 V\u00edctor. \u00a0<\/span><\/p>\n<p class=\"v1MsoNormal\" style=\"text-align: justify;\"><span lang=\"ES\">En este mismo tenor, el Seremi de Trabajo y Previsi\u00f3n Social, Rodrigo D\u00edaz, destac\u00f3 la pluralidad de las organizaciones existentes y la importancia de la participaci\u00f3n ciudadana, \u00abLos Consejos Consultivos de la Sociedad Civil nacen con el prop\u00f3sito que las instituciones dialoguen con las comunidades y sean los mismos consejeros las voces de la ciudadan\u00eda en los temas relevantes. Por ello, valoro enormemente el inter\u00e9s de estas seis organizaciones donde tenemos a adultos mayores, pensionados, organizaciones relacionadas con las familias y a agrupaciones de ciegos, de querer participar y ser un aporte al quehacer institucional del Instituto de Previsi\u00f3n Social, IPS ChileAtiende; \u00a0m\u00e1s a\u00fan cuando ellos mismos plantearon la importancia de ampliar la representatividad a otros territorios, relevando la importancia de llegar con informaci\u00f3n a todos los rincones de nuestra Regi\u00f3n de Ays\u00e9n, mismo esp\u00edritu que tenemos como Gobierno\u00bb, agregando, \u00abEn esta primera reuni\u00f3n tambi\u00e9n conversamos sobre los desaf\u00edos que tenemos, entre ellos, la Pensi\u00f3n Garantizada Universal, PGU, invitando a que todos se informen y postulen, y la reforma de pensiones que se presentar\u00e1 prontamente\u00bb, mencion\u00f3. \u00a0\u00a0<\/span><\/p>\n<p class=\"v1MsoNormal\" style=\"text-align: justify;\"><span lang=\"ES\">El Cosoc del IPS regi\u00f3n de Ays\u00e9n tiene una larga historia pues data del a\u00f1o 2011, y si bien la convocatoria a participar siempre ha sido a nivel regional, hasta ahora s\u00f3lo se han inscrito organizaciones de Coyhaique y Puerto Ays\u00e9n. No obstante, la actual tecnolog\u00eda permite reuniones de car\u00e1cter h\u00edbrido (presencial y virtual) lo que facilita mucho estas instancias en territorios como el nuestro. Por lo que la invitaci\u00f3n a las organizaciones interesadas queda abierta.<\/span><\/p>\n<p class=\"v1MsoNormal\" style=\"text-align: justify;\"><span lang=\"ES\">\u00a0<\/span><\/p>\n<\/div><\/section><\/div><div  style='height:50px' class='hr hr-invisible   avia-builder-el-6  el_after_av_one_full  el_before_av_social_share '><span class='hr-inner ' ><span class='hr-inner-style'><\/span><\/span><\/div><\/p>\n<div  class='av-social-sharing-box  avia-builder-el-7  el_after_av_hr  el_before_av_hr  '><div class='av-share-box'><h5 class='av-share-link-description av-no-toc '>Compartir esta noticia<\/h5><ul class='av-share-box-list noLightbox'><li class='av-share-link av-social-link-facebook' ><a target=\"_blank\" aria-label=\"Compartir en Facebook\" href='https:\/\/www.facebook.com\/sharer.php?u=https:\/\/radiorevelacionfm.cl\/?p=23685&#038;t=Instituto%20de%20Previsi%C3%B3n%20Social%3A%20Con%20esp%C3%ADritu%20regionalista%20asumi%C3%B3%20nuevo%20Consejo%20de%20la%20Sociedad%20Civil' aria-hidden='false' data-av_icon='\ue8f3' data-av_iconfont='entypo-fontello' title='' data-avia-related-tooltip='Compartir en Facebook' rel=\"noopener\"><span class='avia_hidden_link_text'>Compartir en Facebook<\/span><\/a><\/li><li class='av-share-link av-social-link-twitter' ><a target=\"_blank\" aria-label=\"Compartir en Twitter\" href='https:\/\/twitter.com\/share?text=Instituto%20de%20Previsi%C3%B3n%20Social%3A%20Con%20esp%C3%ADritu%20regionalista%20asumi%C3%B3%20nuevo%20Consejo%20de%20la%20Sociedad%20Civil&#038;url=https:\/\/radiorevelacionfm.cl\/?p=23685' aria-hidden='false' data-av_icon='\ue8f1' data-av_iconfont='entypo-fontello' title='' data-avia-related-tooltip='Compartir en Twitter' rel=\"noopener\"><span class='avia_hidden_link_text'>Compartir en Twitter<\/span><\/a><\/li><li class='av-share-link av-social-link-whatsapp' ><a target=\"_blank\" aria-label=\"Compartir en Whatsapp\" href='https:\/\/api.whatsapp.com\/send?text=https:\/\/radiorevelacionfm.cl\/?p=23685' aria-hidden='false' data-av_icon='\uf232' data-av_iconfont='entypo-fontello' title='' data-avia-related-tooltip='Compartir en Whatsapp' rel=\"noopener\"><span class='avia_hidden_link_text'>Compartir en Whatsapp<\/span><\/a><\/li><li class='av-share-link av-social-link-linkedin' ><a target=\"_blank\" aria-label=\"Compartir en LinkedIn\" href='https:\/\/linkedin.com\/shareArticle?mini=true&#038;title=Instituto%20de%20Previsi%C3%B3n%20Social%3A%20Con%20esp%C3%ADritu%20regionalista%20asumi%C3%B3%20nuevo%20Consejo%20de%20la%20Sociedad%20Civil&#038;url=https:\/\/radiorevelacionfm.cl\/?p=23685' aria-hidden='false' data-av_icon='\ue8fc' data-av_iconfont='entypo-fontello' title='' data-avia-related-tooltip='Compartir en LinkedIn' rel=\"noopener\"><span class='avia_hidden_link_text'>Compartir en LinkedIn<\/span><\/a><\/li><li class='av-share-link av-social-link-mail' ><a  aria-label=\"Compartir por correo\" href='mailto:?subject=Instituto%20de%20Previsi%C3%B3n%20Social%3A%20Con%20esp%C3%ADritu%20regionalista%20asumi%C3%B3%20nuevo%20Consejo%20de%20la%20Sociedad%20Civil&#038;body=https:\/\/radiorevelacionfm.cl\/?p=23685' aria-hidden='false' data-av_icon='\ue805' data-av_iconfont='entypo-fontello' title='' data-avia-related-tooltip='Compartir por correo'><span class='avia_hidden_link_text'>Compartir por correo<\/span><\/a><\/li><\/ul><\/div><\/div>\n<div  style='height:50px' class='hr hr-invisible   avia-builder-el-8  el_after_av_social_share  el_before_av_comments_list '><span class='hr-inner ' ><span class='hr-inner-style'><\/span><\/span><\/div>\n<div  class='av-buildercomment  av-blog-meta-html-info-disabled av-blog-meta-tag-disabled  '><\/div>\n","protected":false},"excerpt":{"rendered":"","protected":false},"author":1,"featured_media":23686,"comment_status":"open","ping_status":"open","sticky":false,"template":"","format":"standard","meta":{"footnotes":""},"categories":[38],"tags":[],"class_list":["post-23685","post","type-post","status-publish","format-standard","has-post-thumbnail","hentry","category-regional"],"jetpack_featured_media_url":"https:\/\/radiorevelacionfm.cl\/wp-content\/uploads\/2022\/11\/cosoc_ips-15-b-1_optimized.jpg","_links":{"self":[{"href":"https:\/\/radiorevelacionfm.cl\/index.php?rest_route=\/wp\/v2\/posts\/23685","targetHints":{"allow":["GET"]}}],"collection":[{"href":"https:\/\/radiorevelacionfm.cl\/index.php?rest_route=\/wp\/v2\/posts"}],"about":[{"href":"https:\/\/radiorevelacionfm.cl\/index.php?rest_route=\/wp\/v2\/types\/post"}],"author":[{"embeddable":true,"href":"https:\/\/radiorevelacionfm.cl\/index.php?rest_route=\/wp\/v2\/users\/1"}],"replies":[{"embeddable":true,"href":"https:\/\/radiorevelacionfm.cl\/index.php?rest_route=%2Fwp%2Fv2%2Fcomments&post=23685"}],"version-history":[{"count":2,"href":"https:\/\/radiorevelacionfm.cl\/index.php?rest_route=\/wp\/v2\/posts\/23685\/revisions"}],"predecessor-version":[{"id":23707,"href":"https:\/\/radiorevelacionfm.cl\/index.php?rest_route=\/wp\/v2\/posts\/23685\/revisions\/23707"}],"wp:featuredmedia":[{"embeddable":true,"href":"https:\/\/radiorevelacionfm.cl\/index.php?rest_route=\/wp\/v2\/media\/23686"}],"wp:attachment":[{"href":"https:\/\/radiorevelacionfm.cl\/index.php?rest_route=%2Fwp%2Fv2%2Fmedia&parent=23685"}],"wp:term":[{"taxonomy":"category","embeddable":true,"href":"https:\/\/radiorevelacionfm.cl\/index.php?rest_route=%2Fwp%2Fv2%2Fcategories&post=23685"},{"taxonomy":"post_tag","embeddable":true,"href":"https:\/\/radiorevelacionfm.cl\/index.php?rest_route=%2Fwp%2Fv2%2Ftags&post=23685"}],"curies":[{"name":"wp","href":"https:\/\/api.w.org\/{rel}","templated":true}]}}