{"id":23680,"date":"2022-10-29T20:30:30","date_gmt":"2022-10-29T23:30:30","guid":{"rendered":"https:\/\/radiorevelacionfm.cl\/?p=23680"},"modified":"2022-10-29T20:30:30","modified_gmt":"2022-10-29T23:30:30","slug":"orquesta-sinfonica-juvenil-de-aysen-presentara-un-concierto-de-gala-gratuito-en-la-catedral-de-coyhaique","status":"publish","type":"post","link":"https:\/\/radiorevelacionfm.cl\/?p=23680","title":{"rendered":"Orquesta Sinf\u00f3nica Juvenil de Ays\u00e9n presentar\u00e1 un concierto de gala gratuito en la Catedral de Coyhaique"},"content":{"rendered":"<div class=\"flex_column av_one_full  flex_column_div av-zero-column-padding first  avia-builder-el-0  el_before_av_one_full  avia-builder-el-first  \" style='border-radius:0px; '><div  class='avia-image-container  av-styling-    avia-builder-el-1  avia-builder-el-no-sibling  avia-align-center '  itemprop=\"image\" itemscope=\"itemscope\" itemtype=\"https:\/\/schema.org\/ImageObject\"  ><div class='avia-image-container-inner'><div class='avia-image-overlay-wrap'><img decoding=\"async\" class='wp-image-23681 avia-img-lazy-loading-not-23681 avia_image' src=\"https:\/\/radiorevelacionfm.cl\/wp-content\/uploads\/2022\/10\/foji-1-1_optimized.jpg\" alt='' title='foji-1-(1)_optimized' height=\"600\" width=\"900\"  itemprop=\"thumbnailUrl\" srcset=\"https:\/\/radiorevelacionfm.cl\/wp-content\/uploads\/2022\/10\/foji-1-1_optimized.jpg 900w, https:\/\/radiorevelacionfm.cl\/wp-content\/uploads\/2022\/10\/foji-1-1_optimized-300x200.jpg 300w, https:\/\/radiorevelacionfm.cl\/wp-content\/uploads\/2022\/10\/foji-1-1_optimized-768x512.jpg 768w, https:\/\/radiorevelacionfm.cl\/wp-content\/uploads\/2022\/10\/foji-1-1_optimized-705x470.jpg 705w, https:\/\/radiorevelacionfm.cl\/wp-content\/uploads\/2022\/10\/foji-1-1_optimized-600x400.jpg 600w\" sizes=\"(max-width: 900px) 100vw, 900px\" \/><\/div><\/div><\/div><\/div><div class=\"flex_column av_one_full  flex_column_div av-zero-column-padding first  avia-builder-el-2  el_after_av_one_full  el_before_av_one_full  column-top-margin\" style='border-radius:0px; '><section class=\"av_textblock_section \"  itemscope=\"itemscope\" itemtype=\"https:\/\/schema.org\/BlogPosting\" itemprop=\"blogPost\" ><div class='avia_textblock  '   itemprop=\"text\" ><p style=\"text-align: center;\"><strong><span style=\"font-size: 18pt;\">Orquesta Sinf\u00f3nica Juvenil de Ays\u00e9n presentar\u00e1 un concierto de gala gratuito en la Catedral de Coyhaique<\/span><\/strong><\/p>\n<div id=\"gtx-trans\" style=\"position: absolute; left: -50px; top: 4.31534px;\">\n<div class=\"gtx-trans-icon\"><\/div>\n<\/div>\n<\/div><\/section><\/div><div class=\"flex_column av_one_full  flex_column_div av-zero-column-padding first  avia-builder-el-4  el_after_av_one_full  el_before_av_hr  column-top-margin\" style='border-radius:0px; '><section class=\"av_textblock_section \"  itemscope=\"itemscope\" itemtype=\"https:\/\/schema.org\/BlogPosting\" itemprop=\"blogPost\" ><div class='avia_textblock  '   itemprop=\"text\" ><p style=\"font-weight: 400; text-align: justify;\">La Orquesta Sinf\u00f3nica Juvenil Regional de Ays\u00e9n (OSJR), dependiente de la Fundaci\u00f3n de Orquestas Juveniles e Infantiles de Chile (FOJI), realizar\u00e1 su concierto de gala, el pr\u00f3ximo domingo 30 de octubre, a las 20 horas, en la Catedral de Coyhaique. La entrada al evento es gratuita y el ingreso ser\u00e1 por orden de llegada.<\/p>\n<p style=\"font-weight: 400; text-align: justify;\">\u201cInvitamos a toda la comunidad a participar de este concierto, a vivir y sentir la m\u00fasica a trav\u00e9s de la Orquesta Sinf\u00f3nica Juvenil Regional de Ays\u00e9n. Ha sido un a\u00f1o intenso, de mucha preparaci\u00f3n, en donde todo el equipo de la regi\u00f3n ha trabajado much\u00edsimo para presentar un espect\u00e1culo de muy buen nivel. Apoyemos a los m\u00fasicos y m\u00fasicas de la orquesta regional asistiendo al concierto y entregando nuestro cari\u00f1o a trav\u00e9s de los aplausos\u201d, coment\u00f3 Alicia Pardo directora del \u00e1rea Regional de FOJI.<\/p>\n<p style=\"font-weight: 400; text-align: justify;\">\u201cComo Fundaci\u00f3n estamos convencidos que la pr\u00e1ctica orquestal transforma la vida de nuestras ni\u00f1as, ni\u00f1os y j\u00f3venes, por eso nuestro foco est\u00e1 puesto en la transversalidad en un Chile multicultural, lleno de distintas realidades. La invitaci\u00f3n es a participar y apoyar estos eventos culturales en todo el pa\u00eds\u201d, se\u00f1al\u00f3 Miguel Far\u00edas, director ejecutivo de la FOJI.<\/p>\n<p style=\"font-weight: 400; text-align: justify;\">La orquesta nace el a\u00f1o 2010 y es una de las quince agrupaciones sinf\u00f3nicas de j\u00f3venes creadas en cada una de las regiones del pa\u00eds, con motivo de la conmemoraci\u00f3n del Bicentenario de la Rep\u00fablica de Chile.<\/p>\n<p style=\"font-weight: 400; text-align: justify;\">Desde su creaci\u00f3n, la orquesta se ha presentado en escenarios como la Catedral de Coyhaique, Casa de la Cultura de Puerto Ays\u00e9n, Centro Cultural de Coyhaique, Museo Regional de Ays\u00e9n, Colegio Diego Portales, Cine Municipal de Puerto Ays\u00e9n, Museo Regional de Coyhaique y sobre el Buque Sargento Aldea de la Armada de Chile, en el marco de la operaci\u00f3n M\u00e9dico-Naval Machit\u00fan Antares en la localidad de Chacabuco, participando adem\u00e1s de encuentros nacionales de orquestas juveniles e infantiles organizados por la FOJI.<\/p>\n<\/div><\/section><\/div><div  style='height:50px' class='hr hr-invisible   avia-builder-el-6  el_after_av_one_full  el_before_av_social_share '><span class='hr-inner ' ><span class='hr-inner-style'><\/span><\/span><\/div><\/p>\n<div  class='av-social-sharing-box  avia-builder-el-7  el_after_av_hr  el_before_av_hr  '><div class='av-share-box'><h5 class='av-share-link-description av-no-toc '>Compartir esta noticia<\/h5><ul class='av-share-box-list noLightbox'><li class='av-share-link av-social-link-facebook' ><a target=\"_blank\" aria-label=\"Compartir en Facebook\" href='https:\/\/www.facebook.com\/sharer.php?u=https:\/\/radiorevelacionfm.cl\/?p=23680&#038;t=Orquesta%20Sinf%C3%B3nica%20Juvenil%20de%20Ays%C3%A9n%20presentar%C3%A1%20un%20concierto%20de%20gala%20gratuito%20en%20la%20Catedral%20de%20Coyhaique' aria-hidden='false' data-av_icon='\ue8f3' data-av_iconfont='entypo-fontello' title='' data-avia-related-tooltip='Compartir en Facebook' rel=\"noopener\"><span class='avia_hidden_link_text'>Compartir en Facebook<\/span><\/a><\/li><li class='av-share-link av-social-link-twitter' ><a target=\"_blank\" aria-label=\"Compartir en Twitter\" href='https:\/\/twitter.com\/share?text=Orquesta%20Sinf%C3%B3nica%20Juvenil%20de%20Ays%C3%A9n%20presentar%C3%A1%20un%20concierto%20de%20gala%20gratuito%20en%20la%20Catedral%20de%20Coyhaique&#038;url=https:\/\/radiorevelacionfm.cl\/?p=23680' aria-hidden='false' data-av_icon='\ue8f1' data-av_iconfont='entypo-fontello' title='' data-avia-related-tooltip='Compartir en Twitter' rel=\"noopener\"><span class='avia_hidden_link_text'>Compartir en Twitter<\/span><\/a><\/li><li class='av-share-link av-social-link-whatsapp' ><a target=\"_blank\" aria-label=\"Compartir en Whatsapp\" href='https:\/\/api.whatsapp.com\/send?text=https:\/\/radiorevelacionfm.cl\/?p=23680' aria-hidden='false' data-av_icon='\uf232' data-av_iconfont='entypo-fontello' title='' data-avia-related-tooltip='Compartir en Whatsapp' rel=\"noopener\"><span class='avia_hidden_link_text'>Compartir en Whatsapp<\/span><\/a><\/li><li class='av-share-link av-social-link-linkedin' ><a target=\"_blank\" aria-label=\"Compartir en LinkedIn\" href='https:\/\/linkedin.com\/shareArticle?mini=true&#038;title=Orquesta%20Sinf%C3%B3nica%20Juvenil%20de%20Ays%C3%A9n%20presentar%C3%A1%20un%20concierto%20de%20gala%20gratuito%20en%20la%20Catedral%20de%20Coyhaique&#038;url=https:\/\/radiorevelacionfm.cl\/?p=23680' aria-hidden='false' data-av_icon='\ue8fc' data-av_iconfont='entypo-fontello' title='' data-avia-related-tooltip='Compartir en LinkedIn' rel=\"noopener\"><span class='avia_hidden_link_text'>Compartir en LinkedIn<\/span><\/a><\/li><li class='av-share-link av-social-link-mail' ><a  aria-label=\"Compartir por correo\" href='mailto:?subject=Orquesta%20Sinf%C3%B3nica%20Juvenil%20de%20Ays%C3%A9n%20presentar%C3%A1%20un%20concierto%20de%20gala%20gratuito%20en%20la%20Catedral%20de%20Coyhaique&#038;body=https:\/\/radiorevelacionfm.cl\/?p=23680' aria-hidden='false' data-av_icon='\ue805' data-av_iconfont='entypo-fontello' title='' data-avia-related-tooltip='Compartir por correo'><span class='avia_hidden_link_text'>Compartir por correo<\/span><\/a><\/li><\/ul><\/div><\/div>\n<div  style='height:50px' class='hr hr-invisible   avia-builder-el-8  el_after_av_social_share  el_before_av_comments_list '><span class='hr-inner ' ><span class='hr-inner-style'><\/span><\/span><\/div>\n<div  class='av-buildercomment  av-blog-meta-html-info-disabled av-blog-meta-tag-disabled  '><\/div>\n","protected":false},"excerpt":{"rendered":"","protected":false},"author":1,"featured_media":23681,"comment_status":"open","ping_status":"open","sticky":false,"template":"","format":"standard","meta":{"footnotes":""},"categories":[43],"tags":[],"class_list":["post-23680","post","type-post","status-publish","format-standard","has-post-thumbnail","hentry","category-musica"],"jetpack_featured_media_url":"https:\/\/radiorevelacionfm.cl\/wp-content\/uploads\/2022\/10\/foji-1-1_optimized.jpg","_links":{"self":[{"href":"https:\/\/radiorevelacionfm.cl\/index.php?rest_route=\/wp\/v2\/posts\/23680","targetHints":{"allow":["GET"]}}],"collection":[{"href":"https:\/\/radiorevelacionfm.cl\/index.php?rest_route=\/wp\/v2\/posts"}],"about":[{"href":"https:\/\/radiorevelacionfm.cl\/index.php?rest_route=\/wp\/v2\/types\/post"}],"author":[{"embeddable":true,"href":"https:\/\/radiorevelacionfm.cl\/index.php?rest_route=\/wp\/v2\/users\/1"}],"replies":[{"embeddable":true,"href":"https:\/\/radiorevelacionfm.cl\/index.php?rest_route=%2Fwp%2Fv2%2Fcomments&post=23680"}],"version-history":[{"count":2,"href":"https:\/\/radiorevelacionfm.cl\/index.php?rest_route=\/wp\/v2\/posts\/23680\/revisions"}],"predecessor-version":[{"id":23683,"href":"https:\/\/radiorevelacionfm.cl\/index.php?rest_route=\/wp\/v2\/posts\/23680\/revisions\/23683"}],"wp:featuredmedia":[{"embeddable":true,"href":"https:\/\/radiorevelacionfm.cl\/index.php?rest_route=\/wp\/v2\/media\/23681"}],"wp:attachment":[{"href":"https:\/\/radiorevelacionfm.cl\/index.php?rest_route=%2Fwp%2Fv2%2Fmedia&parent=23680"}],"wp:term":[{"taxonomy":"category","embeddable":true,"href":"https:\/\/radiorevelacionfm.cl\/index.php?rest_route=%2Fwp%2Fv2%2Fcategories&post=23680"},{"taxonomy":"post_tag","embeddable":true,"href":"https:\/\/radiorevelacionfm.cl\/index.php?rest_route=%2Fwp%2Fv2%2Ftags&post=23680"}],"curies":[{"name":"wp","href":"https:\/\/api.w.org\/{rel}","templated":true}]}}