{"id":23676,"date":"2022-10-29T12:45:56","date_gmt":"2022-10-29T15:45:56","guid":{"rendered":"https:\/\/radiorevelacionfm.cl\/?p=23676"},"modified":"2022-10-29T12:45:56","modified_gmt":"2022-10-29T15:45:56","slug":"personal-de-ejercito-se-capacita-para-combatir-incendios-forestales","status":"publish","type":"post","link":"https:\/\/radiorevelacionfm.cl\/?p=23676","title":{"rendered":"Personal de Ej\u00e9rcito se capacita para combatir incendios forestales"},"content":{"rendered":"<div class=\"flex_column av_one_full  flex_column_div av-zero-column-padding first  avia-builder-el-0  el_before_av_one_full  avia-builder-el-first  \" style='border-radius:0px; '><div  class='avia-image-container  av-styling-    avia-builder-el-1  avia-builder-el-no-sibling  avia-align-center '  itemprop=\"image\" itemscope=\"itemscope\" itemtype=\"https:\/\/schema.org\/ImageObject\"  ><div class='avia-image-container-inner'><div class='avia-image-overlay-wrap'><img decoding=\"async\" class='wp-image-23677 avia-img-lazy-loading-not-23677 avia_image' src=\"https:\/\/radiorevelacionfm.cl\/wp-content\/uploads\/2022\/10\/FgExeYVXgAIkTgr-1-1.jpg\" alt='' title='FgExeYVXgAIkTgr (1) (1)' height=\"600\" width=\"809\"  itemprop=\"thumbnailUrl\" srcset=\"https:\/\/radiorevelacionfm.cl\/wp-content\/uploads\/2022\/10\/FgExeYVXgAIkTgr-1-1.jpg 809w, https:\/\/radiorevelacionfm.cl\/wp-content\/uploads\/2022\/10\/FgExeYVXgAIkTgr-1-1-300x222.jpg 300w, https:\/\/radiorevelacionfm.cl\/wp-content\/uploads\/2022\/10\/FgExeYVXgAIkTgr-1-1-768x570.jpg 768w, https:\/\/radiorevelacionfm.cl\/wp-content\/uploads\/2022\/10\/FgExeYVXgAIkTgr-1-1-705x523.jpg 705w, https:\/\/radiorevelacionfm.cl\/wp-content\/uploads\/2022\/10\/FgExeYVXgAIkTgr-1-1-600x445.jpg 600w\" sizes=\"(max-width: 809px) 100vw, 809px\" \/><\/div><\/div><\/div><\/div><div class=\"flex_column av_one_full  flex_column_div av-zero-column-padding first  avia-builder-el-2  el_after_av_one_full  el_before_av_one_full  column-top-margin\" style='border-radius:0px; '><section class=\"av_textblock_section \"  itemscope=\"itemscope\" itemtype=\"https:\/\/schema.org\/BlogPosting\" itemprop=\"blogPost\" ><div class='avia_textblock  '   itemprop=\"text\" ><p style=\"text-align: center;\"><strong><span style=\"font-size: 18pt;\">Personal de Ej\u00e9rcito se capacita para combatir incendios forestales<\/span><\/strong><\/p>\n<div id=\"gtx-trans\" style=\"position: absolute; left: -50px; top: 4.31534px;\">\n<div class=\"gtx-trans-icon\"><\/div>\n<\/div>\n<\/div><\/section><\/div><div class=\"flex_column av_one_full  flex_column_div av-zero-column-padding first  avia-builder-el-4  el_after_av_one_full  el_before_av_hr  column-top-margin\" style='border-radius:0px; '><section class=\"av_textblock_section \"  itemscope=\"itemscope\" itemtype=\"https:\/\/schema.org\/BlogPosting\" itemprop=\"blogPost\" ><div class='avia_textblock  '   itemprop=\"text\" ><p style=\"text-align: justify;\">Estar preparados para actuar ante un eventual incendio forestal, sobre todo en temporada estival, \u00e9poca en la cual los riesgos de incendios forestales aumentan considerablemente en la Regi\u00f3n de Ays\u00e9n, fue el objetivo del curso \u201cCombate de Incendios Forestales\u201d dictado por CONAF al personal de planta y soldados conscriptos del Destacamento Motorizado N\u00b014 \u201cAys\u00e9n\u201d perteneciente a la IV Divisi\u00f3n de Ej\u00e9rcito, con la finalidad de ser acreditados como Brigadistas de Refuerzos de Incendios Forestales del Ej\u00e9rcito (BRIFEs).<span id=\"more-105454\"><\/span><\/p>\n<p style=\"text-align: justify;\">La capacitaci\u00f3n contempl\u00f3 una fase te\u00f3rica la cual abord\u00f3 temas sobre protecci\u00f3n, realidad regional incendios forestales, comportamiento, combate, seguridad entre otros, sumado a una jornada pr\u00e1ctica lo que les permiti\u00f3 a los efectivos conocer y utilizar las herramientas que se utilizan para el control o prevenci\u00f3n de los incendios forestales.<\/p>\n<p style=\"text-align: justify;\">La capacitaci\u00f3n realizada por CONAF, les permite a las Brigadas de Refuerzos de Incendios Forestales del Ej\u00e9rcito, trabajar como cortafuegos que circunscribe a un incendio forestal, con el objetivo de impedir que el fuego se propague, despleg\u00e1ndose en segunda l\u00ednea en el combate del siniestro.<\/p>\n<p style=\"text-align: justify;\">Finalmente, destacar el trabajo en equipo y coordinado por ambas instituciones, cuyo objetivo en com\u00fan es apoyar y ayudar a la comunidad durante los incendios.<\/p>\n<\/div><\/section><\/div><div  style='height:50px' class='hr hr-invisible   avia-builder-el-6  el_after_av_one_full  el_before_av_social_share '><span class='hr-inner ' ><span class='hr-inner-style'><\/span><\/span><\/div><\/p>\n<div  class='av-social-sharing-box  avia-builder-el-7  el_after_av_hr  el_before_av_hr  '><div class='av-share-box'><h5 class='av-share-link-description av-no-toc '>Compartir esta noticia<\/h5><ul class='av-share-box-list noLightbox'><li class='av-share-link av-social-link-facebook' ><a target=\"_blank\" aria-label=\"Compartir en Facebook\" href='https:\/\/www.facebook.com\/sharer.php?u=https:\/\/radiorevelacionfm.cl\/?p=23676&#038;t=Personal%20de%20Ej%C3%A9rcito%20se%20capacita%20para%20combatir%20incendios%20forestales' aria-hidden='false' data-av_icon='\ue8f3' data-av_iconfont='entypo-fontello' title='' data-avia-related-tooltip='Compartir en Facebook' rel=\"noopener\"><span class='avia_hidden_link_text'>Compartir en Facebook<\/span><\/a><\/li><li class='av-share-link av-social-link-twitter' ><a target=\"_blank\" aria-label=\"Compartir en Twitter\" href='https:\/\/twitter.com\/share?text=Personal%20de%20Ej%C3%A9rcito%20se%20capacita%20para%20combatir%20incendios%20forestales&#038;url=https:\/\/radiorevelacionfm.cl\/?p=23676' aria-hidden='false' data-av_icon='\ue8f1' data-av_iconfont='entypo-fontello' title='' data-avia-related-tooltip='Compartir en Twitter' rel=\"noopener\"><span class='avia_hidden_link_text'>Compartir en Twitter<\/span><\/a><\/li><li class='av-share-link av-social-link-whatsapp' ><a target=\"_blank\" aria-label=\"Compartir en Whatsapp\" href='https:\/\/api.whatsapp.com\/send?text=https:\/\/radiorevelacionfm.cl\/?p=23676' aria-hidden='false' data-av_icon='\uf232' data-av_iconfont='entypo-fontello' title='' data-avia-related-tooltip='Compartir en Whatsapp' rel=\"noopener\"><span class='avia_hidden_link_text'>Compartir en Whatsapp<\/span><\/a><\/li><li class='av-share-link av-social-link-linkedin' ><a target=\"_blank\" aria-label=\"Compartir en LinkedIn\" href='https:\/\/linkedin.com\/shareArticle?mini=true&#038;title=Personal%20de%20Ej%C3%A9rcito%20se%20capacita%20para%20combatir%20incendios%20forestales&#038;url=https:\/\/radiorevelacionfm.cl\/?p=23676' aria-hidden='false' data-av_icon='\ue8fc' data-av_iconfont='entypo-fontello' title='' data-avia-related-tooltip='Compartir en LinkedIn' rel=\"noopener\"><span class='avia_hidden_link_text'>Compartir en LinkedIn<\/span><\/a><\/li><li class='av-share-link av-social-link-mail' ><a  aria-label=\"Compartir por correo\" href='mailto:?subject=Personal%20de%20Ej%C3%A9rcito%20se%20capacita%20para%20combatir%20incendios%20forestales&#038;body=https:\/\/radiorevelacionfm.cl\/?p=23676' aria-hidden='false' data-av_icon='\ue805' data-av_iconfont='entypo-fontello' title='' data-avia-related-tooltip='Compartir por correo'><span class='avia_hidden_link_text'>Compartir por correo<\/span><\/a><\/li><\/ul><\/div><\/div>\n<div  style='height:50px' class='hr hr-invisible   avia-builder-el-8  el_after_av_social_share  el_before_av_comments_list '><span class='hr-inner ' ><span class='hr-inner-style'><\/span><\/span><\/div>\n<div  class='av-buildercomment  av-blog-meta-html-info-disabled av-blog-meta-tag-disabled  '><\/div>\n","protected":false},"excerpt":{"rendered":"","protected":false},"author":1,"featured_media":23677,"comment_status":"open","ping_status":"open","sticky":false,"template":"","format":"standard","meta":{"footnotes":""},"categories":[38],"tags":[],"class_list":["post-23676","post","type-post","status-publish","format-standard","has-post-thumbnail","hentry","category-regional"],"jetpack_featured_media_url":"https:\/\/radiorevelacionfm.cl\/wp-content\/uploads\/2022\/10\/FgExeYVXgAIkTgr-1-1.jpg","_links":{"self":[{"href":"https:\/\/radiorevelacionfm.cl\/index.php?rest_route=\/wp\/v2\/posts\/23676","targetHints":{"allow":["GET"]}}],"collection":[{"href":"https:\/\/radiorevelacionfm.cl\/index.php?rest_route=\/wp\/v2\/posts"}],"about":[{"href":"https:\/\/radiorevelacionfm.cl\/index.php?rest_route=\/wp\/v2\/types\/post"}],"author":[{"embeddable":true,"href":"https:\/\/radiorevelacionfm.cl\/index.php?rest_route=\/wp\/v2\/users\/1"}],"replies":[{"embeddable":true,"href":"https:\/\/radiorevelacionfm.cl\/index.php?rest_route=%2Fwp%2Fv2%2Fcomments&post=23676"}],"version-history":[{"count":2,"href":"https:\/\/radiorevelacionfm.cl\/index.php?rest_route=\/wp\/v2\/posts\/23676\/revisions"}],"predecessor-version":[{"id":23679,"href":"https:\/\/radiorevelacionfm.cl\/index.php?rest_route=\/wp\/v2\/posts\/23676\/revisions\/23679"}],"wp:featuredmedia":[{"embeddable":true,"href":"https:\/\/radiorevelacionfm.cl\/index.php?rest_route=\/wp\/v2\/media\/23677"}],"wp:attachment":[{"href":"https:\/\/radiorevelacionfm.cl\/index.php?rest_route=%2Fwp%2Fv2%2Fmedia&parent=23676"}],"wp:term":[{"taxonomy":"category","embeddable":true,"href":"https:\/\/radiorevelacionfm.cl\/index.php?rest_route=%2Fwp%2Fv2%2Fcategories&post=23676"},{"taxonomy":"post_tag","embeddable":true,"href":"https:\/\/radiorevelacionfm.cl\/index.php?rest_route=%2Fwp%2Fv2%2Ftags&post=23676"}],"curies":[{"name":"wp","href":"https:\/\/api.w.org\/{rel}","templated":true}]}}