{"id":23665,"date":"2022-10-29T10:26:57","date_gmt":"2022-10-29T13:26:57","guid":{"rendered":"https:\/\/radiorevelacionfm.cl\/?p=23665"},"modified":"2022-10-29T10:26:57","modified_gmt":"2022-10-29T13:26:57","slug":"7-fndr-gobierno-regional-apoya-iniciativas-de-74-organizaciones-sociales","status":"publish","type":"post","link":"https:\/\/radiorevelacionfm.cl\/?p=23665","title":{"rendered":"7% FNDR: Gobierno Regional apoya iniciativas de 74 organizaciones sociales"},"content":{"rendered":"<div class=\"flex_column av_one_full  flex_column_div av-zero-column-padding first  avia-builder-el-0  el_before_av_one_full  avia-builder-el-first  \" style='border-radius:0px; '><div  class='avia-image-container  av-styling-    avia-builder-el-1  avia-builder-el-no-sibling  avia-align-center '  itemprop=\"image\" itemscope=\"itemscope\" itemtype=\"https:\/\/schema.org\/ImageObject\"  ><div class='avia-image-container-inner'><div class='avia-image-overlay-wrap'><img decoding=\"async\" class='wp-image-23666 avia-img-lazy-loading-not-23666 avia_image' src=\"https:\/\/radiorevelacionfm.cl\/wp-content\/uploads\/2022\/10\/Puerto-Aysen-3-1.jpeg\" alt='' title='Puerto Ays\u00e9n 3 (1)' height=\"600\" width=\"900\"  itemprop=\"thumbnailUrl\" srcset=\"https:\/\/radiorevelacionfm.cl\/wp-content\/uploads\/2022\/10\/Puerto-Aysen-3-1.jpeg 900w, https:\/\/radiorevelacionfm.cl\/wp-content\/uploads\/2022\/10\/Puerto-Aysen-3-1-300x200.jpeg 300w, https:\/\/radiorevelacionfm.cl\/wp-content\/uploads\/2022\/10\/Puerto-Aysen-3-1-768x512.jpeg 768w, https:\/\/radiorevelacionfm.cl\/wp-content\/uploads\/2022\/10\/Puerto-Aysen-3-1-705x470.jpeg 705w, https:\/\/radiorevelacionfm.cl\/wp-content\/uploads\/2022\/10\/Puerto-Aysen-3-1-600x400.jpeg 600w\" sizes=\"(max-width: 900px) 100vw, 900px\" \/><\/div><\/div><\/div><\/div><div class=\"flex_column av_one_full  flex_column_div av-zero-column-padding first  avia-builder-el-2  el_after_av_one_full  el_before_av_one_full  column-top-margin\" style='border-radius:0px; '><section class=\"av_textblock_section \"  itemscope=\"itemscope\" itemtype=\"https:\/\/schema.org\/BlogPosting\" itemprop=\"blogPost\" ><div class='avia_textblock  '   itemprop=\"text\" ><p style=\"text-align: center;\"><strong><span style=\"font-size: 18pt;\">7% FNDR: Gobierno Regional apoya iniciativas de 74 organizaciones sociales<\/span><\/strong><\/p>\n<div id=\"gtx-trans\" style=\"position: absolute; left: -50px; top: 4.31534px;\">\n<div class=\"gtx-trans-icon\"><\/div>\n<\/div>\n<\/div><\/section><\/div><div class=\"flex_column av_one_full  flex_column_div av-zero-column-padding first  avia-builder-el-4  el_after_av_one_full  el_before_av_hr  column-top-margin\" style='border-radius:0px; '><section class=\"av_textblock_section \"  itemscope=\"itemscope\" itemtype=\"https:\/\/schema.org\/BlogPosting\" itemprop=\"blogPost\" ><div class='avia_textblock  '   itemprop=\"text\" ><div>\n<p dir=\"ltr\" style=\"text-align: justify;\">La Gobernadora Regional, Andrea Mac\u00edas Palma, lider\u00f3 las ceremonias de firmas masivas de convenios con setenta y cuatro organizaciones sociales tanto de la comuna de Puerto Ays\u00e9n como de Coyhaique. Todos los participantes del proceso de postulaci\u00f3n del 7% del Fondo Nacional de Desarrollo Regional (FNDR).<\/p>\n<p dir=\"ltr\" style=\"text-align: justify;\">\u00abEste 7% es el \u00fanico recurso que puede bajar desde el Gobierno Regional directamente a las organizaciones, por eso es tan importante porque es lo que permite que las organizaciones sociales puedan estar vivas, con actividades, con un funcionamiento permanentemente abocados a desarrollar actividades que sean de su inter\u00e9s\u00bb, dijo la Gobernadora, Andrea Mac\u00edas Palma.<\/p>\n<p dir=\"ltr\" style=\"text-align: justify;\">En la comuna de Puerto Ays\u00e9n, llegaron diecisiete organizaciones sociales hasta el Centro Cultural para firmar los convenios con el fin de hacer las transferencias del porcentaje de apoyo desde el Gobierno Regional, en la tarde del pasado jueves.<\/p>\n<p dir=\"ltr\" style=\"text-align: justify;\">El alcalde de la comuna de Puerto Ays\u00e9n, Julio Uribe, destac\u00f3 la importancia que permitir\u00e1 ejecutar diversas actividades en m\u00faltiples \u00e1reas. \u00abSon m\u00e1s de $220 millones de pesos que van a quedar ac\u00e1 en nuestra comuna para poder realizar diferentes actividades y producir, tambi\u00e9n, una econom\u00eda circular, donde las cosas que se ocupan para las diferentes actividades se ocupan ac\u00e1 mismo. As\u00ed que, qu\u00e9 mejor que tener estos recursos frescos para dinamizar la econom\u00eda\u00bb, indic\u00f3 el jefe comunal.<\/p>\n<p dir=\"ltr\" style=\"text-align: justify;\">Fueron veintid\u00f3s las iniciativas de Puerto Ays\u00e9n que recibieron apoyo desde el 7% del Fondo Nacional de Desarrollo Regional, lo que suma el total de $225.039.613 millones de pesos. El Club de nataci\u00f3n Orcas de Ays\u00e9n, fue una de las beneficiarias.<\/p>\n<p dir=\"ltr\" style=\"text-align: justify;\">La presidenta del centro de padres y madres del club, Cristina Ram\u00edrez, cont\u00f3 que \u00abcuando supimos que hab\u00edamos obtenido financiamiento, fue una alegr\u00eda enorme, una emoci\u00f3n muy grande, porque como club est\u00e1bamos sin piscina. Fue un a\u00f1o muy dif\u00edcil para nosotros (&#8230;) Estos proyectos son un rayo de luz en nuestro camino para poder seguir trabajando con nuestros ni\u00f1os y sacar a flote nuestro club, que no muera, porque es una actividad hermosa\u00bb.<\/p>\n<p dir=\"ltr\" style=\"text-align: justify;\">A la actividad tambi\u00e9n asisti\u00f3 la Consejera, Mar\u00eda Loreta Villegas,\u00a0 y los Consejeros, Marco Gillibrand y Sergio Gonz\u00e1lez, todos representantes de la Provincia de Ays\u00e9n. En el intermedio de la firma de los convenios, la Orquesta Infantil de la Escuela Ays\u00e9n interpret\u00f3 dos piezas musicales.<\/p>\n<p dir=\"ltr\" style=\"text-align: justify;\">Posterior a la presentaci\u00f3n, el presidente de la Comisi\u00f3n de Desarrollo Social, Cultural y Deportivo, Sergio Gonz\u00e1lez, expres\u00f3 sus felicitaciones a las organizaciones por el desaf\u00edo de realizar cada una de las actividades. \u00abFelicitarlos e incentivarlos para que sigan desarrollando sus proyectos de buena manera y, obviamente, mantengan sus organizaciones muy bien ordenadas, de tal manera que eso permita que puedan a\u00f1o a a\u00f1o poder acceder a esos recursos\u00bb.<\/p>\n<p dir=\"ltr\" style=\"text-align: justify;\">COYHAIQUE<\/p>\n<p dir=\"ltr\" style=\"text-align: justify;\">Durante la tarde de este viernes fue el turno de Coyhaique, donde las y los representantes de las organizaciones sociales llegaron hasta el Gimnasio Fiscal para firmar los convenios. El total del monto es de: $681.911.760.<\/p>\n<p dir=\"ltr\" style=\"text-align: justify;\">\u00abVa a permitir la transferencia de recursos a todas las organizaciones que postularon en este 7% y que fueron seleccionadas del segundo llamado\u00bb, dijo la Gobernadora Regional.<\/p>\n<p dir=\"ltr\" style=\"text-align: justify;\">Cincuenta y dos son las organizaciones en Coyhaique que tras la firma del convenio y al tener los recursos, desarrollar\u00e1n las iniciativas presentadas durante el proceso de postulaci\u00f3n.<\/p>\n<p dir=\"ltr\" style=\"text-align: justify;\">El alcalde de la comuna de Coyhaique, Carlos Gatica,\u00a0 destac\u00f3 que lo \u00abque ocurri\u00f3, precisamente, fue algo muy importante para la comuna. El desarrollo comunitario, el desarrollo de nuestras organizaciones hoy d\u00eda se ve a\u00fan m\u00e1s impulsado y motivado gracias al aporte que hace el Gobierno Regional, la Gobernadora Andrea Mac\u00edas Palma y los Consejeros y Consejeras de la Regi\u00f3n de Ays\u00e9n.\u00bb.<\/p>\n<p dir=\"ltr\" style=\"text-align: justify;\">Las organizaciones firmaron en dos grupos. Entre medio de la actividad, destac\u00f3 la participaci\u00f3n de la aplaudida orquesta sinf\u00f3nica juvenil del Liceo Josefina Aguirre Montenegro.<\/p>\n<p dir=\"ltr\" style=\"text-align: justify;\">Amplio es el espectro de organizaciones que participaron desde asociaciones ind\u00edgenas, futbol\u00edsticas, agrupaciones culturales, ligadas al \u00e1mbito de la salud, entre otras.<\/p>\n<p dir=\"ltr\" style=\"text-align: justify;\">La directora regional de la Fundaci\u00f3n Integra, Leticia Araya, manifest\u00f3 que \u00abpara nosotros es s\u00faper significativo porque, justamente, estos recursos nos van a permitir por un lado, desarrollar un encuentro regional con familias que van a venir a la ciudad de Coyhaique y van a poder contar sus experiencias con respecto al trabajo que desarrollan en los jardines infantiles de la Fundaci\u00f3n Integra ac\u00e1 en la Regi\u00f3n de Ays\u00e9n.\u00bb.<\/p>\n<p dir=\"ltr\" style=\"text-align: justify;\">Inform\u00f3 que tienen otro proyecto que trata sobre la integraci\u00f3n sensorial enfocado en ni\u00f1os con trastorno de espectro autista en la localidad de R\u00edo Tranquilo. Como parte de la iniciativa, contratar\u00e1n una terapeuta ocupacional.<\/p>\n<p dir=\"ltr\" style=\"text-align: justify;\">La integrante de la Comisi\u00f3n de Desarrollo Social, Cultural y Deportivo del Consejo Regional, Marisol Mart\u00ednez, manifest\u00f3 que como cuerpo colegiado est\u00e1n contentos por \u00abpoder favorecer a tantas organizaciones sociales de nuestra comunidad en tan diverso n\u00famero de proyectos; deportivos, culturales, de asociatividad, de adultos mayores, en fin, de fomento productivo.\u00bb.<\/p>\n<p dir=\"ltr\" style=\"text-align: justify;\">Dentro de las noticias destacadas estuvo la informaci\u00f3n de que el pr\u00f3ximo a\u00f1o ser\u00e1 el 8% del Fondo Nacional de Desarrollo Regional (FNDR): un aumento del porcentaje.<\/p>\n<p dir=\"ltr\" style=\"text-align: justify;\">En la actividad tambi\u00e9n particip\u00f3 el Diputado Miguel \u00c1ngel Calisto, la Consejera Paula Acu\u00f1a, el presidente de la Comisi\u00f3n de Desarrollo Social, Cultural y Deportivo, Sergio Gonz\u00e1lez, y el Consejero Felipe Klein.<\/p>\n<\/div>\n<div style=\"text-align: justify;\"><\/div>\n<div style=\"text-align: justify;\"><\/div>\n<\/div><\/section><\/div><div  style='height:50px' class='hr hr-invisible   avia-builder-el-6  el_after_av_one_full  el_before_av_social_share '><span class='hr-inner ' ><span class='hr-inner-style'><\/span><\/span><\/div><\/p>\n<div  class='av-social-sharing-box  avia-builder-el-7  el_after_av_hr  el_before_av_hr  '><div class='av-share-box'><h5 class='av-share-link-description av-no-toc '>Compartir esta noticia<\/h5><ul class='av-share-box-list noLightbox'><li class='av-share-link av-social-link-facebook' ><a target=\"_blank\" aria-label=\"Compartir en Facebook\" href='https:\/\/www.facebook.com\/sharer.php?u=https:\/\/radiorevelacionfm.cl\/?p=23665&#038;t=7%25%20FNDR%3A%20Gobierno%20Regional%20apoya%20iniciativas%20de%2074%20organizaciones%20sociales' aria-hidden='false' data-av_icon='\ue8f3' data-av_iconfont='entypo-fontello' title='' data-avia-related-tooltip='Compartir en Facebook' rel=\"noopener\"><span class='avia_hidden_link_text'>Compartir en Facebook<\/span><\/a><\/li><li class='av-share-link av-social-link-twitter' ><a target=\"_blank\" aria-label=\"Compartir en Twitter\" href='https:\/\/twitter.com\/share?text=7%25%20FNDR%3A%20Gobierno%20Regional%20apoya%20iniciativas%20de%2074%20organizaciones%20sociales&#038;url=https:\/\/radiorevelacionfm.cl\/?p=23665' aria-hidden='false' data-av_icon='\ue8f1' data-av_iconfont='entypo-fontello' title='' data-avia-related-tooltip='Compartir en Twitter' rel=\"noopener\"><span class='avia_hidden_link_text'>Compartir en Twitter<\/span><\/a><\/li><li class='av-share-link av-social-link-whatsapp' ><a target=\"_blank\" aria-label=\"Compartir en Whatsapp\" href='https:\/\/api.whatsapp.com\/send?text=https:\/\/radiorevelacionfm.cl\/?p=23665' aria-hidden='false' data-av_icon='\uf232' data-av_iconfont='entypo-fontello' title='' data-avia-related-tooltip='Compartir en Whatsapp' rel=\"noopener\"><span class='avia_hidden_link_text'>Compartir en Whatsapp<\/span><\/a><\/li><li class='av-share-link av-social-link-linkedin' ><a target=\"_blank\" aria-label=\"Compartir en LinkedIn\" href='https:\/\/linkedin.com\/shareArticle?mini=true&#038;title=7%25%20FNDR%3A%20Gobierno%20Regional%20apoya%20iniciativas%20de%2074%20organizaciones%20sociales&#038;url=https:\/\/radiorevelacionfm.cl\/?p=23665' aria-hidden='false' data-av_icon='\ue8fc' data-av_iconfont='entypo-fontello' title='' data-avia-related-tooltip='Compartir en LinkedIn' rel=\"noopener\"><span class='avia_hidden_link_text'>Compartir en LinkedIn<\/span><\/a><\/li><li class='av-share-link av-social-link-mail' ><a  aria-label=\"Compartir por correo\" href='mailto:?subject=7%25%20FNDR%3A%20Gobierno%20Regional%20apoya%20iniciativas%20de%2074%20organizaciones%20sociales&#038;body=https:\/\/radiorevelacionfm.cl\/?p=23665' aria-hidden='false' data-av_icon='\ue805' data-av_iconfont='entypo-fontello' title='' data-avia-related-tooltip='Compartir por correo'><span class='avia_hidden_link_text'>Compartir por correo<\/span><\/a><\/li><\/ul><\/div><\/div>\n<div  style='height:50px' class='hr hr-invisible   avia-builder-el-8  el_after_av_social_share  el_before_av_comments_list '><span class='hr-inner ' ><span class='hr-inner-style'><\/span><\/span><\/div>\n<div  class='av-buildercomment  av-blog-meta-html-info-disabled av-blog-meta-tag-disabled  '><\/div>\n","protected":false},"excerpt":{"rendered":"","protected":false},"author":1,"featured_media":23666,"comment_status":"open","ping_status":"open","sticky":false,"template":"","format":"standard","meta":{"footnotes":""},"categories":[38],"tags":[],"class_list":["post-23665","post","type-post","status-publish","format-standard","has-post-thumbnail","hentry","category-regional"],"jetpack_featured_media_url":"https:\/\/radiorevelacionfm.cl\/wp-content\/uploads\/2022\/10\/Puerto-Aysen-3-1.jpeg","_links":{"self":[{"href":"https:\/\/radiorevelacionfm.cl\/index.php?rest_route=\/wp\/v2\/posts\/23665","targetHints":{"allow":["GET"]}}],"collection":[{"href":"https:\/\/radiorevelacionfm.cl\/index.php?rest_route=\/wp\/v2\/posts"}],"about":[{"href":"https:\/\/radiorevelacionfm.cl\/index.php?rest_route=\/wp\/v2\/types\/post"}],"author":[{"embeddable":true,"href":"https:\/\/radiorevelacionfm.cl\/index.php?rest_route=\/wp\/v2\/users\/1"}],"replies":[{"embeddable":true,"href":"https:\/\/radiorevelacionfm.cl\/index.php?rest_route=%2Fwp%2Fv2%2Fcomments&post=23665"}],"version-history":[{"count":2,"href":"https:\/\/radiorevelacionfm.cl\/index.php?rest_route=\/wp\/v2\/posts\/23665\/revisions"}],"predecessor-version":[{"id":23671,"href":"https:\/\/radiorevelacionfm.cl\/index.php?rest_route=\/wp\/v2\/posts\/23665\/revisions\/23671"}],"wp:featuredmedia":[{"embeddable":true,"href":"https:\/\/radiorevelacionfm.cl\/index.php?rest_route=\/wp\/v2\/media\/23666"}],"wp:attachment":[{"href":"https:\/\/radiorevelacionfm.cl\/index.php?rest_route=%2Fwp%2Fv2%2Fmedia&parent=23665"}],"wp:term":[{"taxonomy":"category","embeddable":true,"href":"https:\/\/radiorevelacionfm.cl\/index.php?rest_route=%2Fwp%2Fv2%2Fcategories&post=23665"},{"taxonomy":"post_tag","embeddable":true,"href":"https:\/\/radiorevelacionfm.cl\/index.php?rest_route=%2Fwp%2Fv2%2Ftags&post=23665"}],"curies":[{"name":"wp","href":"https:\/\/api.w.org\/{rel}","templated":true}]}}