{"id":23661,"date":"2022-10-29T10:02:39","date_gmt":"2022-10-29T13:02:39","guid":{"rendered":"https:\/\/radiorevelacionfm.cl\/?p=23661"},"modified":"2022-10-29T10:02:39","modified_gmt":"2022-10-29T13:02:39","slug":"hasta-el-2-de-noviembre-se-extiende-el-plazo-para-revisar-resultados-de-postulacion-de-admision-escolar-2023","status":"publish","type":"post","link":"https:\/\/radiorevelacionfm.cl\/?p=23661","title":{"rendered":"Hasta el 2 de noviembre se extiende el plazo para revisar resultados de postulaci\u00f3n de Admisi\u00f3n Escolar 2023"},"content":{"rendered":"<div class=\"flex_column av_one_full  flex_column_div av-zero-column-padding first  avia-builder-el-0  el_before_av_one_full  avia-builder-el-first  \" style='border-radius:0px; '><div  class='avia-image-container  av-styling-    avia-builder-el-1  avia-builder-el-no-sibling  avia-align-center '  itemprop=\"image\" itemscope=\"itemscope\" itemtype=\"https:\/\/schema.org\/ImageObject\"  ><div class='avia-image-container-inner'><div class='avia-image-overlay-wrap'><img decoding=\"async\" class='wp-image-23663 avia-img-lazy-loading-not-23663 avia_image' src=\"https:\/\/radiorevelacionfm.cl\/wp-content\/uploads\/2022\/10\/extension-resultados-SAE-1-1.jpg\" alt='' title='extensi\u00f3n resultados SAE (1) (1)' height=\"600\" width=\"600\"  itemprop=\"thumbnailUrl\" srcset=\"https:\/\/radiorevelacionfm.cl\/wp-content\/uploads\/2022\/10\/extension-resultados-SAE-1-1.jpg 600w, https:\/\/radiorevelacionfm.cl\/wp-content\/uploads\/2022\/10\/extension-resultados-SAE-1-1-300x300.jpg 300w, https:\/\/radiorevelacionfm.cl\/wp-content\/uploads\/2022\/10\/extension-resultados-SAE-1-1-80x80.jpg 80w, https:\/\/radiorevelacionfm.cl\/wp-content\/uploads\/2022\/10\/extension-resultados-SAE-1-1-36x36.jpg 36w, https:\/\/radiorevelacionfm.cl\/wp-content\/uploads\/2022\/10\/extension-resultados-SAE-1-1-180x180.jpg 180w, https:\/\/radiorevelacionfm.cl\/wp-content\/uploads\/2022\/10\/extension-resultados-SAE-1-1-100x100.jpg 100w\" sizes=\"(max-width: 600px) 100vw, 600px\" \/><\/div><\/div><\/div><\/div><div class=\"flex_column av_one_full  flex_column_div av-zero-column-padding first  avia-builder-el-2  el_after_av_one_full  el_before_av_one_full  column-top-margin\" style='border-radius:0px; '><section class=\"av_textblock_section \"  itemscope=\"itemscope\" itemtype=\"https:\/\/schema.org\/BlogPosting\" itemprop=\"blogPost\" ><div class='avia_textblock  '   itemprop=\"text\" ><p style=\"text-align: center;\"><strong><span style=\"font-size: 18pt;\">Hasta el 2 de noviembre se extiende el plazo para revisar resultados de postulaci\u00f3n de Admisi\u00f3n Escolar 2023<\/span><\/strong><\/p>\n<div id=\"gtx-trans\" style=\"position: absolute; left: -50px; top: 4.31534px;\">\n<div class=\"gtx-trans-icon\"><\/div>\n<\/div>\n<\/div><\/section><\/div><div class=\"flex_column av_one_full  flex_column_div av-zero-column-padding first  avia-builder-el-4  el_after_av_one_full  el_before_av_hr  column-top-margin\" style='border-radius:0px; '><section class=\"av_textblock_section \"  itemscope=\"itemscope\" itemtype=\"https:\/\/schema.org\/BlogPosting\" itemprop=\"blogPost\" ><div class='avia_textblock  '   itemprop=\"text\" ><p style=\"text-align: justify;\">El Ministerio de Educaci\u00f3n inform\u00f3 este viernes que extender\u00e1 el plazo para revisar los resultados del periodo principal de postulaci\u00f3n para la Admisi\u00f3n Escolar del a\u00f1o acad\u00e9mico 2023 hasta el mi\u00e9rcoles 2 de noviembre a las 11:00:00 horas. Hasta esa fecha, las y los apoderados podr\u00e1n revisar estos resultados a trav\u00e9s de la plataforma web\u00a0<a href=\"https:\/\/nam02.safelinks.protection.outlook.com\/?url=http%3A%2F%2Fwww.sistemadeadmisionescolar.cl%2F&amp;data=05%7C01%7Ccamilo.gomez%40mineduc.cl%7Cc28879f530484cae9d1a08dab91d8135%7C2e4cfe500580414093874ecde39def60%7C0%7C0%7C638025833644094801%7CUnknown%7CTWFpbGZsb3d8eyJWIjoiMC4wLjAwMDAiLCJQIjoiV2luMzIiLCJBTiI6Ik1haWwiLCJXVCI6Mn0%3D%7C3000%7C%7C%7C&amp;sdata=9lmFDqaIW7uP5R%2FNJfrXadql3W%2Fw6iawmq83RwULnLw%3D&amp;reserved=0\" target=\"_blank\" rel=\"noopener noreferrer\">www.sistemadeadmisionescolar.cl<\/a>\u00a0ingresando con las credenciales de usuario creadas al momento de postular.<\/p>\n<p style=\"text-align: justify;\"><strong>\u00bfC\u00f3mo se pueden revisar los resultados?<\/strong><\/p>\n<ol style=\"text-align: justify;\" start=\"1\" type=\"1\">\n<li>Ingresar a la plataforma web\u00a0<a href=\"https:\/\/nam02.safelinks.protection.outlook.com\/?url=http%3A%2F%2Fwww.sistemadeadmisionescolar.cl%2F&amp;data=05%7C01%7Ccamilo.gomez%40mineduc.cl%7Cc28879f530484cae9d1a08dab91d8135%7C2e4cfe500580414093874ecde39def60%7C0%7C0%7C638025833644094801%7CUnknown%7CTWFpbGZsb3d8eyJWIjoiMC4wLjAwMDAiLCJQIjoiV2luMzIiLCJBTiI6Ik1haWwiLCJXVCI6Mn0%3D%7C3000%7C%7C%7C&amp;sdata=9lmFDqaIW7uP5R%2FNJfrXadql3W%2Fw6iawmq83RwULnLw%3D&amp;reserved=0\" target=\"_blank\" rel=\"noopener noreferrer\">www.sistemadeadmisionescolar.cl<\/a><u>\u00a0<\/u>con las credenciales de usuario (RUN o IPA) creadas al momento de postular.<\/li>\n<li>Hacer clic en \u00bbVER RESULTADO\u00bb.<\/li>\n<li>Hacer clic en \u00bbVer detalle de resultado\u00bb y verificar la informaci\u00f3n.<\/li>\n<li>Ingresar una respuesta: aceptar o rechazar la asignaci\u00f3n.<\/li>\n<li>Descargar el comprobante.<\/li>\n<\/ol>\n<p style=\"text-align: justify;\">Importante:\u00a0se podr\u00e1 modificar la respuesta las veces que quieran hasta el mi\u00e9rcoles 2 de noviembre a las 11:00:00 horas.<\/p>\n<p style=\"text-align: justify;\"><strong>\u00bfQu\u00e9 deben hacer las familias una vez conocidos los resultados?<\/strong><\/p>\n<ol style=\"text-align: justify;\" start=\"1\" type=\"1\">\n<li><u>Aceptar la asignaci\u00f3n<\/u>:\u00a0aceptar el establecimiento educacional asignado. Para hacer efectiva la matr\u00edcula, el apoderado deber\u00e1 ir presencialmente desde el 14 al 27 de diciembre a la escuela o liceo para realizar este proceso.<\/li>\n<li><u>Aceptar con listas de espera<\/u>: si el estudiante es asignado a un establecimiento distinto al de su primera preferencia, el apoderado puede elegir la opci\u00f3n \u00bbAceptar con listas de espera\u00bb, que le permitir\u00e1 aceptar la escuela o liceo que fue asignado, pero con la posibilidad de participar en la lista de espera de los establecimientos de mayor preferencia en caso de que se genere una nueva vacante en algunos de ellos. Entre el 9 y el 10 de noviembre estar\u00e1n estos resultados.<\/li>\n<li><u>Rechazar<\/u>:\u00a0rechaza el establecimiento educacional al que fue asignado, teniendo la opci\u00f3n de postular en el periodo complementario.<\/li>\n<\/ol>\n<p style=\"text-align: justify;\">Es importante se\u00f1alar que, si el apoderado no realiza ninguna acci\u00f3n en la plataforma web hasta el mi\u00e9rcoles 2 de noviembre (11:00:00 horas), se entiende que \u00bbacepta\u00bb su asignaci\u00f3n.<\/p>\n<p style=\"text-align: justify;\">En el caso de\u00a0\u00absin asignaci\u00f3n\u00bb, el estudiante no qued\u00f3 asignado en ninguna de sus preferencias, por lo que participa autom\u00e1ticamente en lista de espera.<\/p>\n<p style=\"text-align: justify;\"><strong>Periodo complementario de postulaci\u00f3n<\/strong><\/p>\n<p style=\"text-align: justify;\">Para el pr\u00f3ximo periodo de inscripci\u00f3n, extendido a\u00a0quienes no hayan alcanzado a postular en los plazos anteriores como tambi\u00e9n para los que rechazaron su asignaci\u00f3n, podr\u00e1n participar del\u00a0periodo complementario de postulaci\u00f3n que estar\u00e1 disponible desde el 22 al 29 de noviembre de 2022. Este proceso, al igual que la primera etapa, se debe realizar a trav\u00e9s de la plataforma web\u00a0<a href=\"https:\/\/nam02.safelinks.protection.outlook.com\/?url=http%3A%2F%2Fwww.sistemadeadmisionescolar.cl%2F&amp;data=05%7C01%7Ccamilo.gomez%40mineduc.cl%7Cc28879f530484cae9d1a08dab91d8135%7C2e4cfe500580414093874ecde39def60%7C0%7C0%7C638025833644094801%7CUnknown%7CTWFpbGZsb3d8eyJWIjoiMC4wLjAwMDAiLCJQIjoiV2luMzIiLCJBTiI6Ik1haWwiLCJXVCI6Mn0%3D%7C3000%7C%7C%7C&amp;sdata=9lmFDqaIW7uP5R%2FNJfrXadql3W%2Fw6iawmq83RwULnLw%3D&amp;reserved=0\" target=\"_blank\" rel=\"noopener noreferrer\">www.sistemadeadmisionescolar.cl<\/a>.<\/p>\n<\/div><\/section><\/div><div  style='height:50px' class='hr hr-invisible   avia-builder-el-6  el_after_av_one_full  el_before_av_social_share '><span class='hr-inner ' ><span class='hr-inner-style'><\/span><\/span><\/div><\/p>\n<div  class='av-social-sharing-box  avia-builder-el-7  el_after_av_hr  el_before_av_hr  '><div class='av-share-box'><h5 class='av-share-link-description av-no-toc '>Compartir esta noticia<\/h5><ul class='av-share-box-list noLightbox'><li class='av-share-link av-social-link-facebook' ><a target=\"_blank\" aria-label=\"Compartir en Facebook\" href='https:\/\/www.facebook.com\/sharer.php?u=https:\/\/radiorevelacionfm.cl\/?p=23661&#038;t=Hasta%20el%202%20de%20noviembre%20se%20extiende%20el%20plazo%20para%20revisar%20resultados%20de%20postulaci%C3%B3n%20de%20Admisi%C3%B3n%20Escolar%202023' aria-hidden='false' data-av_icon='\ue8f3' data-av_iconfont='entypo-fontello' title='' data-avia-related-tooltip='Compartir en Facebook' rel=\"noopener\"><span class='avia_hidden_link_text'>Compartir en Facebook<\/span><\/a><\/li><li class='av-share-link av-social-link-twitter' ><a target=\"_blank\" aria-label=\"Compartir en Twitter\" href='https:\/\/twitter.com\/share?text=Hasta%20el%202%20de%20noviembre%20se%20extiende%20el%20plazo%20para%20revisar%20resultados%20de%20postulaci%C3%B3n%20de%20Admisi%C3%B3n%20Escolar%202023&#038;url=https:\/\/radiorevelacionfm.cl\/?p=23661' aria-hidden='false' data-av_icon='\ue8f1' data-av_iconfont='entypo-fontello' title='' data-avia-related-tooltip='Compartir en Twitter' rel=\"noopener\"><span class='avia_hidden_link_text'>Compartir en Twitter<\/span><\/a><\/li><li class='av-share-link av-social-link-whatsapp' ><a target=\"_blank\" aria-label=\"Compartir en Whatsapp\" href='https:\/\/api.whatsapp.com\/send?text=https:\/\/radiorevelacionfm.cl\/?p=23661' aria-hidden='false' data-av_icon='\uf232' data-av_iconfont='entypo-fontello' title='' data-avia-related-tooltip='Compartir en Whatsapp' rel=\"noopener\"><span class='avia_hidden_link_text'>Compartir en Whatsapp<\/span><\/a><\/li><li class='av-share-link av-social-link-linkedin' ><a target=\"_blank\" aria-label=\"Compartir en LinkedIn\" href='https:\/\/linkedin.com\/shareArticle?mini=true&#038;title=Hasta%20el%202%20de%20noviembre%20se%20extiende%20el%20plazo%20para%20revisar%20resultados%20de%20postulaci%C3%B3n%20de%20Admisi%C3%B3n%20Escolar%202023&#038;url=https:\/\/radiorevelacionfm.cl\/?p=23661' aria-hidden='false' data-av_icon='\ue8fc' data-av_iconfont='entypo-fontello' title='' data-avia-related-tooltip='Compartir en LinkedIn' rel=\"noopener\"><span class='avia_hidden_link_text'>Compartir en LinkedIn<\/span><\/a><\/li><li class='av-share-link av-social-link-mail' ><a  aria-label=\"Compartir por correo\" href='mailto:?subject=Hasta%20el%202%20de%20noviembre%20se%20extiende%20el%20plazo%20para%20revisar%20resultados%20de%20postulaci%C3%B3n%20de%20Admisi%C3%B3n%20Escolar%202023&#038;body=https:\/\/radiorevelacionfm.cl\/?p=23661' aria-hidden='false' data-av_icon='\ue805' data-av_iconfont='entypo-fontello' title='' data-avia-related-tooltip='Compartir por correo'><span class='avia_hidden_link_text'>Compartir por correo<\/span><\/a><\/li><\/ul><\/div><\/div>\n<div  style='height:50px' class='hr hr-invisible   avia-builder-el-8  el_after_av_social_share  el_before_av_comments_list '><span class='hr-inner ' ><span class='hr-inner-style'><\/span><\/span><\/div>\n<div  class='av-buildercomment  av-blog-meta-html-info-disabled av-blog-meta-tag-disabled  '><\/div>\n","protected":false},"excerpt":{"rendered":"","protected":false},"author":1,"featured_media":23662,"comment_status":"open","ping_status":"open","sticky":false,"template":"","format":"standard","meta":{"footnotes":""},"categories":[49],"tags":[],"class_list":["post-23661","post","type-post","status-publish","format-standard","has-post-thumbnail","hentry","category-educacion"],"jetpack_featured_media_url":"https:\/\/radiorevelacionfm.cl\/wp-content\/uploads\/2022\/10\/extension-resultados-SAE1-1-1.jpg","_links":{"self":[{"href":"https:\/\/radiorevelacionfm.cl\/index.php?rest_route=\/wp\/v2\/posts\/23661","targetHints":{"allow":["GET"]}}],"collection":[{"href":"https:\/\/radiorevelacionfm.cl\/index.php?rest_route=\/wp\/v2\/posts"}],"about":[{"href":"https:\/\/radiorevelacionfm.cl\/index.php?rest_route=\/wp\/v2\/types\/post"}],"author":[{"embeddable":true,"href":"https:\/\/radiorevelacionfm.cl\/index.php?rest_route=\/wp\/v2\/users\/1"}],"replies":[{"embeddable":true,"href":"https:\/\/radiorevelacionfm.cl\/index.php?rest_route=%2Fwp%2Fv2%2Fcomments&post=23661"}],"version-history":[{"count":2,"href":"https:\/\/radiorevelacionfm.cl\/index.php?rest_route=\/wp\/v2\/posts\/23661\/revisions"}],"predecessor-version":[{"id":23668,"href":"https:\/\/radiorevelacionfm.cl\/index.php?rest_route=\/wp\/v2\/posts\/23661\/revisions\/23668"}],"wp:featuredmedia":[{"embeddable":true,"href":"https:\/\/radiorevelacionfm.cl\/index.php?rest_route=\/wp\/v2\/media\/23662"}],"wp:attachment":[{"href":"https:\/\/radiorevelacionfm.cl\/index.php?rest_route=%2Fwp%2Fv2%2Fmedia&parent=23661"}],"wp:term":[{"taxonomy":"category","embeddable":true,"href":"https:\/\/radiorevelacionfm.cl\/index.php?rest_route=%2Fwp%2Fv2%2Fcategories&post=23661"},{"taxonomy":"post_tag","embeddable":true,"href":"https:\/\/radiorevelacionfm.cl\/index.php?rest_route=%2Fwp%2Fv2%2Ftags&post=23661"}],"curies":[{"name":"wp","href":"https:\/\/api.w.org\/{rel}","templated":true}]}}