{"id":23653,"date":"2022-10-28T17:20:07","date_gmt":"2022-10-28T20:20:07","guid":{"rendered":"https:\/\/radiorevelacionfm.cl\/?p=23653"},"modified":"2022-10-28T17:20:07","modified_gmt":"2022-10-28T20:20:07","slug":"vigilancia-preventiva-del-sag-detecta-casos-de-nematodo-de-la-frutilla-en-la-region-de-aysen","status":"publish","type":"post","link":"https:\/\/radiorevelacionfm.cl\/?p=23653","title":{"rendered":"Vigilancia preventiva del SAG detecta casos de nematodo de la frutilla en la Regi\u00f3n de Ays\u00e9n"},"content":{"rendered":"<div class=\"flex_column av_one_full  flex_column_div av-zero-column-padding first  avia-builder-el-0  el_before_av_one_full  avia-builder-el-first  \" style='border-radius:0px; '><div  class='avia-image-container  av-styling-    avia-builder-el-1  avia-builder-el-no-sibling  avia-align-center '  itemprop=\"image\" itemscope=\"itemscope\" itemtype=\"https:\/\/schema.org\/ImageObject\"  ><div class='avia-image-container-inner'><div class='avia-image-overlay-wrap'><img decoding=\"async\" class='wp-image-23654 avia-img-lazy-loading-not-23654 avia_image' src=\"https:\/\/radiorevelacionfm.cl\/wp-content\/uploads\/2022\/10\/Frutillas-4-1-1.jpeg\" alt='' title='Frutillas 4 (1) (1)' height=\"600\" width=\"1065\"  itemprop=\"thumbnailUrl\" srcset=\"https:\/\/radiorevelacionfm.cl\/wp-content\/uploads\/2022\/10\/Frutillas-4-1-1.jpeg 1065w, https:\/\/radiorevelacionfm.cl\/wp-content\/uploads\/2022\/10\/Frutillas-4-1-1-300x169.jpeg 300w, https:\/\/radiorevelacionfm.cl\/wp-content\/uploads\/2022\/10\/Frutillas-4-1-1-1030x580.jpeg 1030w, https:\/\/radiorevelacionfm.cl\/wp-content\/uploads\/2022\/10\/Frutillas-4-1-1-768x433.jpeg 768w, https:\/\/radiorevelacionfm.cl\/wp-content\/uploads\/2022\/10\/Frutillas-4-1-1-705x397.jpeg 705w, https:\/\/radiorevelacionfm.cl\/wp-content\/uploads\/2022\/10\/Frutillas-4-1-1-600x338.jpeg 600w\" sizes=\"(max-width: 1065px) 100vw, 1065px\" \/><\/div><\/div><\/div><\/div><div class=\"flex_column av_one_full  flex_column_div av-zero-column-padding first  avia-builder-el-2  el_after_av_one_full  el_before_av_one_full  column-top-margin\" style='border-radius:0px; '><section class=\"av_textblock_section \"  itemscope=\"itemscope\" itemtype=\"https:\/\/schema.org\/BlogPosting\" itemprop=\"blogPost\" ><div class='avia_textblock  '   itemprop=\"text\" ><p style=\"text-align: center;\"><span style=\"font-size: 18pt;\"><strong>Vigilancia preventiva del SAG detecta casos de nematodo de la frutilla en la Regi\u00f3n de Ays\u00e9n<\/strong><\/span><\/p>\n<div id=\"gtx-trans\" style=\"position: absolute; left: -50px; top: 4.31534px;\">\n<div class=\"gtx-trans-icon\"><\/div>\n<\/div>\n<\/div><\/section><\/div><div class=\"flex_column av_one_full  flex_column_div av-zero-column-padding first  avia-builder-el-4  el_after_av_one_full  el_before_av_hr  column-top-margin\" style='border-radius:0px; '><section class=\"av_textblock_section \"  itemscope=\"itemscope\" itemtype=\"https:\/\/schema.org\/BlogPosting\" itemprop=\"blogPost\" ><div class='avia_textblock  '   itemprop=\"text\" ><p style=\"text-align: justify;\">Producto de la vigilancia preventiva realizada por el Servicio Agr\u00edcola y Ganadero en la Regi\u00f3n de Ays\u00e9n, se confirm\u00f3 la presencia de la plaga Aphelenchoides fragariae, tambi\u00e9n conocida como nematodo de la frutilla, en la comuna de Coyhaique. As\u00ed lo se\u00f1al\u00f3 la directora regional (S) del SAG, Valeria Carrasco, quien indic\u00f3 que \u201cproducto de las labores de vigilancia preventiva en los cultivos de frutilla que realiza nuestro Servicio, se tomaron muestras y se enviaron a an\u00e1lisis de los laboratorios del SAG, donde se ha confirmado la presencia en diez predios de la comuna de Coyhaique, los que equivalen a 0,25 ha. afectadas hasta la fecha. Mientras se contin\u00faan las labores de monitoreo y vigilancia. Este nematodo es un gusano microsc\u00f3pico que requiere ser verificado en el laboratorio para su comprobaci\u00f3n\u201d, precis\u00f3 la directora (s).<\/p>\n<p style=\"text-align: justify;\">Esta plaga que se encontraba ausente del pa\u00eds, provoca da\u00f1os en el rendimiento de las plantas de frutilla, por lo cual el Ministerio de Agricultura declar\u00f3 emergencia agr\u00edcola en las zonas afectadas a fines del mes de agosto, facilitando la gesti\u00f3n de recursos para su control.<\/p>\n<p style=\"text-align: justify;\">En ese marco, el Seremi de Agricultura Alan Espinoza Ortiz explic\u00f3 que \u201cen la regi\u00f3n de Ays\u00e9n el SAG viene trabajando en forma preventiva desde septiembre con los productores y productoras en la comuna de Coyhaique, entregando informaci\u00f3n sobre la plaga, c\u00f3mo reconocer sus s\u00edntomas y fomentando el conocimiento de las pr\u00e1cticas y medidas sanitarias. As\u00ed tambi\u00e9n se han establecido coordinaciones con otros servicios del agro, como INDAP e INIA, para apoyar a la peque\u00f1a agricultura familiar campesina, as\u00ed como tambi\u00e9n aumentar la capacidad anal\u00edtica y de investigaci\u00f3n del nematodo en el contexto nacional\u201d.<\/p>\n<p style=\"text-align: justify;\">El SAG continuar\u00e1 trabajando con los(as) productores y productoras que pudieran verse afectados en la regi\u00f3n, a trav\u00e9s de monitoreo y an\u00e1lisis, haciendo seguimiento a las medidas sanitarias orientadas a reducir al m\u00e1ximo el impacto en la producci\u00f3n de frutillas, as\u00ed como la dispersi\u00f3n de la plaga. Es importante se\u00f1alar que las personas pueden consumir las frutillas sin problemas, ya que no afecta su salud.<\/p>\n<p style=\"text-align: justify;\">Si los productores(as) sospechan de la presencia de <em>Aphelenchoides fragariae<\/em> en sus huertos, informen al SAG en la oficina sectorial m\u00e1s cercana, escriban al mail <a href=\"mailto:oficina.informaciones@sag.gob.cl\">oficina.informaciones@sag.gob.cl<\/a> o llamen \u00a0al (+562)23451100.<\/p>\n<p style=\"text-align: justify;\">Finalmente el SAG hace un llamado a los agricultores, que permitan el ingreso de los\/as inspectores\/as del SAG debidamente identificados a su huerto para supervisar o fiscalizar y as\u00ed estar\u00e1n ayud\u00e1ndonos a controlar esta da\u00f1ina plaga.<\/p>\n<\/div><\/section><\/div><div  style='height:50px' class='hr hr-invisible   avia-builder-el-6  el_after_av_one_full  el_before_av_social_share '><span class='hr-inner ' ><span class='hr-inner-style'><\/span><\/span><\/div><\/p>\n<div  class='av-social-sharing-box  avia-builder-el-7  el_after_av_hr  el_before_av_hr  '><div class='av-share-box'><h5 class='av-share-link-description av-no-toc '>Compartir esta noticia<\/h5><ul class='av-share-box-list noLightbox'><li class='av-share-link av-social-link-facebook' ><a target=\"_blank\" aria-label=\"Compartir en Facebook\" href='https:\/\/www.facebook.com\/sharer.php?u=https:\/\/radiorevelacionfm.cl\/?p=23653&#038;t=Vigilancia%20preventiva%20del%20SAG%20detecta%20casos%20de%20nematodo%20de%20la%20frutilla%20en%20la%20Regi%C3%B3n%20de%20Ays%C3%A9n' aria-hidden='false' data-av_icon='\ue8f3' data-av_iconfont='entypo-fontello' title='' data-avia-related-tooltip='Compartir en Facebook' rel=\"noopener\"><span class='avia_hidden_link_text'>Compartir en Facebook<\/span><\/a><\/li><li class='av-share-link av-social-link-twitter' ><a target=\"_blank\" aria-label=\"Compartir en Twitter\" href='https:\/\/twitter.com\/share?text=Vigilancia%20preventiva%20del%20SAG%20detecta%20casos%20de%20nematodo%20de%20la%20frutilla%20en%20la%20Regi%C3%B3n%20de%20Ays%C3%A9n&#038;url=https:\/\/radiorevelacionfm.cl\/?p=23653' aria-hidden='false' data-av_icon='\ue8f1' data-av_iconfont='entypo-fontello' title='' data-avia-related-tooltip='Compartir en Twitter' rel=\"noopener\"><span class='avia_hidden_link_text'>Compartir en Twitter<\/span><\/a><\/li><li class='av-share-link av-social-link-whatsapp' ><a target=\"_blank\" aria-label=\"Compartir en Whatsapp\" href='https:\/\/api.whatsapp.com\/send?text=https:\/\/radiorevelacionfm.cl\/?p=23653' aria-hidden='false' data-av_icon='\uf232' data-av_iconfont='entypo-fontello' title='' data-avia-related-tooltip='Compartir en Whatsapp' rel=\"noopener\"><span class='avia_hidden_link_text'>Compartir en Whatsapp<\/span><\/a><\/li><li class='av-share-link av-social-link-linkedin' ><a target=\"_blank\" aria-label=\"Compartir en LinkedIn\" href='https:\/\/linkedin.com\/shareArticle?mini=true&#038;title=Vigilancia%20preventiva%20del%20SAG%20detecta%20casos%20de%20nematodo%20de%20la%20frutilla%20en%20la%20Regi%C3%B3n%20de%20Ays%C3%A9n&#038;url=https:\/\/radiorevelacionfm.cl\/?p=23653' aria-hidden='false' data-av_icon='\ue8fc' data-av_iconfont='entypo-fontello' title='' data-avia-related-tooltip='Compartir en LinkedIn' rel=\"noopener\"><span class='avia_hidden_link_text'>Compartir en LinkedIn<\/span><\/a><\/li><li class='av-share-link av-social-link-mail' ><a  aria-label=\"Compartir por correo\" href='mailto:?subject=Vigilancia%20preventiva%20del%20SAG%20detecta%20casos%20de%20nematodo%20de%20la%20frutilla%20en%20la%20Regi%C3%B3n%20de%20Ays%C3%A9n&#038;body=https:\/\/radiorevelacionfm.cl\/?p=23653' aria-hidden='false' data-av_icon='\ue805' data-av_iconfont='entypo-fontello' title='' data-avia-related-tooltip='Compartir por correo'><span class='avia_hidden_link_text'>Compartir por correo<\/span><\/a><\/li><\/ul><\/div><\/div>\n<div  style='height:50px' class='hr hr-invisible   avia-builder-el-8  el_after_av_social_share  el_before_av_comments_list '><span class='hr-inner ' ><span class='hr-inner-style'><\/span><\/span><\/div>\n<div  class='av-buildercomment  av-blog-meta-html-info-disabled av-blog-meta-tag-disabled  '><\/div>\n","protected":false},"excerpt":{"rendered":"","protected":false},"author":1,"featured_media":23654,"comment_status":"open","ping_status":"open","sticky":false,"template":"","format":"standard","meta":{"footnotes":""},"categories":[58],"tags":[],"class_list":["post-23653","post","type-post","status-publish","format-standard","has-post-thumbnail","hentry","category-agricultura"],"jetpack_featured_media_url":"https:\/\/radiorevelacionfm.cl\/wp-content\/uploads\/2022\/10\/Frutillas-4-1-1.jpeg","_links":{"self":[{"href":"https:\/\/radiorevelacionfm.cl\/index.php?rest_route=\/wp\/v2\/posts\/23653","targetHints":{"allow":["GET"]}}],"collection":[{"href":"https:\/\/radiorevelacionfm.cl\/index.php?rest_route=\/wp\/v2\/posts"}],"about":[{"href":"https:\/\/radiorevelacionfm.cl\/index.php?rest_route=\/wp\/v2\/types\/post"}],"author":[{"embeddable":true,"href":"https:\/\/radiorevelacionfm.cl\/index.php?rest_route=\/wp\/v2\/users\/1"}],"replies":[{"embeddable":true,"href":"https:\/\/radiorevelacionfm.cl\/index.php?rest_route=%2Fwp%2Fv2%2Fcomments&post=23653"}],"version-history":[{"count":2,"href":"https:\/\/radiorevelacionfm.cl\/index.php?rest_route=\/wp\/v2\/posts\/23653\/revisions"}],"predecessor-version":[{"id":23656,"href":"https:\/\/radiorevelacionfm.cl\/index.php?rest_route=\/wp\/v2\/posts\/23653\/revisions\/23656"}],"wp:featuredmedia":[{"embeddable":true,"href":"https:\/\/radiorevelacionfm.cl\/index.php?rest_route=\/wp\/v2\/media\/23654"}],"wp:attachment":[{"href":"https:\/\/radiorevelacionfm.cl\/index.php?rest_route=%2Fwp%2Fv2%2Fmedia&parent=23653"}],"wp:term":[{"taxonomy":"category","embeddable":true,"href":"https:\/\/radiorevelacionfm.cl\/index.php?rest_route=%2Fwp%2Fv2%2Fcategories&post=23653"},{"taxonomy":"post_tag","embeddable":true,"href":"https:\/\/radiorevelacionfm.cl\/index.php?rest_route=%2Fwp%2Fv2%2Ftags&post=23653"}],"curies":[{"name":"wp","href":"https:\/\/api.w.org\/{rel}","templated":true}]}}