{"id":23643,"date":"2022-10-28T16:28:18","date_gmt":"2022-10-28T19:28:18","guid":{"rendered":"https:\/\/radiorevelacionfm.cl\/?p=23643"},"modified":"2022-10-28T16:28:18","modified_gmt":"2022-10-28T19:28:18","slug":"productores-as-agropecuarios-de-tortel-y-la-junta-reciben-apoyo-en-el-marco-de-plan-siembra-por-chile","status":"publish","type":"post","link":"https:\/\/radiorevelacionfm.cl\/?p=23643","title":{"rendered":"Productores\/as agropecuarios de Tortel y La Junta reciben apoyo en el marco de Plan Siembra Por Chile"},"content":{"rendered":"<div class=\"flex_column av_one_full  flex_column_div av-zero-column-padding first  avia-builder-el-0  el_before_av_one_full  avia-builder-el-first  \" style='border-radius:0px; '><div  class='avia-image-container  av-styling-    avia-builder-el-1  avia-builder-el-no-sibling  avia-align-center '  itemprop=\"image\" itemscope=\"itemscope\" itemtype=\"https:\/\/schema.org\/ImageObject\"  ><div class='avia-image-container-inner'><div class='avia-image-overlay-wrap'><img decoding=\"async\" class='wp-image-23644 avia-img-lazy-loading-not-23644 avia_image' src=\"https:\/\/radiorevelacionfm.cl\/wp-content\/uploads\/2022\/10\/la-junta-02-1_optimized.jpg\" alt='' title='la-junta-02-(1)_optimized' height=\"600\" width=\"824\"  itemprop=\"thumbnailUrl\" srcset=\"https:\/\/radiorevelacionfm.cl\/wp-content\/uploads\/2022\/10\/la-junta-02-1_optimized.jpg 824w, https:\/\/radiorevelacionfm.cl\/wp-content\/uploads\/2022\/10\/la-junta-02-1_optimized-300x218.jpg 300w, https:\/\/radiorevelacionfm.cl\/wp-content\/uploads\/2022\/10\/la-junta-02-1_optimized-768x559.jpg 768w, https:\/\/radiorevelacionfm.cl\/wp-content\/uploads\/2022\/10\/la-junta-02-1_optimized-705x513.jpg 705w, https:\/\/radiorevelacionfm.cl\/wp-content\/uploads\/2022\/10\/la-junta-02-1_optimized-600x437.jpg 600w\" sizes=\"(max-width: 824px) 100vw, 824px\" \/><\/div><\/div><\/div><\/div><div class=\"flex_column av_one_full  flex_column_div av-zero-column-padding first  avia-builder-el-2  el_after_av_one_full  el_before_av_one_full  column-top-margin\" style='border-radius:0px; '><section class=\"av_textblock_section \"  itemscope=\"itemscope\" itemtype=\"https:\/\/schema.org\/BlogPosting\" itemprop=\"blogPost\" ><div class='avia_textblock  '   itemprop=\"text\" ><p style=\"text-align: center;\"><strong><span style=\"font-size: 18pt;\">Productores\/as agropecuarios de Tortel y La Junta reciben apoyo en el marco de Plan Siembra Por Chile <\/span><\/strong><\/p>\n<div id=\"gtx-trans\" style=\"position: absolute; left: -50px; top: 4.31534px;\">\n<div class=\"gtx-trans-icon\"><\/div>\n<\/div>\n<\/div><\/section><\/div><div class=\"flex_column av_one_full  flex_column_div av-zero-column-padding first  avia-builder-el-4  el_after_av_one_full  el_before_av_hr  column-top-margin\" style='border-radius:0px; '><section class=\"av_textblock_section \"  itemscope=\"itemscope\" itemtype=\"https:\/\/schema.org\/BlogPosting\" itemprop=\"blogPost\" ><div class='avia_textblock  '   itemprop=\"text\" ><p class=\"v1MsoNormal\" style=\"text-align: justify;\"><span class=\"v1ContentPasted0\">Productores\/as agropecuarios de diversos sectores de la comuna de Tortel y de Cisnes, recibieron apoyo a trav\u00e9s del Programa Siembra Por Chile en el marco de la declaratoria de emergencia del mes de agosto y tras el traspaso de recursos del Gobierno Regional de Ays\u00e9n y su Consejo.\u00a0\u00a0<\/span><\/p>\n<p class=\"v1MsoNormal\" style=\"text-align: justify;\"><span class=\"v1ContentPasted0\">Se trata de 292 productores, usuarios y no usuarios de INDAP, de sectores aleda\u00f1os a Tortel y de La Junta en la comuna de Cisnes quienes recibieron 20 sacos de concentrado para enfrentar la mayor demanda de alimentaci\u00f3n en \u00e9poca de parici\u00f3n de sus animales.\u00a0\u00a0<\/span><\/p>\n<p class=\"v1MsoNormal\" style=\"text-align: justify;\"><span class=\"v1ContentPasted0\">Lo anterior gracias al traspaso de $303.217.213 millones desde el Gobierno Regional de Ays\u00e9n y su Consejo y tras\u00a0la declaratoria de emergencia agr\u00edcola dictadas por el Ministerio de Agricultura el 10 de agosto en Ays\u00e9n.\u00a0<\/span><\/p>\n<p class=\"v1MsoNormal\" style=\"text-align: justify;\"><span class=\"v1ContentPasted0\">\u00abPara el Gobierno Regional de Ays\u00e9n y su Consejo, esta es una tremenda noticia, dado que estuvimos en agosto solicitando la declaratoria de emergencia para poder ir en apoyo de aquellos productores campesinos, sobre todo los m\u00e1s peque\u00f1os. Hoy d\u00eda, esto se concreta a trav\u00e9s de este aporte que se hace en Caleta Tortel y La Junta, en el marco del Plan Siembra por Chile. Recordar que el Gobierno Regional puso a disposici\u00f3n m\u00e1s de $300 millones de pesos para poder apoyar a los peque\u00f1os productores. En esta oportunidad a m\u00e1s de 290 usuarios y no usuarios del Indap, porque el Gobierno Regional debe llegar a toda la poblaci\u00f3n\u00bb, indic\u00f3 la Gobernadora Regional, Andrea Mac\u00edas Palma\u00a0<\/span><\/p>\n<p class=\"v1MsoNormal\" style=\"text-align: justify;\"><span class=\"v1ContentPasted0\">En este sentido el Seremi de Agricultura, Alan Espinoza Ortiz, resalt\u00f3\u00a0el traspaso de recursos desde\u00a0el Gobierno Regional y\u00a0el trabajo en conjunto con nueve de las diez municipalidades de la regi\u00f3n que ha permitido reforzar los esfuerzos sectoriales\u00a0y llegar con apoyo a m\u00e1s de 2.000 productores\/as\u00a0<\/span><\/p>\n<p class=\"v1MsoNormal\" style=\"text-align: justify;\"><span class=\"v1ContentPasted0\">\u00abA trav\u00e9s de recursos de INDAP y de la Subsecretar\u00eda de Agricultura m\u00e1s recursos del Gobierno Regional hemos apalancado m\u00e1s de $631 millones para la compra de insumos, contemplando el transporte, dadas las condiciones geogr\u00e1ficas del territorio, y que nos ha permitido llegar con la misma cantidad de ayuda desde La Junta hasta Tortel. Por ello queremos destacar el trabajo en conjunto con las municipalidades, la Gobernadora Regional y los Consejeros y Consejeras, pues en conjunto hemos podido impulsar este apoyo a nuestros productores de la regi\u00f3n\u00bb, sostuvo\u00a0<\/span><\/p>\n<p class=\"v1MsoNormal\" style=\"text-align: justify;\"><b><span class=\"v1ContentPasted0\">Entrega en coordinaci\u00f3n con los alcaldes\u00a0\u00a0<\/span><\/b><\/p>\n<p class=\"v1MsoNormal\" style=\"text-align: justify;\"><span class=\"v1ContentPasted0\">Suma de recursos y voluntades que en el caso de Tortel permiti\u00f3 materializar ayuda a 27 productores\/as de la comuna de Tortel a quienes se le entregaron 20 sacos de concentrado, contemplando las particularidades asociadas al movimiento fluvial y mar\u00edtimo.\u00a0<\/span><\/p>\n<p class=\"v1MsoNormal\" style=\"text-align: justify;\"><span class=\"v1ContentPasted0\">\u00abLa semana pasada el Seremi viaj\u00f3 a la comuna de Caleta Tortel con todos los compromisos que ten\u00edamos, as\u00ed que aprovechamos de darle las gracias y para las personas que no pudieron asistir, nosotros como municipio estamos haciendo todo el movimiento log\u00edstico y estamos dejando los sacos de concentrado en sus respectivos predios\u00bb, precis\u00f3 el alcalde Abel Becerra Vidal qui\u00e9n en conjunto con la Direcci\u00f3n de Desarrollo Comunitario propiciaron la llegada de ayuda a sectores aislados.\u00a0<\/span><\/p>\n<p class=\"v1MsoNormal\" style=\"text-align: justify;\"><span class=\"v1ContentPasted0\">Mismo esfuerzo y coordinaci\u00f3n en la gesti\u00f3n que permiti\u00f3 concretarla entrega a 265 productores agropecuarios de La Junta, en conjunto con la Municipalidad de Cisnes.\u00a0\u00a0<\/span><\/p>\n<p class=\"v1MsoNormal\" style=\"text-align: justify;\"><span class=\"v1ContentPasted0\">\u00abEstamos muy contentos como comuna por el trabajo colaborativo y coordinado que hemos llevado adelante con el Ministerio de Agricultura. Despu\u00e9s de haber declarado la comuna con emergencia agr\u00edcola.\u00a0 Hoy d\u00eda este trabajo se ve reflejado en la entrega de alimento concentrado para animales a 265 usuarios de nuestra comuna. Son 20 sacos de 25 kilos para cada uno de los productores y con eso vamos a apoyar en un proceso complejo post heladas, post fr\u00edo y en un momento en que estamos en plena parici\u00f3n en los campos\u00bb, se\u00f1al\u00f3 el alcalde de la comuna Francisco\u00a0Roncagliolo\u00a0Lepio.\u00a0<\/span><\/p>\n<\/div><\/section><\/div><div  style='height:50px' class='hr hr-invisible   avia-builder-el-6  el_after_av_one_full  el_before_av_social_share '><span class='hr-inner ' ><span class='hr-inner-style'><\/span><\/span><\/div><\/p>\n<div  class='av-social-sharing-box  avia-builder-el-7  el_after_av_hr  el_before_av_hr  '><div class='av-share-box'><h5 class='av-share-link-description av-no-toc '>Compartir esta noticia<\/h5><ul class='av-share-box-list noLightbox'><li class='av-share-link av-social-link-facebook' ><a target=\"_blank\" aria-label=\"Compartir en Facebook\" href='https:\/\/www.facebook.com\/sharer.php?u=https:\/\/radiorevelacionfm.cl\/?p=23643&#038;t=Productores%2Fas%20agropecuarios%20de%20Tortel%20y%20La%20Junta%20reciben%20apoyo%20en%20el%20marco%20de%20Plan%20Siembra%20Por%20Chile' aria-hidden='false' data-av_icon='\ue8f3' data-av_iconfont='entypo-fontello' title='' data-avia-related-tooltip='Compartir en Facebook' rel=\"noopener\"><span class='avia_hidden_link_text'>Compartir en Facebook<\/span><\/a><\/li><li class='av-share-link av-social-link-twitter' ><a target=\"_blank\" aria-label=\"Compartir en Twitter\" href='https:\/\/twitter.com\/share?text=Productores%2Fas%20agropecuarios%20de%20Tortel%20y%20La%20Junta%20reciben%20apoyo%20en%20el%20marco%20de%20Plan%20Siembra%20Por%20Chile&#038;url=https:\/\/radiorevelacionfm.cl\/?p=23643' aria-hidden='false' data-av_icon='\ue8f1' data-av_iconfont='entypo-fontello' title='' data-avia-related-tooltip='Compartir en Twitter' rel=\"noopener\"><span class='avia_hidden_link_text'>Compartir en Twitter<\/span><\/a><\/li><li class='av-share-link av-social-link-whatsapp' ><a target=\"_blank\" aria-label=\"Compartir en Whatsapp\" href='https:\/\/api.whatsapp.com\/send?text=https:\/\/radiorevelacionfm.cl\/?p=23643' aria-hidden='false' data-av_icon='\uf232' data-av_iconfont='entypo-fontello' title='' data-avia-related-tooltip='Compartir en Whatsapp' rel=\"noopener\"><span class='avia_hidden_link_text'>Compartir en Whatsapp<\/span><\/a><\/li><li class='av-share-link av-social-link-linkedin' ><a target=\"_blank\" aria-label=\"Compartir en LinkedIn\" href='https:\/\/linkedin.com\/shareArticle?mini=true&#038;title=Productores%2Fas%20agropecuarios%20de%20Tortel%20y%20La%20Junta%20reciben%20apoyo%20en%20el%20marco%20de%20Plan%20Siembra%20Por%20Chile&#038;url=https:\/\/radiorevelacionfm.cl\/?p=23643' aria-hidden='false' data-av_icon='\ue8fc' data-av_iconfont='entypo-fontello' title='' data-avia-related-tooltip='Compartir en LinkedIn' rel=\"noopener\"><span class='avia_hidden_link_text'>Compartir en LinkedIn<\/span><\/a><\/li><li class='av-share-link av-social-link-mail' ><a  aria-label=\"Compartir por correo\" href='mailto:?subject=Productores%2Fas%20agropecuarios%20de%20Tortel%20y%20La%20Junta%20reciben%20apoyo%20en%20el%20marco%20de%20Plan%20Siembra%20Por%20Chile&#038;body=https:\/\/radiorevelacionfm.cl\/?p=23643' aria-hidden='false' data-av_icon='\ue805' data-av_iconfont='entypo-fontello' title='' data-avia-related-tooltip='Compartir por correo'><span class='avia_hidden_link_text'>Compartir por correo<\/span><\/a><\/li><\/ul><\/div><\/div>\n<div  style='height:50px' class='hr hr-invisible   avia-builder-el-8  el_after_av_social_share  el_before_av_comments_list '><span class='hr-inner ' ><span class='hr-inner-style'><\/span><\/span><\/div>\n<div  class='av-buildercomment  av-blog-meta-html-info-disabled av-blog-meta-tag-disabled  '><\/div>\n","protected":false},"excerpt":{"rendered":"","protected":false},"author":1,"featured_media":23644,"comment_status":"open","ping_status":"open","sticky":false,"template":"","format":"standard","meta":{"footnotes":""},"categories":[58],"tags":[],"class_list":["post-23643","post","type-post","status-publish","format-standard","has-post-thumbnail","hentry","category-agricultura"],"jetpack_featured_media_url":"https:\/\/radiorevelacionfm.cl\/wp-content\/uploads\/2022\/10\/la-junta-02-1_optimized.jpg","_links":{"self":[{"href":"https:\/\/radiorevelacionfm.cl\/index.php?rest_route=\/wp\/v2\/posts\/23643","targetHints":{"allow":["GET"]}}],"collection":[{"href":"https:\/\/radiorevelacionfm.cl\/index.php?rest_route=\/wp\/v2\/posts"}],"about":[{"href":"https:\/\/radiorevelacionfm.cl\/index.php?rest_route=\/wp\/v2\/types\/post"}],"author":[{"embeddable":true,"href":"https:\/\/radiorevelacionfm.cl\/index.php?rest_route=\/wp\/v2\/users\/1"}],"replies":[{"embeddable":true,"href":"https:\/\/radiorevelacionfm.cl\/index.php?rest_route=%2Fwp%2Fv2%2Fcomments&post=23643"}],"version-history":[{"count":2,"href":"https:\/\/radiorevelacionfm.cl\/index.php?rest_route=\/wp\/v2\/posts\/23643\/revisions"}],"predecessor-version":[{"id":23648,"href":"https:\/\/radiorevelacionfm.cl\/index.php?rest_route=\/wp\/v2\/posts\/23643\/revisions\/23648"}],"wp:featuredmedia":[{"embeddable":true,"href":"https:\/\/radiorevelacionfm.cl\/index.php?rest_route=\/wp\/v2\/media\/23644"}],"wp:attachment":[{"href":"https:\/\/radiorevelacionfm.cl\/index.php?rest_route=%2Fwp%2Fv2%2Fmedia&parent=23643"}],"wp:term":[{"taxonomy":"category","embeddable":true,"href":"https:\/\/radiorevelacionfm.cl\/index.php?rest_route=%2Fwp%2Fv2%2Fcategories&post=23643"},{"taxonomy":"post_tag","embeddable":true,"href":"https:\/\/radiorevelacionfm.cl\/index.php?rest_route=%2Fwp%2Fv2%2Ftags&post=23643"}],"curies":[{"name":"wp","href":"https:\/\/api.w.org\/{rel}","templated":true}]}}