{"id":2364,"date":"2021-02-03T18:42:29","date_gmt":"2021-02-03T21:42:29","guid":{"rendered":"https:\/\/radiorevelacionfm.cl\/?p=2364"},"modified":"2021-02-03T18:42:29","modified_gmt":"2021-02-03T21:42:29","slug":"matrimonio-de-adultos-mayores-fueron-uno-de-los-primeros-en-recibir-vacuna-contra-el-covid-19-en-la-provincia","status":"publish","type":"post","link":"https:\/\/radiorevelacionfm.cl\/?p=2364","title":{"rendered":"Matrimonio de Adultos Mayores fueron uno de los primeros en recibir vacuna contra el Covid-19 en la provincia"},"content":{"rendered":"<div class=\"flex_column av_one_full  flex_column_div av-zero-column-padding first  avia-builder-el-0  el_before_av_one_full  avia-builder-el-first  \" style='border-radius:0px; '><div  class='avia-image-container  av-styling-    avia-builder-el-1  avia-builder-el-no-sibling  avia-align-center '  itemprop=\"image\" itemscope=\"itemscope\" itemtype=\"https:\/\/schema.org\/ImageObject\"  ><div class='avia-image-container-inner'><div class='avia-image-overlay-wrap'><img decoding=\"async\" class='wp-image-0 avia-img-lazy-loading-not-0 avia_image' src=\"https:\/\/radiorevelacionfm.cl\/wp-content\/uploads\/2021\/02\/1-13_optimized-scaled.jpg\" alt='' title=''   itemprop=\"thumbnailUrl\"  \/><\/div><\/div><\/div><\/div><div class=\"flex_column av_one_full  flex_column_div av-zero-column-padding first  avia-builder-el-2  el_after_av_one_full  el_before_av_one_full  column-top-margin\" style='border-radius:0px; '><section class=\"av_textblock_section \"  itemscope=\"itemscope\" itemtype=\"https:\/\/schema.org\/BlogPosting\" itemprop=\"blogPost\" ><div class='avia_textblock  '   itemprop=\"text\" ><p style=\"text-align: center;\"><span style=\"font-size: 18pt;\"><strong>Matrimonio de Adultos Mayores fueron uno de los primeros en recibir vacuna contra el Covid-19 en la provincia<\/strong><\/span><\/p>\n<div id=\"gtx-trans\" style=\"position: absolute; left: -50px; top: 4.31534px;\">\n<div class=\"gtx-trans-icon\"><\/div>\n<\/div>\n<\/div><\/section><\/div><div class=\"flex_column av_one_full  flex_column_div av-zero-column-padding first  avia-builder-el-4  el_after_av_one_full  el_before_av_hr  column-top-margin\" style='border-radius:0px; '><section class=\"av_textblock_section \"  itemscope=\"itemscope\" itemtype=\"https:\/\/schema.org\/BlogPosting\" itemprop=\"blogPost\" ><div class='avia_textblock  '   itemprop=\"text\" ><p style=\"text-align: justify;\">Proceso de vacunaci\u00f3n es apoyado por el programa Gobierno en Terreno de la gobernaci\u00f3n de Ays\u00e9n.<\/p>\n<p style=\"text-align: justify;\">Matrimonio compuesto por Olga y Jorge llegaron contentos al lugar de vacunatorio.<\/p>\n<p style=\"text-align: justify;\">Olga Vera y Jorge S\u00e1nchez es un matrimonio de adultos mayores que han hecho toda su vida en Puerto Ays\u00e9n y que producto de esta pandemia han tenido que acomodar su rutina diaria y adaptarse a los nuevos tiempos que estamos viviendo como sociedad.<\/p>\n<p style=\"text-align: justify;\">Don Jorge S\u00e1nchez una vez terminado el proceso de inoculaci\u00f3n entregaba sus impresiones de este importante acontecimiento \u201cnos levantamos tempranito, madrugamos y estuvimos aqu\u00ed a la hora precisa donde nos vacunaron sin problemas y muy buena la atenci\u00f3n del hospital, los funcionarios un siete\u201d.<\/p>\n<p style=\"text-align: justify;\">Por su parte la se\u00f1ora Olga Vera entregaba un importante mensaje a la comunidad \u201cque vengan porque esto es vida, es vida lo que nos est\u00e1n poniendo, entonces vamos a hacer m\u00e1s libres, ahora nosotros andamos m\u00e1s contentos porque podemos conversar con m\u00e1s gente, sino pod\u00edamos porque est\u00e1bamos encerrados\u201d.<\/p>\n<p style=\"text-align: justify;\">Del importante rol que han cumplido diferentes instituciones para dar comienzo al proceso de vacunaci\u00f3n en el pa\u00eds el Gobernador Manuel Ortiz indicaba \u201cquiero agradecer al Alcalde de Guaitecas Marco Silva, al Alcalde de Cisne Francisco Roncagliolo y al Alcalde Ays\u00e9n Luis Mart\u00ednez porque este trabajo hecho con municipio, con salud y nosotros como gobernaci\u00f3n llega a feliz t\u00e9rmino y nos da la tremenda tranquilidad que estamos cumpliendo con lo que se le dijo al pueblo de Chile y as\u00ed ha quedado reflejado con este primer d\u00eda de vacunaci\u00f3n en nuestra provincia de Ays\u00e9n\u201d.<\/p>\n<p style=\"text-align: justify;\">Finalmente hacer menci\u00f3n al enorme trabajo desplegado por todo el equipo de Profesionales de la salud, \u00a0trabajo incansable \u00a0en cada uno de los territorios de Ays\u00e9n.<\/p>\n<p style=\"text-align: justify;\">Te invitamos a conocer el calendario de vacunaci\u00f3n contra el coronavirus <a href=\"https:\/\/www.gob.cl\/yomevacuno\/calendario\/\">https:\/\/www.gob.cl\/yomevacuno\/calendario\/<\/a><\/p>\n<\/div><\/section><\/div><div  style='height:50px' class='hr hr-invisible   avia-builder-el-6  el_after_av_one_full  el_before_av_social_share '><span class='hr-inner ' ><span class='hr-inner-style'><\/span><\/span><\/div><\/p>\n<div  class='av-social-sharing-box  avia-builder-el-7  el_after_av_hr  el_before_av_hr  '><div class='av-share-box'><h5 class='av-share-link-description av-no-toc '>Compartir esta noticia<\/h5><ul class='av-share-box-list noLightbox'><li class='av-share-link av-social-link-facebook' ><a target=\"_blank\" aria-label=\"Compartir en Facebook\" href='https:\/\/www.facebook.com\/sharer.php?u=https:\/\/radiorevelacionfm.cl\/?p=2364&#038;t=Matrimonio%20de%20Adultos%20Mayores%20fueron%20uno%20de%20los%20primeros%20en%20recibir%20vacuna%20contra%20el%20Covid-19%20en%20la%20provincia' aria-hidden='false' data-av_icon='\ue8f3' data-av_iconfont='entypo-fontello' title='' data-avia-related-tooltip='Compartir en Facebook' rel=\"noopener\"><span class='avia_hidden_link_text'>Compartir en Facebook<\/span><\/a><\/li><li class='av-share-link av-social-link-twitter' ><a target=\"_blank\" aria-label=\"Compartir en Twitter\" href='https:\/\/twitter.com\/share?text=Matrimonio%20de%20Adultos%20Mayores%20fueron%20uno%20de%20los%20primeros%20en%20recibir%20vacuna%20contra%20el%20Covid-19%20en%20la%20provincia&#038;url=https:\/\/radiorevelacionfm.cl\/?p=2364' aria-hidden='false' data-av_icon='\ue8f1' data-av_iconfont='entypo-fontello' title='' data-avia-related-tooltip='Compartir en Twitter' rel=\"noopener\"><span class='avia_hidden_link_text'>Compartir en Twitter<\/span><\/a><\/li><li class='av-share-link av-social-link-whatsapp' ><a target=\"_blank\" aria-label=\"Compartir en Whatsapp\" href='https:\/\/api.whatsapp.com\/send?text=https:\/\/radiorevelacionfm.cl\/?p=2364' aria-hidden='false' data-av_icon='\uf232' data-av_iconfont='entypo-fontello' title='' data-avia-related-tooltip='Compartir en Whatsapp' rel=\"noopener\"><span class='avia_hidden_link_text'>Compartir en Whatsapp<\/span><\/a><\/li><li class='av-share-link av-social-link-linkedin' ><a target=\"_blank\" aria-label=\"Compartir en LinkedIn\" href='https:\/\/linkedin.com\/shareArticle?mini=true&#038;title=Matrimonio%20de%20Adultos%20Mayores%20fueron%20uno%20de%20los%20primeros%20en%20recibir%20vacuna%20contra%20el%20Covid-19%20en%20la%20provincia&#038;url=https:\/\/radiorevelacionfm.cl\/?p=2364' aria-hidden='false' data-av_icon='\ue8fc' data-av_iconfont='entypo-fontello' title='' data-avia-related-tooltip='Compartir en LinkedIn' rel=\"noopener\"><span class='avia_hidden_link_text'>Compartir en LinkedIn<\/span><\/a><\/li><li class='av-share-link av-social-link-mail' ><a  aria-label=\"Compartir por correo\" href='mailto:?subject=Matrimonio%20de%20Adultos%20Mayores%20fueron%20uno%20de%20los%20primeros%20en%20recibir%20vacuna%20contra%20el%20Covid-19%20en%20la%20provincia&#038;body=https:\/\/radiorevelacionfm.cl\/?p=2364' aria-hidden='false' data-av_icon='\ue805' data-av_iconfont='entypo-fontello' title='' data-avia-related-tooltip='Compartir por correo'><span class='avia_hidden_link_text'>Compartir por correo<\/span><\/a><\/li><\/ul><\/div><\/div>\n<div  style='height:50px' class='hr hr-invisible   avia-builder-el-8  el_after_av_social_share  el_before_av_comments_list '><span class='hr-inner ' ><span class='hr-inner-style'><\/span><\/span><\/div>\n<div  class='av-buildercomment  av-blog-meta-html-info-disabled av-blog-meta-tag-disabled  '><\/div>\n","protected":false},"excerpt":{"rendered":"","protected":false},"author":1,"featured_media":0,"comment_status":"open","ping_status":"open","sticky":false,"template":"","format":"standard","meta":{"footnotes":""},"categories":[46],"tags":[],"class_list":["post-2364","post","type-post","status-publish","format-standard","hentry","category-salud"],"jetpack_featured_media_url":"","_links":{"self":[{"href":"https:\/\/radiorevelacionfm.cl\/index.php?rest_route=\/wp\/v2\/posts\/2364","targetHints":{"allow":["GET"]}}],"collection":[{"href":"https:\/\/radiorevelacionfm.cl\/index.php?rest_route=\/wp\/v2\/posts"}],"about":[{"href":"https:\/\/radiorevelacionfm.cl\/index.php?rest_route=\/wp\/v2\/types\/post"}],"author":[{"embeddable":true,"href":"https:\/\/radiorevelacionfm.cl\/index.php?rest_route=\/wp\/v2\/users\/1"}],"replies":[{"embeddable":true,"href":"https:\/\/radiorevelacionfm.cl\/index.php?rest_route=%2Fwp%2Fv2%2Fcomments&post=2364"}],"version-history":[{"count":1,"href":"https:\/\/radiorevelacionfm.cl\/index.php?rest_route=\/wp\/v2\/posts\/2364\/revisions"}],"predecessor-version":[{"id":2366,"href":"https:\/\/radiorevelacionfm.cl\/index.php?rest_route=\/wp\/v2\/posts\/2364\/revisions\/2366"}],"wp:attachment":[{"href":"https:\/\/radiorevelacionfm.cl\/index.php?rest_route=%2Fwp%2Fv2%2Fmedia&parent=2364"}],"wp:term":[{"taxonomy":"category","embeddable":true,"href":"https:\/\/radiorevelacionfm.cl\/index.php?rest_route=%2Fwp%2Fv2%2Fcategories&post=2364"},{"taxonomy":"post_tag","embeddable":true,"href":"https:\/\/radiorevelacionfm.cl\/index.php?rest_route=%2Fwp%2Fv2%2Ftags&post=2364"}],"curies":[{"name":"wp","href":"https:\/\/api.w.org\/{rel}","templated":true}]}}