{"id":23636,"date":"2022-10-28T16:15:38","date_gmt":"2022-10-28T19:15:38","guid":{"rendered":"https:\/\/radiorevelacionfm.cl\/?p=23636"},"modified":"2022-10-28T17:10:58","modified_gmt":"2022-10-28T20:10:58","slug":"anuncian-apertura-de-nuevos-pasos-fronterizos-en-la-region-de-aysen-desde-el-proximo-01-de-noviembre","status":"publish","type":"post","link":"https:\/\/radiorevelacionfm.cl\/?p=23636","title":{"rendered":"Anuncian apertura de nuevos Pasos Fronterizos en la Regi\u00f3n de Ays\u00e9n desde el pr\u00f3ximo 01 de noviembre"},"content":{"rendered":"<div class=\"flex_column av_one_full  flex_column_div av-zero-column-padding first  avia-builder-el-0  el_before_av_one_full  avia-builder-el-first  \" style='border-radius:0px; '><div  class='avia-image-container  av-styling-    avia-builder-el-1  avia-builder-el-no-sibling  avia-align-center '  itemprop=\"image\" itemscope=\"itemscope\" itemtype=\"https:\/\/schema.org\/ImageObject\"  ><div class='avia-image-container-inner'><div class='avia-image-overlay-wrap'><img decoding=\"async\" class='wp-image-23637 avia-img-lazy-loading-not-23637 avia_image' src=\"https:\/\/radiorevelacionfm.cl\/wp-content\/uploads\/2022\/10\/pasos-fronterizos-chilejpeg-1-1.jpg\" alt='' title='pasos-fronterizos-chilejpeg (1) (1)' height=\"600\" width=\"981\"  itemprop=\"thumbnailUrl\" srcset=\"https:\/\/radiorevelacionfm.cl\/wp-content\/uploads\/2022\/10\/pasos-fronterizos-chilejpeg-1-1.jpg 981w, https:\/\/radiorevelacionfm.cl\/wp-content\/uploads\/2022\/10\/pasos-fronterizos-chilejpeg-1-1-300x183.jpg 300w, https:\/\/radiorevelacionfm.cl\/wp-content\/uploads\/2022\/10\/pasos-fronterizos-chilejpeg-1-1-768x470.jpg 768w, https:\/\/radiorevelacionfm.cl\/wp-content\/uploads\/2022\/10\/pasos-fronterizos-chilejpeg-1-1-705x431.jpg 705w, https:\/\/radiorevelacionfm.cl\/wp-content\/uploads\/2022\/10\/pasos-fronterizos-chilejpeg-1-1-600x367.jpg 600w\" sizes=\"(max-width: 981px) 100vw, 981px\" \/><\/div><\/div><\/div><\/div>\n<div class=\"flex_column av_one_full  flex_column_div av-zero-column-padding first  avia-builder-el-2  el_after_av_one_full  el_before_av_one_full  column-top-margin\" style='border-radius:0px; '><section class=\"av_textblock_section \"  itemscope=\"itemscope\" itemtype=\"https:\/\/schema.org\/BlogPosting\" itemprop=\"blogPost\" ><div class='avia_textblock  '   itemprop=\"text\" ><p style=\"text-align: center;\"><strong><span style=\"font-size: 18pt;\">Anuncian apertura de nuevos Pasos Fronterizos en la Regi\u00f3n de Ays\u00e9n desde el pr\u00f3ximo 01 de noviembre<\/span><\/strong><\/p>\n<div id=\"gtx-trans\" style=\"position: absolute; left: -50px; top: 4.31534px;\">\n<div class=\"gtx-trans-icon\"><\/div>\n<\/div>\n<\/div><\/section><\/div>\n<div class=\"flex_column av_one_full  flex_column_div av-zero-column-padding first  avia-builder-el-4  el_after_av_one_full  el_before_av_hr  column-top-margin\" style='border-radius:0px; '><section class=\"av_textblock_section \"  itemscope=\"itemscope\" itemtype=\"https:\/\/schema.org\/BlogPosting\" itemprop=\"blogPost\" ><div class='avia_textblock  '   itemprop=\"text\" ><p style=\"font-weight: 400; text-align: justify;\">La apertura de nuevos pasos fronterizos que permanec\u00edan cerrados desde el 16 de marzo de 2020 en la Regi\u00f3n de Ays\u00e9n anunci\u00f3 el Gobierno, en el marco de la Pol\u00edtica Nacional de Seguridad P\u00fablica 2022-2026 y del proceso paulatino de restablecimiento del tr\u00e1nsito en fronteras, tras la pandemia.<\/p>\n<p style=\"font-weight: 400; text-align: justify;\">As\u00ed lo informaron este viernes el Delegado Presidencial Regional (s), Patricio Sanhueza; jefe de la XI Zona de Carabineros Ays\u00e9n, General Patricio Santos; Jefe de la Regi\u00f3n Policial de Ays\u00e9n de la PDI, prefecto Christian Fuentes; jefe del Departamento de Acci\u00f3n Sanitaria de la Seremi de Salud, Felipe Vidal; director regional de Aduanas, V\u00edctor Valenzuela, y director regional (s) del SAG, H\u00e9ctor Cuevas.<\/p>\n<p style=\"font-weight: 400; text-align: justify;\">Se trata de los pasos fronterizos Las Pampas, R\u00edo Fr\u00edas Appeleg, Pampa Alta, Triana, Roballos, R\u00edo Mayer y R\u00edo Mosco, que el pr\u00f3ximo uno de noviembre se sumar\u00e1n a los pasos fronterizos ya operativos Integrado Huemules, Ingeniero Ib\u00e1\u00f1ez-Pallavicini y Jeinimeni.<\/p>\n<p style=\"font-weight: 400; text-align: justify;\">El Delegado Presidencial Regional (s) Patricio Sanhueza indic\u00f3 que \u201catendiendo a las condiciones sanitarias y ante la importancia del restablecimiento del tr\u00e1nsito entre Chile y Argentina para las relaciones familiares, de amistad, de trabajo y turismo, entre otras, hemos trabajado con todas las instituciones pertinentes: Delegaciones Presidenciales Regional, Delegaciones Presidenciales Provinciales, Seremi de Salud, Carabineros de Chile, PDI, SAG y Aduanas para esta significativa apertura de los pasos fronterizos de la Regi\u00f3n de Ays\u00e9n\u201d.<\/p>\n<p style=\"font-weight: 400; text-align: justify;\">El General Patricio Santos subray\u00f3 que la apertura se enmarca en la Pol\u00edtica Nacional de Seguridad P\u00fablica 2022-2026, a partir de la cual Carabineros estar\u00e1 destinado al cumplimiento de funciones fronterizas sustitutivas del SAG, Aduanas, Polic\u00eda de Investigaciones y Control Sanitario.<\/p>\n<p style=\"font-weight: 400; text-align: justify;\">\u201cSe van a habilitar, a partir del uno de noviembre, ocho pasos fronterizos al resguardo de Carabineros en cumplimiento de funciones sustitutivas y que estaban cerrados desde el 16 de marzo de 2020. Esto implica cerca del 20% de la dotaci\u00f3n operativa de la regi\u00f3n, cerca de 200 carabineros est\u00e1n comprometidos en esto. Como recomendaci\u00f3n a la comunidad, en cuanto al SAG vamos a hacer el control fitosanitario; en torno a Aduanas, verificar las mercanc\u00edas que transitan, en torno al control Migratorio veremos los antecedentes policiales de las personas y la salida de ni\u00f1as, ni\u00f1os y adolescentes\u201d, detall\u00f3.<\/p>\n<p style=\"font-weight: 400; text-align: justify;\">Respecto de las exigencias sanitarias para el ingreso a Chile, Felipe Vidal indic\u00f3 que \u201cse requerir\u00e1 esquema de vacunaci\u00f3n completo o bien un PCR con resultado negativo constatado con un m\u00e1ximo de 48 horas antes del ingreso al pa\u00eds. En caso de no poseer ninguno de los dos, se deber\u00e1 firmar una declaraci\u00f3n jurada donde se compromete la toma de un PCR dentro de las 24 horas siguientes al ingreso al pa\u00eds\u201d.<\/p>\n<p style=\"font-weight: 400; text-align: justify;\"><strong>Llamado a la gesti\u00f3n anticipada de la documentaci\u00f3n<\/strong><\/p>\n<p style=\"font-weight: 400; text-align: justify;\">En cuanto al salvoconducto otorgado por la Polic\u00eda de Investigaciones, este se debe tramitar anticipadamente en las oficinas de Migraci\u00f3n y Polic\u00eda Internacional de la PDI en Puerto Ays\u00e9n y Coyhaique.<\/p>\n<p style=\"font-weight: 400; text-align: justify;\">\u201cEl salvoconducto se puede tramitar en la ciudad de Ays\u00e9n y Coyhaique, sin perjuicio de ello, se trabaja con Gobierno Digital en la implementaci\u00f3n de un Salvoconducto Digital que estar\u00e1 prontamente en la plataforma institucional en un plazo de no m\u00e1s all\u00e1 de dos semanas\u201d, detall\u00f3 el Prefecto de la PDI.<\/p>\n<p style=\"font-weight: 400; text-align: justify;\">En el mismo sentido, se solicit\u00f3 descargar y completar con anticipaci\u00f3n la declaraci\u00f3n SAG\/Aduana, as\u00ed como tambi\u00e9n quienes viajen con autom\u00f3vil chileno fuera del pa\u00eds, completen anticipadamente el formulario de salida y admisi\u00f3n temporal del veh\u00edculo.<\/p>\n<p style=\"font-weight: 400; text-align: justify;\">El principal llamado a la comunidad es programar oportunamente cada salida, reunir la documentaci\u00f3n necesaria con antelaci\u00f3n, consultar previamente condiciones de las rutas, horarios de atenci\u00f3n y todos los detalles necesarios para un viaje expedito y seguro.<\/p>\n<p style=\"font-weight: 400; text-align: justify;\">Con ello diez de los trece pasos fronterizos estar\u00e1n operativos desde el 01 de noviembre, faltando solo Coyhaique Alto y Dos Lagunas-Marconi, donde se realizar\u00e1n mejoramientos para su pr\u00f3xima apertura.<\/p>\n<\/div><\/section><\/div><div  style='height:50px' class='hr hr-invisible   avia-builder-el-6  el_after_av_one_full  el_before_av_social_share '><span class='hr-inner ' ><span class='hr-inner-style'><\/span><\/span><\/div><\/p>\n<div  class='av-social-sharing-box  avia-builder-el-7  el_after_av_hr  el_before_av_hr  '><div class='av-share-box'><h5 class='av-share-link-description av-no-toc '>Compartir esta noticia<\/h5><ul class='av-share-box-list noLightbox'><li class='av-share-link av-social-link-facebook' ><a target=\"_blank\" aria-label=\"Compartir en Facebook\" href='https:\/\/www.facebook.com\/sharer.php?u=https:\/\/radiorevelacionfm.cl\/?p=23636&#038;t=Anuncian%20apertura%20de%20nuevos%20Pasos%20Fronterizos%20en%20la%20Regi%C3%B3n%20de%20Ays%C3%A9n%20desde%20el%20pr%C3%B3ximo%2001%20de%20noviembre' aria-hidden='false' data-av_icon='\ue8f3' data-av_iconfont='entypo-fontello' title='' data-avia-related-tooltip='Compartir en Facebook' rel=\"noopener\"><span class='avia_hidden_link_text'>Compartir en Facebook<\/span><\/a><\/li><li class='av-share-link av-social-link-twitter' ><a target=\"_blank\" aria-label=\"Compartir en Twitter\" href='https:\/\/twitter.com\/share?text=Anuncian%20apertura%20de%20nuevos%20Pasos%20Fronterizos%20en%20la%20Regi%C3%B3n%20de%20Ays%C3%A9n%20desde%20el%20pr%C3%B3ximo%2001%20de%20noviembre&#038;url=https:\/\/radiorevelacionfm.cl\/?p=23636' aria-hidden='false' data-av_icon='\ue8f1' data-av_iconfont='entypo-fontello' title='' data-avia-related-tooltip='Compartir en Twitter' rel=\"noopener\"><span class='avia_hidden_link_text'>Compartir en Twitter<\/span><\/a><\/li><li class='av-share-link av-social-link-whatsapp' ><a target=\"_blank\" aria-label=\"Compartir en Whatsapp\" href='https:\/\/api.whatsapp.com\/send?text=https:\/\/radiorevelacionfm.cl\/?p=23636' aria-hidden='false' data-av_icon='\uf232' data-av_iconfont='entypo-fontello' title='' data-avia-related-tooltip='Compartir en Whatsapp' rel=\"noopener\"><span class='avia_hidden_link_text'>Compartir en Whatsapp<\/span><\/a><\/li><li class='av-share-link av-social-link-linkedin' ><a target=\"_blank\" aria-label=\"Compartir en LinkedIn\" href='https:\/\/linkedin.com\/shareArticle?mini=true&#038;title=Anuncian%20apertura%20de%20nuevos%20Pasos%20Fronterizos%20en%20la%20Regi%C3%B3n%20de%20Ays%C3%A9n%20desde%20el%20pr%C3%B3ximo%2001%20de%20noviembre&#038;url=https:\/\/radiorevelacionfm.cl\/?p=23636' aria-hidden='false' data-av_icon='\ue8fc' data-av_iconfont='entypo-fontello' title='' data-avia-related-tooltip='Compartir en LinkedIn' rel=\"noopener\"><span class='avia_hidden_link_text'>Compartir en LinkedIn<\/span><\/a><\/li><li class='av-share-link av-social-link-mail' ><a  aria-label=\"Compartir por correo\" href='mailto:?subject=Anuncian%20apertura%20de%20nuevos%20Pasos%20Fronterizos%20en%20la%20Regi%C3%B3n%20de%20Ays%C3%A9n%20desde%20el%20pr%C3%B3ximo%2001%20de%20noviembre&#038;body=https:\/\/radiorevelacionfm.cl\/?p=23636' aria-hidden='false' data-av_icon='\ue805' data-av_iconfont='entypo-fontello' title='' data-avia-related-tooltip='Compartir por correo'><span class='avia_hidden_link_text'>Compartir por correo<\/span><\/a><\/li><\/ul><\/div><\/div>\n<div  style='height:50px' class='hr hr-invisible   avia-builder-el-8  el_after_av_social_share  el_before_av_comments_list '><span class='hr-inner ' ><span class='hr-inner-style'><\/span><\/span><\/div>\n<div  class='av-buildercomment  av-blog-meta-html-info-disabled av-blog-meta-tag-disabled  '><\/div>\n","protected":false},"excerpt":{"rendered":"","protected":false},"author":1,"featured_media":23637,"comment_status":"open","ping_status":"open","sticky":false,"template":"","format":"standard","meta":{"footnotes":""},"categories":[38],"tags":[],"class_list":["post-23636","post","type-post","status-publish","format-standard","has-post-thumbnail","hentry","category-regional"],"jetpack_featured_media_url":"https:\/\/radiorevelacionfm.cl\/wp-content\/uploads\/2022\/10\/pasos-fronterizos-chilejpeg-1-1.jpg","_links":{"self":[{"href":"https:\/\/radiorevelacionfm.cl\/index.php?rest_route=\/wp\/v2\/posts\/23636","targetHints":{"allow":["GET"]}}],"collection":[{"href":"https:\/\/radiorevelacionfm.cl\/index.php?rest_route=\/wp\/v2\/posts"}],"about":[{"href":"https:\/\/radiorevelacionfm.cl\/index.php?rest_route=\/wp\/v2\/types\/post"}],"author":[{"embeddable":true,"href":"https:\/\/radiorevelacionfm.cl\/index.php?rest_route=\/wp\/v2\/users\/1"}],"replies":[{"embeddable":true,"href":"https:\/\/radiorevelacionfm.cl\/index.php?rest_route=%2Fwp%2Fv2%2Fcomments&post=23636"}],"version-history":[{"count":3,"href":"https:\/\/radiorevelacionfm.cl\/index.php?rest_route=\/wp\/v2\/posts\/23636\/revisions"}],"predecessor-version":[{"id":23651,"href":"https:\/\/radiorevelacionfm.cl\/index.php?rest_route=\/wp\/v2\/posts\/23636\/revisions\/23651"}],"wp:featuredmedia":[{"embeddable":true,"href":"https:\/\/radiorevelacionfm.cl\/index.php?rest_route=\/wp\/v2\/media\/23637"}],"wp:attachment":[{"href":"https:\/\/radiorevelacionfm.cl\/index.php?rest_route=%2Fwp%2Fv2%2Fmedia&parent=23636"}],"wp:term":[{"taxonomy":"category","embeddable":true,"href":"https:\/\/radiorevelacionfm.cl\/index.php?rest_route=%2Fwp%2Fv2%2Fcategories&post=23636"},{"taxonomy":"post_tag","embeddable":true,"href":"https:\/\/radiorevelacionfm.cl\/index.php?rest_route=%2Fwp%2Fv2%2Ftags&post=23636"}],"curies":[{"name":"wp","href":"https:\/\/api.w.org\/{rel}","templated":true}]}}