{"id":23632,"date":"2022-10-28T17:25:55","date_gmt":"2022-10-28T20:25:55","guid":{"rendered":"https:\/\/radiorevelacionfm.cl\/?p=23632"},"modified":"2022-10-28T18:53:09","modified_gmt":"2022-10-28T21:53:09","slug":"invitan-a-participar-en-concurso-ponle-energia-a-tu-pyme-2022","status":"publish","type":"post","link":"https:\/\/radiorevelacionfm.cl\/?p=23632","title":{"rendered":"Invitan a participar en concurso \u201cPonle Energ\u00eda a Tu Pyme 2022\u201d"},"content":{"rendered":"<div class=\"flex_column av_one_full  flex_column_div av-zero-column-padding first  avia-builder-el-0  el_before_av_one_full  avia-builder-el-first  \" style='border-radius:0px; '><div  class='avia-image-container  av-styling-    avia-builder-el-1  avia-builder-el-no-sibling  avia-align-center '  itemprop=\"image\" itemscope=\"itemscope\" itemtype=\"https:\/\/schema.org\/ImageObject\"  ><div class='avia-image-container-inner'><div class='avia-image-overlay-wrap'><img decoding=\"async\" class='wp-image-23633 avia-img-lazy-loading-not-23633 avia_image' src=\"https:\/\/radiorevelacionfm.cl\/wp-content\/uploads\/2022\/10\/Cecinas-Don-Pepe-1-1-1.jpg\" alt='' title='Cecinas Don Pepe 1 (1) (1)' height=\"600\" width=\"881\"  itemprop=\"thumbnailUrl\" srcset=\"https:\/\/radiorevelacionfm.cl\/wp-content\/uploads\/2022\/10\/Cecinas-Don-Pepe-1-1-1.jpg 881w, https:\/\/radiorevelacionfm.cl\/wp-content\/uploads\/2022\/10\/Cecinas-Don-Pepe-1-1-1-300x204.jpg 300w, https:\/\/radiorevelacionfm.cl\/wp-content\/uploads\/2022\/10\/Cecinas-Don-Pepe-1-1-1-768x523.jpg 768w, https:\/\/radiorevelacionfm.cl\/wp-content\/uploads\/2022\/10\/Cecinas-Don-Pepe-1-1-1-705x480.jpg 705w, https:\/\/radiorevelacionfm.cl\/wp-content\/uploads\/2022\/10\/Cecinas-Don-Pepe-1-1-1-600x409.jpg 600w\" sizes=\"(max-width: 881px) 100vw, 881px\" \/><\/div><\/div><\/div><\/div><div class=\"flex_column av_one_full  flex_column_div av-zero-column-padding first  avia-builder-el-2  el_after_av_one_full  el_before_av_one_full  column-top-margin\" style='border-radius:0px; '><section class=\"av_textblock_section \"  itemscope=\"itemscope\" itemtype=\"https:\/\/schema.org\/BlogPosting\" itemprop=\"blogPost\" ><div class='avia_textblock  '   itemprop=\"text\" ><p style=\"text-align: center;\"><strong><span style=\"font-size: 18pt;\">Invitan a participar en concurso \u201cPonle Energ\u00eda a Tu Pyme 2022\u201d<\/span><\/strong><\/p>\n<div id=\"gtx-trans\" style=\"position: absolute; left: -50px; top: 4.31534px;\">\n<div class=\"gtx-trans-icon\"><\/div>\n<\/div>\n<\/div><\/section><\/div><div class=\"flex_column av_one_full  flex_column_div av-zero-column-padding first  avia-builder-el-4  el_after_av_one_full  el_before_av_hr  column-top-margin\" style='border-radius:0px; '><section class=\"av_textblock_section \"  itemscope=\"itemscope\" itemtype=\"https:\/\/schema.org\/BlogPosting\" itemprop=\"blogPost\" ><div class='avia_textblock  '   itemprop=\"text\" ><p style=\"text-align: justify;\">El Seremi de Energ\u00eda de Ays\u00e9n Carlos D\u00edaz, invit\u00f3 a todas las micro, peque\u00f1as y medianas empresas (MiPyMEs) de la regi\u00f3n a participar de la versi\u00f3n 2022 del concurso \u201cPonle Energ\u00eda a tu Pyme\u201d, que cuenta con MM$573 a nivel nacional para implementar medidas de eficiencia energ\u00e9tica, energ\u00edas renovables y electromovilidad.<\/p>\n<p style=\"text-align: justify;\">La autoridad regional de Energ\u00eda destac\u00f3 que \u201ccomo Ministerio nos hemos planteado alcanzar la Carbono Neutralidad al 2050 en el sector energ\u00eda a trav\u00e9s de la descarbonizaci\u00f3n, el impulso a las energ\u00edas renovables, la eficiencia energ\u00e9tica, la electromovilidad y la introducci\u00f3n de combustibles alternativos. En ese sentido y en consideraci\u00f3n que las MiPyMEs representan una parte muy importante de nuestra econom\u00eda y proporcionan m\u00e1s de la mitad del empleo a nivel nacional, es fundamental apoyarlas para que puedan avanzar hacia la Transici\u00f3n Socioecol\u00f3gica Justa, y este programa es una excelente oportunidad para ello\u201d.<\/p>\n<p style=\"text-align: justify;\">A la fecha en la regi\u00f3n de Ays\u00e9n se han beneficiado con esta iniciativa 24 MiPyMEs en las convocatorias 2020 y 2021, adjudic\u00e1ndose un cofinanciamiento total cercano a los MM$120.<\/p>\n<p style=\"text-align: justify;\">En la versi\u00f3n 2022 existen tres l\u00edneas de postulaci\u00f3n; Sistemas Fotovoltaicos sin almacenamiento, Eficiencia Energ\u00e9tica, otras Tecnolog\u00edas Renovables y Sistemas Fotovoltaicos con almacenamiento, y Proyectos de Electromovilidad. El monto y porcentaje de cofinanciamiento depender\u00e1 del tama\u00f1o de la empresa y de la l\u00ednea a la cual se postule.<\/p>\n<p style=\"text-align: justify;\">Adem\u00e1s, el postulante podr\u00e1 optar a bonificaciones adicionales si pertenece a Zonas Extremas y\/o porque participa una mujer o alguien perteneciente a un pueblo originario de Chile en el proyecto. \u00a0Cabe se\u00f1alar, que estos bonificadores son acumulables y corresponden a un 5% adicional cada uno, y se aplican al tope del monto o al porcentaje de cofinanciamiento correspondiente al tama\u00f1o de la empresa.<\/p>\n<p style=\"text-align: justify;\">Se pueden postular proyectos como Sistema Solar T\u00e9rmico, Sistema Solar Fotovoltaico On-Grid y Off-Grid, proyectos de calefacci\u00f3n, de envolvente t\u00e9rmica, correcci\u00f3n de mal factor de potencia, compra de veh\u00edculos el\u00e9ctricos, recambio de luminarias, recambio de motores, entre otros.<\/p>\n<p style=\"text-align: justify;\">El Seremi D\u00edaz explic\u00f3 que \u201cel cofinanciamiento entregado por el programa cubrir\u00e1 los montos relacionados con la implementaci\u00f3n del proyecto llave en mano, que incluya todo para dejar las medidas de mejora energ\u00e9tica operando al 100% cumpliendo con la normativa nacional vigente. Por eso el llamado es a todas las MiPyMEs de nuestra regi\u00f3n para que se sumen a las energ\u00edas limpias\u201d.<\/p>\n<p style=\"text-align: justify;\">\u00a0Las postulaciones estar\u00e1n abiertas hasta el 31 de diciembre de 2022 o hasta que se agoten los recursos. Y deben realizarse a trav\u00e9s del formulario dispuesto en el sitio web www.energiapyme.cl \u00a0donde, adem\u00e1s, se encuentran las bases de postulaci\u00f3n y se pueden realizar consultas.<\/p>\n<\/div><\/section><\/div><div  style='height:50px' class='hr hr-invisible   avia-builder-el-6  el_after_av_one_full  el_before_av_social_share '><span class='hr-inner ' ><span class='hr-inner-style'><\/span><\/span><\/div><\/p>\n<div  class='av-social-sharing-box  avia-builder-el-7  el_after_av_hr  el_before_av_hr  '><div class='av-share-box'><h5 class='av-share-link-description av-no-toc '>Compartir esta noticia<\/h5><ul class='av-share-box-list noLightbox'><li class='av-share-link av-social-link-facebook' ><a target=\"_blank\" aria-label=\"Compartir en Facebook\" href='https:\/\/www.facebook.com\/sharer.php?u=https:\/\/radiorevelacionfm.cl\/?p=23632&#038;t=Invitan%20a%20participar%20en%20concurso%20%E2%80%9CPonle%20Energ%C3%ADa%20a%20Tu%20Pyme%202022%E2%80%9D' aria-hidden='false' data-av_icon='\ue8f3' data-av_iconfont='entypo-fontello' title='' data-avia-related-tooltip='Compartir en Facebook' rel=\"noopener\"><span class='avia_hidden_link_text'>Compartir en Facebook<\/span><\/a><\/li><li class='av-share-link av-social-link-twitter' ><a target=\"_blank\" aria-label=\"Compartir en Twitter\" href='https:\/\/twitter.com\/share?text=Invitan%20a%20participar%20en%20concurso%20%E2%80%9CPonle%20Energ%C3%ADa%20a%20Tu%20Pyme%202022%E2%80%9D&#038;url=https:\/\/radiorevelacionfm.cl\/?p=23632' aria-hidden='false' data-av_icon='\ue8f1' data-av_iconfont='entypo-fontello' title='' data-avia-related-tooltip='Compartir en Twitter' rel=\"noopener\"><span class='avia_hidden_link_text'>Compartir en Twitter<\/span><\/a><\/li><li class='av-share-link av-social-link-whatsapp' ><a target=\"_blank\" aria-label=\"Compartir en Whatsapp\" href='https:\/\/api.whatsapp.com\/send?text=https:\/\/radiorevelacionfm.cl\/?p=23632' aria-hidden='false' data-av_icon='\uf232' data-av_iconfont='entypo-fontello' title='' data-avia-related-tooltip='Compartir en Whatsapp' rel=\"noopener\"><span class='avia_hidden_link_text'>Compartir en Whatsapp<\/span><\/a><\/li><li class='av-share-link av-social-link-linkedin' ><a target=\"_blank\" aria-label=\"Compartir en LinkedIn\" href='https:\/\/linkedin.com\/shareArticle?mini=true&#038;title=Invitan%20a%20participar%20en%20concurso%20%E2%80%9CPonle%20Energ%C3%ADa%20a%20Tu%20Pyme%202022%E2%80%9D&#038;url=https:\/\/radiorevelacionfm.cl\/?p=23632' aria-hidden='false' data-av_icon='\ue8fc' data-av_iconfont='entypo-fontello' title='' data-avia-related-tooltip='Compartir en LinkedIn' rel=\"noopener\"><span class='avia_hidden_link_text'>Compartir en LinkedIn<\/span><\/a><\/li><li class='av-share-link av-social-link-mail' ><a  aria-label=\"Compartir por correo\" href='mailto:?subject=Invitan%20a%20participar%20en%20concurso%20%E2%80%9CPonle%20Energ%C3%ADa%20a%20Tu%20Pyme%202022%E2%80%9D&#038;body=https:\/\/radiorevelacionfm.cl\/?p=23632' aria-hidden='false' data-av_icon='\ue805' data-av_iconfont='entypo-fontello' title='' data-avia-related-tooltip='Compartir por correo'><span class='avia_hidden_link_text'>Compartir por correo<\/span><\/a><\/li><\/ul><\/div><\/div>\n<div  style='height:50px' class='hr hr-invisible   avia-builder-el-8  el_after_av_social_share  el_before_av_comments_list '><span class='hr-inner ' ><span class='hr-inner-style'><\/span><\/span><\/div>\n<div  class='av-buildercomment  av-blog-meta-html-info-disabled av-blog-meta-tag-disabled  '><\/div>\n","protected":false},"excerpt":{"rendered":"","protected":false},"author":1,"featured_media":23633,"comment_status":"open","ping_status":"open","sticky":false,"template":"","format":"standard","meta":{"footnotes":""},"categories":[38],"tags":[],"class_list":["post-23632","post","type-post","status-publish","format-standard","has-post-thumbnail","hentry","category-regional"],"jetpack_featured_media_url":"https:\/\/radiorevelacionfm.cl\/wp-content\/uploads\/2022\/10\/Cecinas-Don-Pepe-1-1-1.jpg","_links":{"self":[{"href":"https:\/\/radiorevelacionfm.cl\/index.php?rest_route=\/wp\/v2\/posts\/23632","targetHints":{"allow":["GET"]}}],"collection":[{"href":"https:\/\/radiorevelacionfm.cl\/index.php?rest_route=\/wp\/v2\/posts"}],"about":[{"href":"https:\/\/radiorevelacionfm.cl\/index.php?rest_route=\/wp\/v2\/types\/post"}],"author":[{"embeddable":true,"href":"https:\/\/radiorevelacionfm.cl\/index.php?rest_route=\/wp\/v2\/users\/1"}],"replies":[{"embeddable":true,"href":"https:\/\/radiorevelacionfm.cl\/index.php?rest_route=%2Fwp%2Fv2%2Fcomments&post=23632"}],"version-history":[{"count":2,"href":"https:\/\/radiorevelacionfm.cl\/index.php?rest_route=\/wp\/v2\/posts\/23632\/revisions"}],"predecessor-version":[{"id":23647,"href":"https:\/\/radiorevelacionfm.cl\/index.php?rest_route=\/wp\/v2\/posts\/23632\/revisions\/23647"}],"wp:featuredmedia":[{"embeddable":true,"href":"https:\/\/radiorevelacionfm.cl\/index.php?rest_route=\/wp\/v2\/media\/23633"}],"wp:attachment":[{"href":"https:\/\/radiorevelacionfm.cl\/index.php?rest_route=%2Fwp%2Fv2%2Fmedia&parent=23632"}],"wp:term":[{"taxonomy":"category","embeddable":true,"href":"https:\/\/radiorevelacionfm.cl\/index.php?rest_route=%2Fwp%2Fv2%2Fcategories&post=23632"},{"taxonomy":"post_tag","embeddable":true,"href":"https:\/\/radiorevelacionfm.cl\/index.php?rest_route=%2Fwp%2Fv2%2Ftags&post=23632"}],"curies":[{"name":"wp","href":"https:\/\/api.w.org\/{rel}","templated":true}]}}