{"id":23626,"date":"2022-10-28T15:03:43","date_gmt":"2022-10-28T18:03:43","guid":{"rendered":"https:\/\/radiorevelacionfm.cl\/?p=23626"},"modified":"2022-10-28T17:41:56","modified_gmt":"2022-10-28T20:41:56","slug":"diputado-alinco-recurre-a-contraloria-por-eventuales-irregularidades-de-consejera-marisol-martinez","status":"publish","type":"post","link":"https:\/\/radiorevelacionfm.cl\/?p=23626","title":{"rendered":"Diputado Alinco recurre a Contralor\u00eda por eventuales irregularidades de consejera Marisol Mart\u00ednez"},"content":{"rendered":"<div class=\"flex_column av_one_full  flex_column_div av-zero-column-padding first  avia-builder-el-0  el_before_av_one_full  avia-builder-el-first  \" style='border-radius:0px; '><div  class='avia-image-container  av-styling-    avia-builder-el-1  avia-builder-el-no-sibling  avia-align-center '  itemprop=\"image\" itemscope=\"itemscope\" itemtype=\"https:\/\/schema.org\/ImageObject\"  ><div class='avia-image-container-inner'><div class='avia-image-overlay-wrap'><img decoding=\"async\" class='wp-image-23627 avia-img-lazy-loading-not-23627 avia_image' src=\"https:\/\/radiorevelacionfm.cl\/wp-content\/uploads\/2022\/10\/Diputado-Alico_Contraloria-1-1.jpg\" alt='' title='Diputado Alico_Contralor\u00eda (1) (1)' height=\"600\" width=\"948\"  itemprop=\"thumbnailUrl\" srcset=\"https:\/\/radiorevelacionfm.cl\/wp-content\/uploads\/2022\/10\/Diputado-Alico_Contraloria-1-1.jpg 948w, https:\/\/radiorevelacionfm.cl\/wp-content\/uploads\/2022\/10\/Diputado-Alico_Contraloria-1-1-300x190.jpg 300w, https:\/\/radiorevelacionfm.cl\/wp-content\/uploads\/2022\/10\/Diputado-Alico_Contraloria-1-1-768x486.jpg 768w, https:\/\/radiorevelacionfm.cl\/wp-content\/uploads\/2022\/10\/Diputado-Alico_Contraloria-1-1-705x446.jpg 705w, https:\/\/radiorevelacionfm.cl\/wp-content\/uploads\/2022\/10\/Diputado-Alico_Contraloria-1-1-600x380.jpg 600w\" sizes=\"(max-width: 948px) 100vw, 948px\" \/><\/div><\/div><\/div><\/div>\n<div class=\"flex_column av_one_full  flex_column_div av-zero-column-padding first  avia-builder-el-2  el_after_av_one_full  el_before_av_one_full  column-top-margin\" style='border-radius:0px; '><section class=\"av_textblock_section \"  itemscope=\"itemscope\" itemtype=\"https:\/\/schema.org\/BlogPosting\" itemprop=\"blogPost\" ><div class='avia_textblock  '   itemprop=\"text\" ><p style=\"text-align: center;\"><strong><span style=\"font-size: 18pt;\">Diputado Alinco recurre a Contralor\u00eda por eventuales irregularidades de consejera Marisol Mart\u00ednez<\/span><\/strong><\/p>\n<div id=\"gtx-trans\" style=\"position: absolute; left: -50px; top: 4.31534px;\">\n<div class=\"gtx-trans-icon\"><\/div>\n<\/div>\n<\/div><\/section><\/div>\n<div class=\"flex_column av_one_full  flex_column_div av-zero-column-padding first  avia-builder-el-4  el_after_av_one_full  el_before_av_hr  column-top-margin\" style='border-radius:0px; '><section class=\"av_textblock_section \"  itemscope=\"itemscope\" itemtype=\"https:\/\/schema.org\/BlogPosting\" itemprop=\"blogPost\" ><div class='avia_textblock  '   itemprop=\"text\" ><p style=\"text-align: justify;\">Durante la ma\u00f1ana de hoy -28 de octubre- y a trav\u00e9s de sus redes sociales el diputado Ren\u00e9 Alinco Bustos dio a conocer que ha presentado ante la Contralor\u00eda de Ays\u00e9n, un documento con antecedentes que mantiene en su poder para que se investiguen ciertas situaciones que dar\u00edan cuenta de posibles irregularidades en el desempe\u00f1o de la actual Consejera Regional, Marisol Mart\u00ednez, militante del Partido Socialista.<\/p>\n<p style=\"text-align: justify;\">En el documento ingresado a Contralor\u00eda, el diputado da cuenta que la Consejera Mart\u00ednez mantiene un contrato de trabajo de 44 horas en el Departamento de Administraci\u00f3n de Educaci\u00f3n Municipal de Coyhaique (DAEM) con una remuneraci\u00f3n de $2.000.000; a su vez como Consejera Regional por la comuna percibe una remuneraci\u00f3n de $1.777.184, sin embargo, peri\u00f3dicamente se encuentra representando al Partido Socialista como presidenta regional en horarios de trabajo, en diferentes medios de comunicaci\u00f3n.<\/p>\n<p style=\"text-align: justify;\">Ante esta situaci\u00f3n y en pos de la transparencia, Ren\u00e9 Alinco solicit\u00f3 que la Contralor\u00eda de Ays\u00e9n se pronuncie al respecto de las horas que utiliza como Consejera Regional, las que deber\u00eda devolver a la escuela, adem\u00e1s de las horas que utiliza representando al Partido Socialista, por cuanto el desempe\u00f1o de sus funciones (por contrato) son pagadas con recursos p\u00fablicos.<\/p>\n<\/div><\/section><\/div><div  style='height:50px' class='hr hr-invisible   avia-builder-el-6  el_after_av_one_full  el_before_av_social_share '><span class='hr-inner ' ><span class='hr-inner-style'><\/span><\/span><\/div><\/p>\n<div  class='av-social-sharing-box  avia-builder-el-7  el_after_av_hr  el_before_av_hr  '><div class='av-share-box'><h5 class='av-share-link-description av-no-toc '>Compartir esta noticia<\/h5><ul class='av-share-box-list noLightbox'><li class='av-share-link av-social-link-facebook' ><a target=\"_blank\" aria-label=\"Compartir en Facebook\" href='https:\/\/www.facebook.com\/sharer.php?u=https:\/\/radiorevelacionfm.cl\/?p=23626&#038;t=Diputado%20Alinco%20recurre%20a%20Contralor%C3%ADa%20por%20eventuales%20irregularidades%20de%20consejera%20Marisol%20Mart%C3%ADnez' aria-hidden='false' data-av_icon='\ue8f3' data-av_iconfont='entypo-fontello' title='' data-avia-related-tooltip='Compartir en Facebook' rel=\"noopener\"><span class='avia_hidden_link_text'>Compartir en Facebook<\/span><\/a><\/li><li class='av-share-link av-social-link-twitter' ><a target=\"_blank\" aria-label=\"Compartir en Twitter\" href='https:\/\/twitter.com\/share?text=Diputado%20Alinco%20recurre%20a%20Contralor%C3%ADa%20por%20eventuales%20irregularidades%20de%20consejera%20Marisol%20Mart%C3%ADnez&#038;url=https:\/\/radiorevelacionfm.cl\/?p=23626' aria-hidden='false' data-av_icon='\ue8f1' data-av_iconfont='entypo-fontello' title='' data-avia-related-tooltip='Compartir en Twitter' rel=\"noopener\"><span class='avia_hidden_link_text'>Compartir en Twitter<\/span><\/a><\/li><li class='av-share-link av-social-link-whatsapp' ><a target=\"_blank\" aria-label=\"Compartir en Whatsapp\" href='https:\/\/api.whatsapp.com\/send?text=https:\/\/radiorevelacionfm.cl\/?p=23626' aria-hidden='false' data-av_icon='\uf232' data-av_iconfont='entypo-fontello' title='' data-avia-related-tooltip='Compartir en Whatsapp' rel=\"noopener\"><span class='avia_hidden_link_text'>Compartir en Whatsapp<\/span><\/a><\/li><li class='av-share-link av-social-link-linkedin' ><a target=\"_blank\" aria-label=\"Compartir en LinkedIn\" href='https:\/\/linkedin.com\/shareArticle?mini=true&#038;title=Diputado%20Alinco%20recurre%20a%20Contralor%C3%ADa%20por%20eventuales%20irregularidades%20de%20consejera%20Marisol%20Mart%C3%ADnez&#038;url=https:\/\/radiorevelacionfm.cl\/?p=23626' aria-hidden='false' data-av_icon='\ue8fc' data-av_iconfont='entypo-fontello' title='' data-avia-related-tooltip='Compartir en LinkedIn' rel=\"noopener\"><span class='avia_hidden_link_text'>Compartir en LinkedIn<\/span><\/a><\/li><li class='av-share-link av-social-link-mail' ><a  aria-label=\"Compartir por correo\" href='mailto:?subject=Diputado%20Alinco%20recurre%20a%20Contralor%C3%ADa%20por%20eventuales%20irregularidades%20de%20consejera%20Marisol%20Mart%C3%ADnez&#038;body=https:\/\/radiorevelacionfm.cl\/?p=23626' aria-hidden='false' data-av_icon='\ue805' data-av_iconfont='entypo-fontello' title='' data-avia-related-tooltip='Compartir por correo'><span class='avia_hidden_link_text'>Compartir por correo<\/span><\/a><\/li><\/ul><\/div><\/div>\n<div  style='height:50px' class='hr hr-invisible   avia-builder-el-8  el_after_av_social_share  el_before_av_comments_list '><span class='hr-inner ' ><span class='hr-inner-style'><\/span><\/span><\/div>\n<div  class='av-buildercomment  av-blog-meta-html-info-disabled av-blog-meta-tag-disabled  '><\/div>\n","protected":false},"excerpt":{"rendered":"","protected":false},"author":1,"featured_media":23627,"comment_status":"open","ping_status":"open","sticky":false,"template":"","format":"standard","meta":{"footnotes":""},"categories":[35],"tags":[],"class_list":["post-23626","post","type-post","status-publish","format-standard","has-post-thumbnail","hentry","category-politica"],"jetpack_featured_media_url":"https:\/\/radiorevelacionfm.cl\/wp-content\/uploads\/2022\/10\/Diputado-Alico_Contraloria-1-1.jpg","_links":{"self":[{"href":"https:\/\/radiorevelacionfm.cl\/index.php?rest_route=\/wp\/v2\/posts\/23626","targetHints":{"allow":["GET"]}}],"collection":[{"href":"https:\/\/radiorevelacionfm.cl\/index.php?rest_route=\/wp\/v2\/posts"}],"about":[{"href":"https:\/\/radiorevelacionfm.cl\/index.php?rest_route=\/wp\/v2\/types\/post"}],"author":[{"embeddable":true,"href":"https:\/\/radiorevelacionfm.cl\/index.php?rest_route=\/wp\/v2\/users\/1"}],"replies":[{"embeddable":true,"href":"https:\/\/radiorevelacionfm.cl\/index.php?rest_route=%2Fwp%2Fv2%2Fcomments&post=23626"}],"version-history":[{"count":6,"href":"https:\/\/radiorevelacionfm.cl\/index.php?rest_route=\/wp\/v2\/posts\/23626\/revisions"}],"predecessor-version":[{"id":23657,"href":"https:\/\/radiorevelacionfm.cl\/index.php?rest_route=\/wp\/v2\/posts\/23626\/revisions\/23657"}],"wp:featuredmedia":[{"embeddable":true,"href":"https:\/\/radiorevelacionfm.cl\/index.php?rest_route=\/wp\/v2\/media\/23627"}],"wp:attachment":[{"href":"https:\/\/radiorevelacionfm.cl\/index.php?rest_route=%2Fwp%2Fv2%2Fmedia&parent=23626"}],"wp:term":[{"taxonomy":"category","embeddable":true,"href":"https:\/\/radiorevelacionfm.cl\/index.php?rest_route=%2Fwp%2Fv2%2Fcategories&post=23626"},{"taxonomy":"post_tag","embeddable":true,"href":"https:\/\/radiorevelacionfm.cl\/index.php?rest_route=%2Fwp%2Fv2%2Ftags&post=23626"}],"curies":[{"name":"wp","href":"https:\/\/api.w.org\/{rel}","templated":true}]}}