{"id":23623,"date":"2022-10-29T10:30:55","date_gmt":"2022-10-29T13:30:55","guid":{"rendered":"https:\/\/radiorevelacionfm.cl\/?p=23623"},"modified":"2022-10-29T11:23:11","modified_gmt":"2022-10-29T14:23:11","slug":"uaysen-invita-a-jovenes-egresados-y-comunidades-educativas-a-su-segunda-jornada-puertas-abiertas","status":"publish","type":"post","link":"https:\/\/radiorevelacionfm.cl\/?p=23623","title":{"rendered":"UAys\u00e9n invita a j\u00f3venes, egresados y comunidades educativas a su segunda Jornada Puertas Abiertas"},"content":{"rendered":"<div class=\"flex_column av_one_full  flex_column_div av-zero-column-padding first  avia-builder-el-0  el_before_av_one_full  avia-builder-el-first  \" style='border-radius:0px; '><div  class='avia-image-container  av-styling-    avia-builder-el-1  avia-builder-el-no-sibling  avia-align-center '  itemprop=\"image\" itemscope=\"itemscope\" itemtype=\"https:\/\/schema.org\/ImageObject\"  ><div class='avia-image-container-inner'><div class='avia-image-overlay-wrap'><img decoding=\"async\" class='wp-image-23624 avia-img-lazy-loading-not-23624 avia_image' src=\"https:\/\/radiorevelacionfm.cl\/wp-content\/uploads\/2022\/10\/img_2211-1_optimized.jpg\" alt='' title='img_2211-(1)_optimized' height=\"600\" width=\"900\"  itemprop=\"thumbnailUrl\" srcset=\"https:\/\/radiorevelacionfm.cl\/wp-content\/uploads\/2022\/10\/img_2211-1_optimized.jpg 900w, https:\/\/radiorevelacionfm.cl\/wp-content\/uploads\/2022\/10\/img_2211-1_optimized-300x200.jpg 300w, https:\/\/radiorevelacionfm.cl\/wp-content\/uploads\/2022\/10\/img_2211-1_optimized-768x512.jpg 768w, https:\/\/radiorevelacionfm.cl\/wp-content\/uploads\/2022\/10\/img_2211-1_optimized-705x470.jpg 705w, https:\/\/radiorevelacionfm.cl\/wp-content\/uploads\/2022\/10\/img_2211-1_optimized-600x400.jpg 600w\" sizes=\"(max-width: 900px) 100vw, 900px\" \/><\/div><\/div><\/div><\/div>\n<div class=\"flex_column av_one_full  flex_column_div av-zero-column-padding first  avia-builder-el-2  el_after_av_one_full  el_before_av_one_full  column-top-margin\" style='border-radius:0px; '><section class=\"av_textblock_section \"  itemscope=\"itemscope\" itemtype=\"https:\/\/schema.org\/BlogPosting\" itemprop=\"blogPost\" ><div class='avia_textblock  '   itemprop=\"text\" ><p style=\"text-align: center;\"><strong><span style=\"font-size: 18pt;\">UAys\u00e9n invita a j\u00f3venes, egresados y comunidades educativas a su segunda Jornada Puertas Abiertas<\/span><\/strong><\/p>\n<div id=\"gtx-trans\" style=\"position: absolute; left: -50px; top: 4.31534px;\">\n<div class=\"gtx-trans-icon\"><\/div>\n<\/div>\n<\/div><\/section><\/div>\n<div class=\"flex_column av_one_full  flex_column_div av-zero-column-padding first  avia-builder-el-4  el_after_av_one_full  el_before_av_hr  column-top-margin\" style='border-radius:0px; '><section class=\"av_textblock_section \"  itemscope=\"itemscope\" itemtype=\"https:\/\/schema.org\/BlogPosting\" itemprop=\"blogPost\" ><div class='avia_textblock  '   itemprop=\"text\" ><div style=\"text-align: justify;\">La casa de estudios regional abrir\u00e1 las dependencias del Campus R\u00edo Simpson ubicado en Obispo Vielmo 62, el mi\u00e9rcoles 9 desde las 09:00 a 13:00 y de 14:30 a 16:30 horas.<\/div>\n<div>\n<p class=\"v1MsoNormal\" style=\"text-align: justify;\"><span style=\"text-align: justify;\">Se acerca el proceso de Admisi\u00f3n 2023 y con el objetivo de entregar la mayor cantidad de informaci\u00f3n pertinente para que los\/as j\u00f3venes de la regi\u00f3n puedan acceder a la educaci\u00f3n superior y difundir la oferta de pregrado, v\u00edas de acceso y las becas y beneficios que brinda la Universidad de Ays\u00e9n, la casa de estudios realizar\u00e1 desde el mi\u00e9rcoles 9 de noviembre la segunda Jornada Puertas Abiertas Admisi\u00f3n UAys\u00e9n.<\/span><\/p>\n<\/div>\n<div>\n<p class=\"v1MsoNormal\" style=\"text-align: justify;\">La actividad, que la Universidad de Ays\u00e9n realiza desde el a\u00f1o 2017, se encuentra dirigida a estudiantes de ense\u00f1anza media, egresados\/as y delegaciones de establecimientos educacionales, contar\u00e1 con stands por cada una de las ocho carreras que impartir\u00e1 la casa de estudios estatal el pr\u00f3ximo a\u00f1o, informaci\u00f3n sobre becas, beneficios, acompa\u00f1amiento acad\u00e9mico, talleres extraprogram\u00e1ticos y \u00a0sobre las posibilidades de movilidad estudiantil con las que cuenta la Universidad de Ays\u00e9n adem\u00e1s de las v\u00edas de acceso para ingresar a formarse en la UAys\u00e9n.<\/p>\n<p class=\"v1MsoNormal\" style=\"text-align: justify;\">Al respecto, David V\u00e1squez, Coordinador de Admisi\u00f3n de la Universidad de Ays\u00e9n, inform\u00f3 los detalles de la instancia dirigida a estudiantes, egresados, comunidades educativas e interesados en la oferta acad\u00e9mica de la casa de estudios regional. \u00abEste mi\u00e9rcoles 9 de noviembre tendremos nuestra segunda Jornada de Puertas Abiertas y en esta instancia ser\u00e1n los propios estudiantes de la Universidad Ays\u00e9n quienes recibir\u00e1n a estudiantes de ense\u00f1anza media, egresados, amigos y familias que nos quieran visitar para conocer la oferta acad\u00e9mica 2023\u00bb, explic\u00f3 el profesional.<\/p>\n<p class=\"v1MsoNormal\" style=\"text-align: justify;\">A su vez, David V\u00e1squez se\u00f1al\u00f3 que, \u00abadem\u00e1s si asistes podr\u00e1s conocer las mallas curriculares, los planes de estudio, las actividades extraprogram\u00e1ticas y las becas y beneficios a los que pueden acceder formando parte de nuestra instituci\u00f3n, entre otras informaciones\u00bb, especific\u00f3.<\/p>\n<p class=\"v1MsoNormal\" style=\"text-align: justify;\">Los establecimientos educacionales que se quieran acercar con sus delegaciones o individualmente pueden inscribirse en el sitio web de la universidad\u00a0<a href=\"http:\/\/www.uaysen.cl\/\" target=\"_blank\" rel=\"noopener noreferrer\">www.uaysen.cl<\/a>\u00a0o escribiendo directamente al mail a\u00a0<a href=\"mailto:admision@uaysen.cl\" rel=\"noreferrer\">admision@uaysen.cl<\/a>\u00a0.-<\/p>\n<\/div>\n<div style=\"text-align: justify;\"><\/div>\n<\/div><\/section><\/div><div  style='height:50px' class='hr hr-invisible   avia-builder-el-6  el_after_av_one_full  el_before_av_social_share '><span class='hr-inner ' ><span class='hr-inner-style'><\/span><\/span><\/div><\/p>\n<div  class='av-social-sharing-box  avia-builder-el-7  el_after_av_hr  el_before_av_hr  '><div class='av-share-box'><h5 class='av-share-link-description av-no-toc '>Compartir esta noticia<\/h5><ul class='av-share-box-list noLightbox'><li class='av-share-link av-social-link-facebook' ><a target=\"_blank\" aria-label=\"Compartir en Facebook\" href='https:\/\/www.facebook.com\/sharer.php?u=https:\/\/radiorevelacionfm.cl\/?p=23623&#038;t=UAys%C3%A9n%20invita%20a%20j%C3%B3venes%2C%20egresados%20y%20comunidades%20educativas%20a%20su%20segunda%20Jornada%20Puertas%20Abiertas' aria-hidden='false' data-av_icon='\ue8f3' data-av_iconfont='entypo-fontello' title='' data-avia-related-tooltip='Compartir en Facebook' rel=\"noopener\"><span class='avia_hidden_link_text'>Compartir en Facebook<\/span><\/a><\/li><li class='av-share-link av-social-link-twitter' ><a target=\"_blank\" aria-label=\"Compartir en Twitter\" href='https:\/\/twitter.com\/share?text=UAys%C3%A9n%20invita%20a%20j%C3%B3venes%2C%20egresados%20y%20comunidades%20educativas%20a%20su%20segunda%20Jornada%20Puertas%20Abiertas&#038;url=https:\/\/radiorevelacionfm.cl\/?p=23623' aria-hidden='false' data-av_icon='\ue8f1' data-av_iconfont='entypo-fontello' title='' data-avia-related-tooltip='Compartir en Twitter' rel=\"noopener\"><span class='avia_hidden_link_text'>Compartir en Twitter<\/span><\/a><\/li><li class='av-share-link av-social-link-whatsapp' ><a target=\"_blank\" aria-label=\"Compartir en Whatsapp\" href='https:\/\/api.whatsapp.com\/send?text=https:\/\/radiorevelacionfm.cl\/?p=23623' aria-hidden='false' data-av_icon='\uf232' data-av_iconfont='entypo-fontello' title='' data-avia-related-tooltip='Compartir en Whatsapp' rel=\"noopener\"><span class='avia_hidden_link_text'>Compartir en Whatsapp<\/span><\/a><\/li><li class='av-share-link av-social-link-linkedin' ><a target=\"_blank\" aria-label=\"Compartir en LinkedIn\" href='https:\/\/linkedin.com\/shareArticle?mini=true&#038;title=UAys%C3%A9n%20invita%20a%20j%C3%B3venes%2C%20egresados%20y%20comunidades%20educativas%20a%20su%20segunda%20Jornada%20Puertas%20Abiertas&#038;url=https:\/\/radiorevelacionfm.cl\/?p=23623' aria-hidden='false' data-av_icon='\ue8fc' data-av_iconfont='entypo-fontello' title='' data-avia-related-tooltip='Compartir en LinkedIn' rel=\"noopener\"><span class='avia_hidden_link_text'>Compartir en LinkedIn<\/span><\/a><\/li><li class='av-share-link av-social-link-mail' ><a  aria-label=\"Compartir por correo\" href='mailto:?subject=UAys%C3%A9n%20invita%20a%20j%C3%B3venes%2C%20egresados%20y%20comunidades%20educativas%20a%20su%20segunda%20Jornada%20Puertas%20Abiertas&#038;body=https:\/\/radiorevelacionfm.cl\/?p=23623' aria-hidden='false' data-av_icon='\ue805' data-av_iconfont='entypo-fontello' title='' data-avia-related-tooltip='Compartir por correo'><span class='avia_hidden_link_text'>Compartir por correo<\/span><\/a><\/li><\/ul><\/div><\/div>\n<div  style='height:50px' class='hr hr-invisible   avia-builder-el-8  el_after_av_social_share  el_before_av_comments_list '><span class='hr-inner ' ><span class='hr-inner-style'><\/span><\/span><\/div>\n<div  class='av-buildercomment  av-blog-meta-html-info-disabled av-blog-meta-tag-disabled  '><\/div>\n","protected":false},"excerpt":{"rendered":"","protected":false},"author":1,"featured_media":23624,"comment_status":"open","ping_status":"open","sticky":false,"template":"","format":"standard","meta":{"footnotes":""},"categories":[49],"tags":[],"class_list":["post-23623","post","type-post","status-publish","format-standard","has-post-thumbnail","hentry","category-educacion"],"jetpack_featured_media_url":"https:\/\/radiorevelacionfm.cl\/wp-content\/uploads\/2022\/10\/img_2211-1_optimized.jpg","_links":{"self":[{"href":"https:\/\/radiorevelacionfm.cl\/index.php?rest_route=\/wp\/v2\/posts\/23623","targetHints":{"allow":["GET"]}}],"collection":[{"href":"https:\/\/radiorevelacionfm.cl\/index.php?rest_route=\/wp\/v2\/posts"}],"about":[{"href":"https:\/\/radiorevelacionfm.cl\/index.php?rest_route=\/wp\/v2\/types\/post"}],"author":[{"embeddable":true,"href":"https:\/\/radiorevelacionfm.cl\/index.php?rest_route=\/wp\/v2\/users\/1"}],"replies":[{"embeddable":true,"href":"https:\/\/radiorevelacionfm.cl\/index.php?rest_route=%2Fwp%2Fv2%2Fcomments&post=23623"}],"version-history":[{"count":3,"href":"https:\/\/radiorevelacionfm.cl\/index.php?rest_route=\/wp\/v2\/posts\/23623\/revisions"}],"predecessor-version":[{"id":23674,"href":"https:\/\/radiorevelacionfm.cl\/index.php?rest_route=\/wp\/v2\/posts\/23623\/revisions\/23674"}],"wp:featuredmedia":[{"embeddable":true,"href":"https:\/\/radiorevelacionfm.cl\/index.php?rest_route=\/wp\/v2\/media\/23624"}],"wp:attachment":[{"href":"https:\/\/radiorevelacionfm.cl\/index.php?rest_route=%2Fwp%2Fv2%2Fmedia&parent=23623"}],"wp:term":[{"taxonomy":"category","embeddable":true,"href":"https:\/\/radiorevelacionfm.cl\/index.php?rest_route=%2Fwp%2Fv2%2Fcategories&post=23623"},{"taxonomy":"post_tag","embeddable":true,"href":"https:\/\/radiorevelacionfm.cl\/index.php?rest_route=%2Fwp%2Fv2%2Ftags&post=23623"}],"curies":[{"name":"wp","href":"https:\/\/api.w.org\/{rel}","templated":true}]}}