{"id":23616,"date":"2022-10-28T09:39:58","date_gmt":"2022-10-28T12:39:58","guid":{"rendered":"https:\/\/radiorevelacionfm.cl\/?p=23616"},"modified":"2022-10-28T09:39:58","modified_gmt":"2022-10-28T12:39:58","slug":"catastro-de-campamentos-arrojo-que-de-los-casi-72-mil-hogares-236-estan-en-la-region-de-aysen","status":"publish","type":"post","link":"https:\/\/radiorevelacionfm.cl\/?p=23616","title":{"rendered":"Catastro de Campamentos arroj\u00f3 que de los casi 72 mil hogares, 236 est\u00e1n en la Regi\u00f3n de Ays\u00e9n"},"content":{"rendered":"<div class=\"flex_column av_one_full  flex_column_div av-zero-column-padding first  avia-builder-el-0  el_before_av_one_full  avia-builder-el-first  \" style='border-radius:0px; '><div  class='avia-image-container  av-styling-    avia-builder-el-1  avia-builder-el-no-sibling  avia-align-center '  itemprop=\"image\" itemscope=\"itemscope\" itemtype=\"https:\/\/schema.org\/ImageObject\"  ><div class='avia-image-container-inner'><div class='avia-image-overlay-wrap'><img decoding=\"async\" class='wp-image-23617 avia-img-lazy-loading-not-23617 avia_image' src=\"https:\/\/radiorevelacionfm.cl\/wp-content\/uploads\/2022\/10\/campamento-las-quilas-1_optimized-1.jpg\" alt='' title='campamento-las-quilas-(1)_optimized (1)' height=\"600\" width=\"1333\"  itemprop=\"thumbnailUrl\" srcset=\"https:\/\/radiorevelacionfm.cl\/wp-content\/uploads\/2022\/10\/campamento-las-quilas-1_optimized-1.jpg 1333w, https:\/\/radiorevelacionfm.cl\/wp-content\/uploads\/2022\/10\/campamento-las-quilas-1_optimized-1-300x135.jpg 300w, https:\/\/radiorevelacionfm.cl\/wp-content\/uploads\/2022\/10\/campamento-las-quilas-1_optimized-1-1030x464.jpg 1030w, https:\/\/radiorevelacionfm.cl\/wp-content\/uploads\/2022\/10\/campamento-las-quilas-1_optimized-1-768x346.jpg 768w, https:\/\/radiorevelacionfm.cl\/wp-content\/uploads\/2022\/10\/campamento-las-quilas-1_optimized-1-705x317.jpg 705w, https:\/\/radiorevelacionfm.cl\/wp-content\/uploads\/2022\/10\/campamento-las-quilas-1_optimized-1-600x270.jpg 600w\" sizes=\"(max-width: 1333px) 100vw, 1333px\" \/><\/div><\/div><\/div><\/div><div class=\"flex_column av_one_full  flex_column_div av-zero-column-padding first  avia-builder-el-2  el_after_av_one_full  el_before_av_one_full  column-top-margin\" style='border-radius:0px; '><section class=\"av_textblock_section \"  itemscope=\"itemscope\" itemtype=\"https:\/\/schema.org\/BlogPosting\" itemprop=\"blogPost\" ><div class='avia_textblock  '   itemprop=\"text\" ><p style=\"text-align: center;\"><strong><span style=\"font-size: 18pt;\">Catastro de Campamentos arroj\u00f3 que de los casi 72 mil hogares, 236 est\u00e1n en la Regi\u00f3n de Ays\u00e9n<\/span><\/strong><\/p>\n<div id=\"gtx-trans\" style=\"position: absolute; left: -50px; top: 4.31534px;\">\n<div class=\"gtx-trans-icon\"><\/div>\n<\/div>\n<\/div><\/section><\/div><div class=\"flex_column av_one_full  flex_column_div av-zero-column-padding first  avia-builder-el-4  el_after_av_one_full  el_before_av_hr  column-top-margin\" style='border-radius:0px; '><section class=\"av_textblock_section \"  itemscope=\"itemscope\" itemtype=\"https:\/\/schema.org\/BlogPosting\" itemprop=\"blogPost\" ><div class='avia_textblock  '   itemprop=\"text\" ><p style=\"text-align: justify;\">El Ministerio de Vivienda y Urbanismo junto al Banco Interamericano de Desarrollo presentaron las cifras oficiales del \u201cCatastro Nacional de Campamentos 2022\u201d, trabajo desarrollado por el Programa de Asentamientos Precarios del Minvu, y que cont\u00f3 con el apoyo del Programa de Naciones Unidades para el Desarrollo (PNUD).<\/p>\n<p style=\"text-align: justify;\">De acuerdo con el catastro, el total actualizado de los campamentos a nivel nacional es de 1.091, los que albergan a 71.961 hogares. Adem\u00e1s, se identificaron 355 nuevos campamentos respecto de 2019 y 29.112 nuevos hogares.<\/p>\n<p style=\"text-align: justify;\">El 50% de los campamentos a nivel nacional se encuentran en las regiones de Valpara\u00edso (255), Metropolitana (142) y Biob\u00edo (156). A su vez, las regiones que concentran el 75% de los hogares de campamentos se encuentran en la regi\u00f3n de Valpara\u00edso (18.405), seguida por la Metropolitana (13.392) y luego, Tarapac\u00e1 (9.300).<\/p>\n<p style=\"text-align: justify;\">Adem\u00e1s, seg\u00fan las cifras del estudio, el 36% de los habitantes de campamentos pertenecen a poblaciones migrantes, de las cuales el 83% de ellas vive en las regiones de Tarapac\u00e1, Antofagasta y Metropolitana. Esta \u00faltima es la posee mayor cantidad de poblaci\u00f3n migrante con un 31%.<\/p>\n<p style=\"text-align: justify;\">Dentro del proceso censal se les consult\u00f3 a las familias que habitan en campamentos sobre los motivos que los llevaron a vivir ah\u00ed. El 55% declar\u00f3 que lo hizo por bajos ingresos y el 47% por el alto costo de los arriendos.<\/p>\n<p style=\"text-align: justify;\">Sobre los resultados, el ministro de Vivienda y Urbanismo, Carlos Montes, coment\u00f3 que \u201ceste catastro tiene por objetivo saber m\u00e1s sobre la realidad que viven los campamentos del pa\u00eds, para as\u00ed poder actuar mejor. Nos permite tener un an\u00e1lisis mucho m\u00e1s preciso a lo largo del territorio, con las caracter\u00edsticas de cada campamento y de cada familia que habita en ellos. Estamos publicando este estudio porque, adem\u00e1s de actuar mejor y poder tener mejores pol\u00edticas p\u00fablicas, necesitamos que tambi\u00e9n haya m\u00e1s conciencia en el pa\u00eds sobre lo que estamos viviendo y hacernos responsables como pol\u00edticos, como funcionarios p\u00fablicos y como sociedad civil\u201d.<\/p>\n<p style=\"text-align: justify;\">\u201cAqu\u00ed lo que se requiere es que todo el Estado en conjunto con toda la sociedad, asumamos con mayor conciencia que esto no es aceptable en la democracia y es algo que requiere transformaciones, las cuales no se hacen de un d\u00eda para otro, pero que tenemos que empezar a trabajar sistem\u00e1ticamente entre todos y todas. De esta forma ayudamos a que la vida democr\u00e1tica adquiera mayor densidad a lo largo del territorio\u201d, a\u00f1adi\u00f3 el titular del Minvu.<\/p>\n<p style=\"text-align: justify;\"><strong>Realidad regional<\/strong><\/p>\n<p style=\"text-align: justify;\">Seg\u00fan el estudio, dado a conocer por el Ministro de Vivienda Carlos Montes, en nuestra Regi\u00f3n de Ays\u00e9n, existe un total de 6 campamentos, que suman un total de 236 hogares. Respecto de lo que estaba catastrado anteriormente, han surgido dos nuevos campamentos, correspondientes a Divisadero Oriente en Coyhaique y Borde Estero San Luis, en Puerto Cisnes, que abarcan un total de 33 hogares.<\/p>\n<p style=\"text-align: justify;\">Seg\u00fan la Secretaria Regional Ministerial de Vivienda de la Regi\u00f3n, Paulina Ruz Delf\u00edn, \u201csi bien estos 6 campamentos no es una cifra que sea significativa si la comparamos con los niveles del pa\u00eds, es un n\u00famero importante en la Regi\u00f3n de Ays\u00e9n, de la cu\u00e1l nosotros estamos conscientes. Son familias con la que estamos trabajando a trav\u00e9s de nuestro Programa de Asentamientos Precarios dependiente del Serviu\u201d.<\/p>\n<p style=\"text-align: justify;\">Agreg\u00f3, la autoridad que ese trabajo se hace patente a diario y, de hecho, \u201chace solo algunos d\u00edas se inici\u00f3 la habilitaci\u00f3n del terreno donde tendremos soluci\u00f3n habitacional en Puerto Ays\u00e9n, respecto del campamento m\u00e1s antiguo de la regi\u00f3n, que es el Campamento Las Quilas\u201d.<\/p>\n<p style=\"text-align: justify;\">Igualmente, destac\u00f3 que \u201cen el marco de nuestro Plan de Emergencia Habitacional, nosotros mejoramos los procesos, fortalecemos la coordinaci\u00f3n intersectorial, pero adem\u00e1s acortamos los tiempos para entregar soluciones definitivas para garantizar el derecho a la vivienda digna y adecuada a las familias que lo requieran\u201d.<\/p>\n<p style=\"text-align: justify;\">Por su parte, el Director (S) del Servicio de Vivienda y Urbanizaci\u00f3n, Eduardo Navarro Carrasco,\u00a0 adelant\u00f3 que tomando en cuenta los factores que se mencionaron en el Catastro 2022 y que tiene que ver con los motivos que hacen a las familias llegar a vivir en un campamento y que tienen que ver con los bajos ingresos y el alto costo de los arriendos, \u201cya se est\u00e1n planificando herramientas concretas que permitan ayudar a estas familias a salir de esta condici\u00f3n\u201d.<\/p>\n<p style=\"text-align: justify;\">En ese sentido, \u201cya estamos estudiando formas de aplicar arriendos controlados y estamos abocados a gestionar adecuadamente los suelos regionales, a trav\u00e9s de la compra, traspasos desde Bienes Nacionales y utilizaci\u00f3n de los terrenos que nos pertenecen\u201d, para entregar soluciones que se enmarquen en el Plan de Emergencia Habitacional, finaliz\u00f3 el Director (S) del Serviu.<\/p>\n<\/div><\/section><\/div><div  style='height:50px' class='hr hr-invisible   avia-builder-el-6  el_after_av_one_full  el_before_av_social_share '><span class='hr-inner ' ><span class='hr-inner-style'><\/span><\/span><\/div><\/p>\n<div  class='av-social-sharing-box  avia-builder-el-7  el_after_av_hr  el_before_av_hr  '><div class='av-share-box'><h5 class='av-share-link-description av-no-toc '>Compartir esta noticia<\/h5><ul class='av-share-box-list noLightbox'><li class='av-share-link av-social-link-facebook' ><a target=\"_blank\" aria-label=\"Compartir en Facebook\" href='https:\/\/www.facebook.com\/sharer.php?u=https:\/\/radiorevelacionfm.cl\/?p=23616&#038;t=Catastro%20de%20Campamentos%20arroj%C3%B3%20que%20de%20los%20casi%2072%20mil%20hogares%2C%20236%20est%C3%A1n%20en%20la%20Regi%C3%B3n%20de%20Ays%C3%A9n' aria-hidden='false' data-av_icon='\ue8f3' data-av_iconfont='entypo-fontello' title='' data-avia-related-tooltip='Compartir en Facebook' rel=\"noopener\"><span class='avia_hidden_link_text'>Compartir en Facebook<\/span><\/a><\/li><li class='av-share-link av-social-link-twitter' ><a target=\"_blank\" aria-label=\"Compartir en Twitter\" href='https:\/\/twitter.com\/share?text=Catastro%20de%20Campamentos%20arroj%C3%B3%20que%20de%20los%20casi%2072%20mil%20hogares%2C%20236%20est%C3%A1n%20en%20la%20Regi%C3%B3n%20de%20Ays%C3%A9n&#038;url=https:\/\/radiorevelacionfm.cl\/?p=23616' aria-hidden='false' data-av_icon='\ue8f1' data-av_iconfont='entypo-fontello' title='' data-avia-related-tooltip='Compartir en Twitter' rel=\"noopener\"><span class='avia_hidden_link_text'>Compartir en Twitter<\/span><\/a><\/li><li class='av-share-link av-social-link-whatsapp' ><a target=\"_blank\" aria-label=\"Compartir en Whatsapp\" href='https:\/\/api.whatsapp.com\/send?text=https:\/\/radiorevelacionfm.cl\/?p=23616' aria-hidden='false' data-av_icon='\uf232' data-av_iconfont='entypo-fontello' title='' data-avia-related-tooltip='Compartir en Whatsapp' rel=\"noopener\"><span class='avia_hidden_link_text'>Compartir en Whatsapp<\/span><\/a><\/li><li class='av-share-link av-social-link-linkedin' ><a target=\"_blank\" aria-label=\"Compartir en LinkedIn\" href='https:\/\/linkedin.com\/shareArticle?mini=true&#038;title=Catastro%20de%20Campamentos%20arroj%C3%B3%20que%20de%20los%20casi%2072%20mil%20hogares%2C%20236%20est%C3%A1n%20en%20la%20Regi%C3%B3n%20de%20Ays%C3%A9n&#038;url=https:\/\/radiorevelacionfm.cl\/?p=23616' aria-hidden='false' data-av_icon='\ue8fc' data-av_iconfont='entypo-fontello' title='' data-avia-related-tooltip='Compartir en LinkedIn' rel=\"noopener\"><span class='avia_hidden_link_text'>Compartir en LinkedIn<\/span><\/a><\/li><li class='av-share-link av-social-link-mail' ><a  aria-label=\"Compartir por correo\" href='mailto:?subject=Catastro%20de%20Campamentos%20arroj%C3%B3%20que%20de%20los%20casi%2072%20mil%20hogares%2C%20236%20est%C3%A1n%20en%20la%20Regi%C3%B3n%20de%20Ays%C3%A9n&#038;body=https:\/\/radiorevelacionfm.cl\/?p=23616' aria-hidden='false' data-av_icon='\ue805' data-av_iconfont='entypo-fontello' title='' data-avia-related-tooltip='Compartir por correo'><span class='avia_hidden_link_text'>Compartir por correo<\/span><\/a><\/li><\/ul><\/div><\/div>\n<div  style='height:50px' class='hr hr-invisible   avia-builder-el-8  el_after_av_social_share  el_before_av_comments_list '><span class='hr-inner ' ><span class='hr-inner-style'><\/span><\/span><\/div>\n<div  class='av-buildercomment  av-blog-meta-html-info-disabled av-blog-meta-tag-disabled  '><\/div>\n","protected":false},"excerpt":{"rendered":"","protected":false},"author":1,"featured_media":23617,"comment_status":"open","ping_status":"open","sticky":false,"template":"","format":"standard","meta":{"footnotes":""},"categories":[57],"tags":[],"class_list":["post-23616","post","type-post","status-publish","format-standard","has-post-thumbnail","hentry","category-vivienda"],"jetpack_featured_media_url":"https:\/\/radiorevelacionfm.cl\/wp-content\/uploads\/2022\/10\/campamento-las-quilas-1_optimized-1.jpg","_links":{"self":[{"href":"https:\/\/radiorevelacionfm.cl\/index.php?rest_route=\/wp\/v2\/posts\/23616","targetHints":{"allow":["GET"]}}],"collection":[{"href":"https:\/\/radiorevelacionfm.cl\/index.php?rest_route=\/wp\/v2\/posts"}],"about":[{"href":"https:\/\/radiorevelacionfm.cl\/index.php?rest_route=\/wp\/v2\/types\/post"}],"author":[{"embeddable":true,"href":"https:\/\/radiorevelacionfm.cl\/index.php?rest_route=\/wp\/v2\/users\/1"}],"replies":[{"embeddable":true,"href":"https:\/\/radiorevelacionfm.cl\/index.php?rest_route=%2Fwp%2Fv2%2Fcomments&post=23616"}],"version-history":[{"count":2,"href":"https:\/\/radiorevelacionfm.cl\/index.php?rest_route=\/wp\/v2\/posts\/23616\/revisions"}],"predecessor-version":[{"id":23619,"href":"https:\/\/radiorevelacionfm.cl\/index.php?rest_route=\/wp\/v2\/posts\/23616\/revisions\/23619"}],"wp:featuredmedia":[{"embeddable":true,"href":"https:\/\/radiorevelacionfm.cl\/index.php?rest_route=\/wp\/v2\/media\/23617"}],"wp:attachment":[{"href":"https:\/\/radiorevelacionfm.cl\/index.php?rest_route=%2Fwp%2Fv2%2Fmedia&parent=23616"}],"wp:term":[{"taxonomy":"category","embeddable":true,"href":"https:\/\/radiorevelacionfm.cl\/index.php?rest_route=%2Fwp%2Fv2%2Fcategories&post=23616"},{"taxonomy":"post_tag","embeddable":true,"href":"https:\/\/radiorevelacionfm.cl\/index.php?rest_route=%2Fwp%2Fv2%2Ftags&post=23616"}],"curies":[{"name":"wp","href":"https:\/\/api.w.org\/{rel}","templated":true}]}}