{"id":23610,"date":"2022-10-28T11:06:53","date_gmt":"2022-10-28T14:06:53","guid":{"rendered":"https:\/\/radiorevelacionfm.cl\/?p=23610"},"modified":"2022-10-28T21:02:24","modified_gmt":"2022-10-29T00:02:24","slug":"coyhaique-lanzan-libro-una-historia-desordenada-del-autor-joaquin-real-hermosilla","status":"publish","type":"post","link":"https:\/\/radiorevelacionfm.cl\/?p=23610","title":{"rendered":"Coyhaique: Lanzamiento del Libro \u201cUna Historia Desordenada\u201d del autor Joaqu\u00edn Real Hermosilla"},"content":{"rendered":"<div class=\"flex_column av_one_full  flex_column_div av-zero-column-padding first  avia-builder-el-0  el_before_av_one_full  avia-builder-el-first  \" style='border-radius:0px; '><div  class='avia-image-container  av-styling-    avia-builder-el-1  avia-builder-el-no-sibling  avia-align-center '  itemprop=\"image\" itemscope=\"itemscope\" itemtype=\"https:\/\/schema.org\/ImageObject\"  ><div class='avia-image-container-inner'><div class='avia-image-overlay-wrap'><img decoding=\"async\" class='wp-image-23611 avia-img-lazy-loading-not-23611 avia_image' src=\"https:\/\/radiorevelacionfm.cl\/wp-content\/uploads\/2022\/10\/313177173_643351010527817_7005504304647824647_n-1-1-1.jpg\" alt='' title='313177173_643351010527817_7005504304647824647_n (1) (1) (1)' height=\"600\" width=\"748\"  itemprop=\"thumbnailUrl\" srcset=\"https:\/\/radiorevelacionfm.cl\/wp-content\/uploads\/2022\/10\/313177173_643351010527817_7005504304647824647_n-1-1-1.jpg 748w, https:\/\/radiorevelacionfm.cl\/wp-content\/uploads\/2022\/10\/313177173_643351010527817_7005504304647824647_n-1-1-1-300x241.jpg 300w, https:\/\/radiorevelacionfm.cl\/wp-content\/uploads\/2022\/10\/313177173_643351010527817_7005504304647824647_n-1-1-1-705x566.jpg 705w, https:\/\/radiorevelacionfm.cl\/wp-content\/uploads\/2022\/10\/313177173_643351010527817_7005504304647824647_n-1-1-1-600x481.jpg 600w\" sizes=\"(max-width: 748px) 100vw, 748px\" \/><\/div><\/div><\/div><\/div>\n<div class=\"flex_column av_one_full  flex_column_div av-zero-column-padding first  avia-builder-el-2  el_after_av_one_full  el_before_av_one_full  column-top-margin\" style='border-radius:0px; '><section class=\"av_textblock_section \"  itemscope=\"itemscope\" itemtype=\"https:\/\/schema.org\/BlogPosting\" itemprop=\"blogPost\" ><div class='avia_textblock  '   itemprop=\"text\" ><p style=\"text-align: center;\"><strong><span style=\"font-size: 18pt;\">Coyhaique: Lanzamiento del Libro \u201cUna Historia Desordenada\u201d del autor Joaqu\u00edn Real Hermosilla<\/span><\/strong><\/p>\n<div id=\"gtx-trans\" style=\"position: absolute; left: -50px; top: 4.31534px;\">\n<div class=\"gtx-trans-icon\"><\/div>\n<\/div>\n<\/div><\/section><\/div><div class=\"flex_column av_one_full  flex_column_div av-zero-column-padding first  avia-builder-el-4  el_after_av_one_full  el_before_av_hr  column-top-margin\" style='border-radius:0px; '><section class=\"av_textblock_section \"  itemscope=\"itemscope\" itemtype=\"https:\/\/schema.org\/BlogPosting\" itemprop=\"blogPost\" ><div class='avia_textblock  '   itemprop=\"text\" ><p style=\"text-align: justify;\">Recorriendo principalmente la historia de Ays\u00e9n de los \u00faltimos 70 a\u00f1os, este mi\u00e9rcoles 26 de octubre, el comunicador y escritor aysenino Joaqu\u00edn Real Hermosilla lanz\u00f3 un relato que compila diversos acontecimientos que han marcado el devenir de esta parte del pa\u00eds y su gente a trav\u00e9s de su prisma como patag\u00f3n y regionalista.<\/p>\n<p style=\"text-align: justify;\">\u201cUna Historia Desordenada\u201d, es un libro de 270 p\u00e1ginas que fue realizado a partir de un esfuerzo personal del autor y publicado por Ediciones LOM de Santiago, el que fue presentado por el \u201cCentro Femenino Nieve Austral\u201d de Coyhaique y la \u201cCorporaci\u00f3n de Desarrollo Perseverancia.<\/p>\n<p style=\"text-align: justify;\">La obra literaria trata de una historia que fluye paralela a la vida del autor, donde su presencia solo es el hilo conductor para contar diversas historias en las cuales tuvo participaci\u00f3n directa, en otras es testigo y, por supuesto, algunos acontecimientos que han sido conocidos por la tradici\u00f3n oral que ha permanecido a trav\u00e9s del tiempo y las distintas generaciones.<\/p>\n<p style=\"text-align: justify;\">HISTORIAS DE NUESTRA IDENTIDAD<\/p>\n<p style=\"text-align: justify;\">Los relatos se desplazan entre la Patagonia chilena y argentina, as\u00ed como por diversos puntos de Chile y tambi\u00e9n del extranjero, lugares y vivencias por las cuales ha transitado Joaqu\u00edn Real Hermosilla, su autor.<\/p>\n<p style=\"text-align: justify;\">\u201cRespecto a los escenarios y los protagonistas, se ubican desde los a\u00f1os 50\u2019s hasta nuestros d\u00edas y de alguna manera establece una bit\u00e1cora de lo que hemos sido, lo que somos y que, en definitiva y de manera indudable, va definiendo y construyendo la identidad de lo que seremos en el futuro inmediato e imperecedero\u201d, reflexion\u00f3 el autor, nacido en 1943 en Puerto Ays\u00e9n, quien tiene a su haber otras 3 publicaciones: \u201cPrisioneros de Guerra en Ays\u00e9n\u201d (2014), tambi\u00e9n como coautor de \u201cFrancmasoner\u00eda en Ays\u00e9n\u201d (2015), y como parte de \u201cMi 11 de Septiembre, 24 Periodistas relatan su vivencia\u201d (2017).<\/p>\n<\/div><\/section><\/div><\/p>\n<div  style='height:50px' class='hr hr-invisible   avia-builder-el-6  el_after_av_one_full  el_before_av_social_share '><span class='hr-inner ' ><span class='hr-inner-style'><\/span><\/span><\/div>\n<div  class='av-social-sharing-box  avia-builder-el-7  el_after_av_hr  el_before_av_hr  '><div class='av-share-box'><h5 class='av-share-link-description av-no-toc '>Compartir esta noticia<\/h5><ul class='av-share-box-list noLightbox'><li class='av-share-link av-social-link-facebook' ><a target=\"_blank\" aria-label=\"Compartir en Facebook\" href='https:\/\/www.facebook.com\/sharer.php?u=https:\/\/radiorevelacionfm.cl\/?p=23610&#038;t=Coyhaique%3A%20Lanzamiento%20del%20Libro%20%E2%80%9CUna%20Historia%20Desordenada%E2%80%9D%20del%20autor%20Joaqu%C3%ADn%20Real%20Hermosilla' aria-hidden='false' data-av_icon='\ue8f3' data-av_iconfont='entypo-fontello' title='' data-avia-related-tooltip='Compartir en Facebook' rel=\"noopener\"><span class='avia_hidden_link_text'>Compartir en Facebook<\/span><\/a><\/li><li class='av-share-link av-social-link-twitter' ><a target=\"_blank\" aria-label=\"Compartir en Twitter\" href='https:\/\/twitter.com\/share?text=Coyhaique%3A%20Lanzamiento%20del%20Libro%20%E2%80%9CUna%20Historia%20Desordenada%E2%80%9D%20del%20autor%20Joaqu%C3%ADn%20Real%20Hermosilla&#038;url=https:\/\/radiorevelacionfm.cl\/?p=23610' aria-hidden='false' data-av_icon='\ue8f1' data-av_iconfont='entypo-fontello' title='' data-avia-related-tooltip='Compartir en Twitter' rel=\"noopener\"><span class='avia_hidden_link_text'>Compartir en Twitter<\/span><\/a><\/li><li class='av-share-link av-social-link-whatsapp' ><a target=\"_blank\" aria-label=\"Compartir en Whatsapp\" href='https:\/\/api.whatsapp.com\/send?text=https:\/\/radiorevelacionfm.cl\/?p=23610' aria-hidden='false' data-av_icon='\uf232' data-av_iconfont='entypo-fontello' title='' data-avia-related-tooltip='Compartir en Whatsapp' rel=\"noopener\"><span class='avia_hidden_link_text'>Compartir en Whatsapp<\/span><\/a><\/li><li class='av-share-link av-social-link-linkedin' ><a target=\"_blank\" aria-label=\"Compartir en LinkedIn\" href='https:\/\/linkedin.com\/shareArticle?mini=true&#038;title=Coyhaique%3A%20Lanzamiento%20del%20Libro%20%E2%80%9CUna%20Historia%20Desordenada%E2%80%9D%20del%20autor%20Joaqu%C3%ADn%20Real%20Hermosilla&#038;url=https:\/\/radiorevelacionfm.cl\/?p=23610' aria-hidden='false' data-av_icon='\ue8fc' data-av_iconfont='entypo-fontello' title='' data-avia-related-tooltip='Compartir en LinkedIn' rel=\"noopener\"><span class='avia_hidden_link_text'>Compartir en LinkedIn<\/span><\/a><\/li><li class='av-share-link av-social-link-mail' ><a  aria-label=\"Compartir por correo\" href='mailto:?subject=Coyhaique%3A%20Lanzamiento%20del%20Libro%20%E2%80%9CUna%20Historia%20Desordenada%E2%80%9D%20del%20autor%20Joaqu%C3%ADn%20Real%20Hermosilla&#038;body=https:\/\/radiorevelacionfm.cl\/?p=23610' aria-hidden='false' data-av_icon='\ue805' data-av_iconfont='entypo-fontello' title='' data-avia-related-tooltip='Compartir por correo'><span class='avia_hidden_link_text'>Compartir por correo<\/span><\/a><\/li><\/ul><\/div><\/div>\n<div  style='height:50px' class='hr hr-invisible   avia-builder-el-8  el_after_av_social_share  el_before_av_comments_list '><span class='hr-inner ' ><span class='hr-inner-style'><\/span><\/span><\/div>\n<div  class='av-buildercomment  av-blog-meta-html-info-disabled av-blog-meta-tag-disabled  '><\/div>\n","protected":false},"excerpt":{"rendered":"","protected":false},"author":1,"featured_media":23611,"comment_status":"open","ping_status":"open","sticky":false,"template":"","format":"standard","meta":{"footnotes":""},"categories":[52],"tags":[],"class_list":["post-23610","post","type-post","status-publish","format-standard","has-post-thumbnail","hentry","category-cultura"],"jetpack_featured_media_url":"https:\/\/radiorevelacionfm.cl\/wp-content\/uploads\/2022\/10\/313177173_643351010527817_7005504304647824647_n-1-1-1.jpg","_links":{"self":[{"href":"https:\/\/radiorevelacionfm.cl\/index.php?rest_route=\/wp\/v2\/posts\/23610","targetHints":{"allow":["GET"]}}],"collection":[{"href":"https:\/\/radiorevelacionfm.cl\/index.php?rest_route=\/wp\/v2\/posts"}],"about":[{"href":"https:\/\/radiorevelacionfm.cl\/index.php?rest_route=\/wp\/v2\/types\/post"}],"author":[{"embeddable":true,"href":"https:\/\/radiorevelacionfm.cl\/index.php?rest_route=\/wp\/v2\/users\/1"}],"replies":[{"embeddable":true,"href":"https:\/\/radiorevelacionfm.cl\/index.php?rest_route=%2Fwp%2Fv2%2Fcomments&post=23610"}],"version-history":[{"count":3,"href":"https:\/\/radiorevelacionfm.cl\/index.php?rest_route=\/wp\/v2\/posts\/23610\/revisions"}],"predecessor-version":[{"id":23659,"href":"https:\/\/radiorevelacionfm.cl\/index.php?rest_route=\/wp\/v2\/posts\/23610\/revisions\/23659"}],"wp:featuredmedia":[{"embeddable":true,"href":"https:\/\/radiorevelacionfm.cl\/index.php?rest_route=\/wp\/v2\/media\/23611"}],"wp:attachment":[{"href":"https:\/\/radiorevelacionfm.cl\/index.php?rest_route=%2Fwp%2Fv2%2Fmedia&parent=23610"}],"wp:term":[{"taxonomy":"category","embeddable":true,"href":"https:\/\/radiorevelacionfm.cl\/index.php?rest_route=%2Fwp%2Fv2%2Fcategories&post=23610"},{"taxonomy":"post_tag","embeddable":true,"href":"https:\/\/radiorevelacionfm.cl\/index.php?rest_route=%2Fwp%2Fv2%2Ftags&post=23610"}],"curies":[{"name":"wp","href":"https:\/\/api.w.org\/{rel}","templated":true}]}}