{"id":23591,"date":"2022-10-28T10:25:58","date_gmt":"2022-10-28T13:25:58","guid":{"rendered":"https:\/\/radiorevelacionfm.cl\/?p=23591"},"modified":"2022-10-28T10:25:58","modified_gmt":"2022-10-28T13:25:58","slug":"atencion-papas-con-el-cuidado-bucal-de-los-ninos-as-en-halloween","status":"publish","type":"post","link":"https:\/\/radiorevelacionfm.cl\/?p=23591","title":{"rendered":"\u00a1Atenci\u00f3n pap\u00e1s! con el cuidado bucal de los ni\u00f1os\/as en Halloween"},"content":{"rendered":"<div class=\"flex_column av_one_full  flex_column_div av-zero-column-padding first  avia-builder-el-0  el_before_av_one_full  avia-builder-el-first  \" style='border-radius:0px; '><div  class='avia-image-container  av-styling-    avia-builder-el-1  avia-builder-el-no-sibling  avia-align-center '  itemprop=\"image\" itemscope=\"itemscope\" itemtype=\"https:\/\/schema.org\/ImageObject\"  ><div class='avia-image-container-inner'><div class='avia-image-overlay-wrap'><img decoding=\"async\" class='wp-image-23592 avia-img-lazy-loading-not-23592 avia_image' src=\"https:\/\/radiorevelacionfm.cl\/wp-content\/uploads\/2022\/10\/DSC03819-1-1.jpg\" alt='' title='DSC03819 (1) (1)' height=\"600\" width=\"900\"  itemprop=\"thumbnailUrl\" srcset=\"https:\/\/radiorevelacionfm.cl\/wp-content\/uploads\/2022\/10\/DSC03819-1-1.jpg 900w, https:\/\/radiorevelacionfm.cl\/wp-content\/uploads\/2022\/10\/DSC03819-1-1-300x200.jpg 300w, https:\/\/radiorevelacionfm.cl\/wp-content\/uploads\/2022\/10\/DSC03819-1-1-768x512.jpg 768w, https:\/\/radiorevelacionfm.cl\/wp-content\/uploads\/2022\/10\/DSC03819-1-1-705x470.jpg 705w, https:\/\/radiorevelacionfm.cl\/wp-content\/uploads\/2022\/10\/DSC03819-1-1-600x400.jpg 600w\" sizes=\"(max-width: 900px) 100vw, 900px\" \/><\/div><\/div><\/div><\/div>\n<div class=\"flex_column av_one_full  flex_column_div av-zero-column-padding first  avia-builder-el-2  el_after_av_one_full  el_before_av_one_full  column-top-margin\" style='border-radius:0px; '><section class=\"av_textblock_section \"  itemscope=\"itemscope\" itemtype=\"https:\/\/schema.org\/BlogPosting\" itemprop=\"blogPost\" ><div class='avia_textblock  '   itemprop=\"text\" ><p style=\"text-align: center;\"><strong><span style=\"font-size: 18pt;\">\u00a1Atenci\u00f3n pap\u00e1s! con el cuidado bucal de los ni\u00f1os\/as en Halloween<\/span><\/strong><\/p>\n<div id=\"gtx-trans\" style=\"position: absolute; left: -50px; top: 4.31534px;\">\n<div class=\"gtx-trans-icon\"><\/div>\n<\/div>\n<\/div><\/section><\/div><div class=\"flex_column av_one_full  flex_column_div av-zero-column-padding first  avia-builder-el-4  el_after_av_one_full  el_before_av_hr  column-top-margin\" style='border-radius:0px; '><section class=\"av_textblock_section \"  itemscope=\"itemscope\" itemtype=\"https:\/\/schema.org\/BlogPosting\" itemprop=\"blogPost\" ><div class='avia_textblock  '   itemprop=\"text\" ><p style=\"text-align: justify;\">En pocos d\u00edas m\u00e1s se vivir\u00e1 Halloween, una fiesta en la que cada vez m\u00e1s ni\u00f1os y ni\u00f1as participan disfrazados en busca de dulces. Pero \u00bfc\u00f3mo cuidar su salud bucal en medio de tanta az\u00facar?<\/p>\n<p style=\"text-align: justify;\">El odont\u00f3logo y docente de T\u00e9cnico en Odontolog\u00eda menci\u00f3n Higienista Dental de Santo Tom\u00e1s, Adri\u00e1n Venegas, explica que lo esencial para prevenir caries es segmentar el consumo de az\u00facar y reforzar el cepillado dental.<\/p>\n<p style=\"text-align: justify;\">\u201cLo ideal es reducir la ingesta de dulces, caramelos y chocolates, que son muy adhesivos. Ojal\u00e1 comerlos en ciertos momentos del d\u00eda y no durante todo el d\u00eda, y cepillarse los dientes por 3 a 5 minutos, bajo la supervisi\u00f3n del cuidador, a la media hora despu\u00e9s de consumirlos\u201d, explica.<\/p>\n<p style=\"text-align: justify;\">El objetivo a perseguir es reducir la cantidad de az\u00facar en la boca para evitar la desmineralizaci\u00f3n de los dientes \u201cy con el cepillado eliminar los residuos que podr\u00edan provocar lesiones\u201d.<\/p>\n<p style=\"text-align: justify;\">\u201cA las bacterias presentes en la boca les encanta el sustrato que obtienen a trav\u00e9s de los dulces, ya que metabolizan el az\u00facar y lo hacen su alimento, acidifican el medio y despu\u00e9s producen la caries\u201d, precisa Venegas.<\/p>\n<p style=\"text-align: justify;\"><strong><u>Tips de cuidado bucodental<\/u><\/strong><\/p>\n<ul>\n<li style=\"text-align: justify;\">Lo peor que podemos hacer es dejar que un ni\u00f1o consuma dulces durante todo el d\u00eda y s\u00f3lo cepillar en la ma\u00f1ana y en la noche. Debemos reforzar el cepillado tras media hora despu\u00e9s de la ingesta de az\u00facar.<\/li>\n<li style=\"text-align: justify;\">La mejor t\u00e9cnica de cepillado es aquella que no complica al paciente peque\u00f1o. Puede ser en forma semicircular o de barrido horizontal; lo importante es que se cepillen todas las caras del diente, por dentro, por fuera y las superficies que est\u00e1n en contacto con el diente de arriba o abajo.<\/li>\n<li style=\"text-align: justify;\">Un buen cepillado dental dura entre 3 y 5 minutos. Para que los ni\u00f1os se habit\u00faen podemos poner de fondo su canci\u00f3n favorita. De esta forma el cepillado es eficaz y ellos no se impacientan.<\/li>\n<li style=\"text-align: justify;\">Para ni\u00f1os y ni\u00f1as debemos elegir pastas dentales en cuya etiqueta aparezca \u201c1450 ppm\/fl\u00faor\u201d, ya que es la cantidad m\u00ednima para que haya remineralizaci\u00f3n del diente.<\/li>\n<li style=\"text-align: justify;\">La cantidad de pasta dental depende de la edad del ni\u00f1o o ni\u00f1a; para un infante con dientes temporales utilizamos s\u00f3lo una cantidad de barrido; para ni\u00f1os de 4 o 5 a\u00f1os usar el equivalente a un grano de arroz y a partir de los 6 a\u00f1os el equivalente a una arveja.<\/li>\n<li style=\"text-align: justify;\">No es necesario enjuagar la pasta dental, s\u00f3lo escupir el exceso de espuma, ya que de esta forma dejamos el fl\u00faor actuando en la boca.<\/li>\n<li style=\"text-align: justify;\">El enjuague bucal infantil se puede utilizar siempre y cuando el ni\u00f1o tenga el reflejo deglutorio desarrollado, es decir, que sepa escupir y no se trague el producto.<\/li>\n<li style=\"text-align: justify;\">Con estos consejos se espera que ni\u00f1os y adultos vivan una fiesta entretenida donde el terror de las caries no se haga presente.<\/li>\n<\/ul>\n<\/div><\/section><\/div><\/p>\n<div  style='height:50px' class='hr hr-invisible   avia-builder-el-6  el_after_av_one_full  el_before_av_social_share '><span class='hr-inner ' ><span class='hr-inner-style'><\/span><\/span><\/div>\n<div  class='av-social-sharing-box  avia-builder-el-7  el_after_av_hr  el_before_av_hr  '><div class='av-share-box'><h5 class='av-share-link-description av-no-toc '>Compartir esta noticia<\/h5><ul class='av-share-box-list noLightbox'><li class='av-share-link av-social-link-facebook' ><a target=\"_blank\" aria-label=\"Compartir en Facebook\" href='https:\/\/www.facebook.com\/sharer.php?u=https:\/\/radiorevelacionfm.cl\/?p=23591&#038;t=%C2%A1Atenci%C3%B3n%20pap%C3%A1s%21%20con%20el%20cuidado%20bucal%20de%20los%20ni%C3%B1os%2Fas%20en%20Halloween' aria-hidden='false' data-av_icon='\ue8f3' data-av_iconfont='entypo-fontello' title='' data-avia-related-tooltip='Compartir en Facebook' rel=\"noopener\"><span class='avia_hidden_link_text'>Compartir en Facebook<\/span><\/a><\/li><li class='av-share-link av-social-link-twitter' ><a target=\"_blank\" aria-label=\"Compartir en Twitter\" href='https:\/\/twitter.com\/share?text=%C2%A1Atenci%C3%B3n%20pap%C3%A1s%21%20con%20el%20cuidado%20bucal%20de%20los%20ni%C3%B1os%2Fas%20en%20Halloween&#038;url=https:\/\/radiorevelacionfm.cl\/?p=23591' aria-hidden='false' data-av_icon='\ue8f1' data-av_iconfont='entypo-fontello' title='' data-avia-related-tooltip='Compartir en Twitter' rel=\"noopener\"><span class='avia_hidden_link_text'>Compartir en Twitter<\/span><\/a><\/li><li class='av-share-link av-social-link-whatsapp' ><a target=\"_blank\" aria-label=\"Compartir en Whatsapp\" href='https:\/\/api.whatsapp.com\/send?text=https:\/\/radiorevelacionfm.cl\/?p=23591' aria-hidden='false' data-av_icon='\uf232' data-av_iconfont='entypo-fontello' title='' data-avia-related-tooltip='Compartir en Whatsapp' rel=\"noopener\"><span class='avia_hidden_link_text'>Compartir en Whatsapp<\/span><\/a><\/li><li class='av-share-link av-social-link-linkedin' ><a target=\"_blank\" aria-label=\"Compartir en LinkedIn\" href='https:\/\/linkedin.com\/shareArticle?mini=true&#038;title=%C2%A1Atenci%C3%B3n%20pap%C3%A1s%21%20con%20el%20cuidado%20bucal%20de%20los%20ni%C3%B1os%2Fas%20en%20Halloween&#038;url=https:\/\/radiorevelacionfm.cl\/?p=23591' aria-hidden='false' data-av_icon='\ue8fc' data-av_iconfont='entypo-fontello' title='' data-avia-related-tooltip='Compartir en LinkedIn' rel=\"noopener\"><span class='avia_hidden_link_text'>Compartir en LinkedIn<\/span><\/a><\/li><li class='av-share-link av-social-link-mail' ><a  aria-label=\"Compartir por correo\" href='mailto:?subject=%C2%A1Atenci%C3%B3n%20pap%C3%A1s%21%20con%20el%20cuidado%20bucal%20de%20los%20ni%C3%B1os%2Fas%20en%20Halloween&#038;body=https:\/\/radiorevelacionfm.cl\/?p=23591' aria-hidden='false' data-av_icon='\ue805' data-av_iconfont='entypo-fontello' title='' data-avia-related-tooltip='Compartir por correo'><span class='avia_hidden_link_text'>Compartir por correo<\/span><\/a><\/li><\/ul><\/div><\/div>\n<div  style='height:50px' class='hr hr-invisible   avia-builder-el-8  el_after_av_social_share  el_before_av_comments_list '><span class='hr-inner ' ><span class='hr-inner-style'><\/span><\/span><\/div>\n<div  class='av-buildercomment  av-blog-meta-html-info-disabled av-blog-meta-tag-disabled  '><\/div>\n","protected":false},"excerpt":{"rendered":"","protected":false},"author":1,"featured_media":23592,"comment_status":"open","ping_status":"open","sticky":false,"template":"","format":"standard","meta":{"footnotes":""},"categories":[61],"tags":[],"class_list":["post-23591","post","type-post","status-publish","format-standard","has-post-thumbnail","hentry","category-nacional"],"jetpack_featured_media_url":"https:\/\/radiorevelacionfm.cl\/wp-content\/uploads\/2022\/10\/DSC03819-1-1.jpg","_links":{"self":[{"href":"https:\/\/radiorevelacionfm.cl\/index.php?rest_route=\/wp\/v2\/posts\/23591","targetHints":{"allow":["GET"]}}],"collection":[{"href":"https:\/\/radiorevelacionfm.cl\/index.php?rest_route=\/wp\/v2\/posts"}],"about":[{"href":"https:\/\/radiorevelacionfm.cl\/index.php?rest_route=\/wp\/v2\/types\/post"}],"author":[{"embeddable":true,"href":"https:\/\/radiorevelacionfm.cl\/index.php?rest_route=\/wp\/v2\/users\/1"}],"replies":[{"embeddable":true,"href":"https:\/\/radiorevelacionfm.cl\/index.php?rest_route=%2Fwp%2Fv2%2Fcomments&post=23591"}],"version-history":[{"count":3,"href":"https:\/\/radiorevelacionfm.cl\/index.php?rest_route=\/wp\/v2\/posts\/23591\/revisions"}],"predecessor-version":[{"id":23620,"href":"https:\/\/radiorevelacionfm.cl\/index.php?rest_route=\/wp\/v2\/posts\/23591\/revisions\/23620"}],"wp:featuredmedia":[{"embeddable":true,"href":"https:\/\/radiorevelacionfm.cl\/index.php?rest_route=\/wp\/v2\/media\/23592"}],"wp:attachment":[{"href":"https:\/\/radiorevelacionfm.cl\/index.php?rest_route=%2Fwp%2Fv2%2Fmedia&parent=23591"}],"wp:term":[{"taxonomy":"category","embeddable":true,"href":"https:\/\/radiorevelacionfm.cl\/index.php?rest_route=%2Fwp%2Fv2%2Fcategories&post=23591"},{"taxonomy":"post_tag","embeddable":true,"href":"https:\/\/radiorevelacionfm.cl\/index.php?rest_route=%2Fwp%2Fv2%2Ftags&post=23591"}],"curies":[{"name":"wp","href":"https:\/\/api.w.org\/{rel}","templated":true}]}}