{"id":23588,"date":"2022-10-27T18:12:08","date_gmt":"2022-10-27T21:12:08","guid":{"rendered":"https:\/\/radiorevelacionfm.cl\/?p=23588"},"modified":"2022-10-27T18:12:08","modified_gmt":"2022-10-27T21:12:08","slug":"abordan-proyecto-de-inversion-del-jardin-infantil-ciruelillo-en-flor-de-tortel","status":"publish","type":"post","link":"https:\/\/radiorevelacionfm.cl\/?p=23588","title":{"rendered":"Abordan proyecto de inversi\u00f3n del jard\u00edn infantil \u201cCiruelillo en Flor\u201d de Tortel"},"content":{"rendered":"<div class=\"flex_column av_one_full  flex_column_div av-zero-column-padding first  avia-builder-el-0  el_before_av_one_full  avia-builder-el-first  \" style='border-radius:0px; '><div  class='avia-image-container  av-styling-    avia-builder-el-1  avia-builder-el-no-sibling  avia-align-center '  itemprop=\"image\" itemscope=\"itemscope\" itemtype=\"https:\/\/schema.org\/ImageObject\"  ><div class='avia-image-container-inner'><div class='avia-image-overlay-wrap'><img decoding=\"async\" class='wp-image-23589 avia-img-lazy-loading-not-23589 avia_image' src=\"https:\/\/radiorevelacionfm.cl\/wp-content\/uploads\/2022\/10\/1-47-1_optimized.jpeg\" alt='' title='1-(47)-(1)_optimized' height=\"600\" width=\"1176\"  itemprop=\"thumbnailUrl\" srcset=\"https:\/\/radiorevelacionfm.cl\/wp-content\/uploads\/2022\/10\/1-47-1_optimized.jpeg 1176w, https:\/\/radiorevelacionfm.cl\/wp-content\/uploads\/2022\/10\/1-47-1_optimized-300x153.jpeg 300w, https:\/\/radiorevelacionfm.cl\/wp-content\/uploads\/2022\/10\/1-47-1_optimized-1030x526.jpeg 1030w, https:\/\/radiorevelacionfm.cl\/wp-content\/uploads\/2022\/10\/1-47-1_optimized-768x392.jpeg 768w, https:\/\/radiorevelacionfm.cl\/wp-content\/uploads\/2022\/10\/1-47-1_optimized-705x360.jpeg 705w, https:\/\/radiorevelacionfm.cl\/wp-content\/uploads\/2022\/10\/1-47-1_optimized-600x306.jpeg 600w\" sizes=\"(max-width: 1176px) 100vw, 1176px\" \/><\/div><\/div><\/div><\/div><div class=\"flex_column av_one_full  flex_column_div av-zero-column-padding first  avia-builder-el-2  el_after_av_one_full  el_before_av_one_full  column-top-margin\" style='border-radius:0px; '><section class=\"av_textblock_section \"  itemscope=\"itemscope\" itemtype=\"https:\/\/schema.org\/BlogPosting\" itemprop=\"blogPost\" ><div class='avia_textblock  '   itemprop=\"text\" ><p style=\"text-align: center;\"><span style=\"font-size: 18pt;\"><strong>Abordan proyecto de inversi\u00f3n del jard\u00edn infantil \u201cCiruelillo en Flor\u201d de Tortel<\/strong><\/span><\/p>\n<div id=\"gtx-trans\" style=\"position: absolute; left: -50px; top: 4.31534px;\">\n<div class=\"gtx-trans-icon\"><\/div>\n<\/div>\n<\/div><\/section><\/div><div class=\"flex_column av_one_full  flex_column_div av-zero-column-padding first  avia-builder-el-4  el_after_av_one_full  el_before_av_hr  column-top-margin\" style='border-radius:0px; '><section class=\"av_textblock_section \"  itemscope=\"itemscope\" itemtype=\"https:\/\/schema.org\/BlogPosting\" itemprop=\"blogPost\" ><div class='avia_textblock  '   itemprop=\"text\" ><p style=\"text-align: justify;\">Es el \u00fanico Jard\u00edn infantil de Tortel, una de las comunas m\u00e1s australes de la Regi\u00f3n de Ays\u00e9n y hace a\u00f1os que funciona en las dependencias de una sede social, el objetivo del Alcalde de la Caleta, Abel Becerra Vidal, es coordinar todos los esfuerzos con la autoridad que lidera la entidad evaluadora de las iniciativas de inversi\u00f3n en el territorio, la Seremi de Desarrollo Social y Familia, Karina Acevedo Auad, para efectos de alcanzar los antes posible la tan anhelada calificaci\u00f3n de iniciativa Recomendada, RS. En la reuni\u00f3n que fue calificada como fruct\u00edfera por ambas autoridades adem\u00e1s de los equipos t\u00e9cnicos municipales y ministeriales, particip\u00f3 personal de la Junta Nacional de Jardines Infantiles, JUNJI.<\/p>\n<p style=\"text-align: justify;\">Abel Becerra, alcalde de la Comuna de Caleta Tortel, explic\u00f3 que la reuni\u00f3n con la SEREMI de Desarrollo Social y Familia fue para comentarle sobre el ingreso del proyecto al Sistema Nacional de Inversiones de la \u201cReposici\u00f3n del Jard\u00edn Infantil: Ciruelillo en Flor\u201d. \u201cPara hacer una l\u00ednea en el tiempo donde est\u00e1 emplazado el establecimiento no es un jard\u00edn, es una sede comunitaria que se adapt\u00f3 mientras se realizan todos los procesos que hoy estamos finalizando. Queremos sacar adelante este proyecto porque es simb\u00f3lico porque es el \u00fanico jard\u00edn de la comuna, el tenor de la conversaci\u00f3n se agradece, hubo una buena disposici\u00f3n de los equipos de JUNJI y la SEREMI, as\u00ed es que esperamos sacar lo m\u00e1s pronto adelante este proyecto que del jard\u00edn para Caleta Tortel\u201d.<\/p>\n<p style=\"text-align: justify;\">Seg\u00fan Karina Acevedo, SEREMI de Desarrollo Social y Familia, se entiende la necesidad de abordar con la mayor urgencia un proyecto tan anhelado para\u00a0 la comunidad como lo es la reposici\u00f3n del \u00fanico jard\u00edn de la comuna, por lo que se har\u00e1n todas las gestiones y acciones necesarias para llegar a buen puerto en el menor tiempo posible. \u201cHemos conversado las observaciones t\u00e9cnicas que han tenido desde el Ministerito, hemos nutrido con informaci\u00f3n de los procedimientos que tiene el Sistema Nacional de Inversiones y podemos decir que tanto el Alcalde como Junji se han ido con la claridad absoluta de lo que hay que hacer y nuestra disposici\u00f3n para apoyarlos. El Presidente \u2013 Gabriel Boric &#8211; nos ha pedido un nuevo trato y forma de comunicarnos con las unidades formuladoras, la idea es ser oportunos en tiempo y forma ante los proyectos que son importantes para el desarrollo de nuestra regi\u00f3n y pa\u00eds\u201d.<\/p>\n<p style=\"text-align: justify;\">El proyecto que tiene gran significaci\u00f3n para la comunidad tortelina, ser\u00e1 abordado de manera permanente por los equipos t\u00e9cnicos relacionados con el objeto de poder dar respuesta lo m\u00e1s pronto posible a las observaciones y as\u00ed obtener en el menor plazo posible el RATE RS para \u201cReposici\u00f3n del Jard\u00edn Infantil: Ciruelillo en Flor\u201d.<\/p>\n<\/div><\/section><\/div><div  style='height:50px' class='hr hr-invisible   avia-builder-el-6  el_after_av_one_full  el_before_av_social_share '><span class='hr-inner ' ><span class='hr-inner-style'><\/span><\/span><\/div><\/p>\n<div  class='av-social-sharing-box  avia-builder-el-7  el_after_av_hr  el_before_av_hr  '><div class='av-share-box'><h5 class='av-share-link-description av-no-toc '>Compartir esta noticia<\/h5><ul class='av-share-box-list noLightbox'><li class='av-share-link av-social-link-facebook' ><a target=\"_blank\" aria-label=\"Compartir en Facebook\" href='https:\/\/www.facebook.com\/sharer.php?u=https:\/\/radiorevelacionfm.cl\/?p=23588&#038;t=Abordan%20proyecto%20de%20inversi%C3%B3n%20del%20jard%C3%ADn%20infantil%20%E2%80%9CCiruelillo%20en%20Flor%E2%80%9D%20de%20Tortel' aria-hidden='false' data-av_icon='\ue8f3' data-av_iconfont='entypo-fontello' title='' data-avia-related-tooltip='Compartir en Facebook' rel=\"noopener\"><span class='avia_hidden_link_text'>Compartir en Facebook<\/span><\/a><\/li><li class='av-share-link av-social-link-twitter' ><a target=\"_blank\" aria-label=\"Compartir en Twitter\" href='https:\/\/twitter.com\/share?text=Abordan%20proyecto%20de%20inversi%C3%B3n%20del%20jard%C3%ADn%20infantil%20%E2%80%9CCiruelillo%20en%20Flor%E2%80%9D%20de%20Tortel&#038;url=https:\/\/radiorevelacionfm.cl\/?p=23588' aria-hidden='false' data-av_icon='\ue8f1' data-av_iconfont='entypo-fontello' title='' data-avia-related-tooltip='Compartir en Twitter' rel=\"noopener\"><span class='avia_hidden_link_text'>Compartir en Twitter<\/span><\/a><\/li><li class='av-share-link av-social-link-whatsapp' ><a target=\"_blank\" aria-label=\"Compartir en Whatsapp\" href='https:\/\/api.whatsapp.com\/send?text=https:\/\/radiorevelacionfm.cl\/?p=23588' aria-hidden='false' data-av_icon='\uf232' data-av_iconfont='entypo-fontello' title='' data-avia-related-tooltip='Compartir en Whatsapp' rel=\"noopener\"><span class='avia_hidden_link_text'>Compartir en Whatsapp<\/span><\/a><\/li><li class='av-share-link av-social-link-linkedin' ><a target=\"_blank\" aria-label=\"Compartir en LinkedIn\" href='https:\/\/linkedin.com\/shareArticle?mini=true&#038;title=Abordan%20proyecto%20de%20inversi%C3%B3n%20del%20jard%C3%ADn%20infantil%20%E2%80%9CCiruelillo%20en%20Flor%E2%80%9D%20de%20Tortel&#038;url=https:\/\/radiorevelacionfm.cl\/?p=23588' aria-hidden='false' data-av_icon='\ue8fc' data-av_iconfont='entypo-fontello' title='' data-avia-related-tooltip='Compartir en LinkedIn' rel=\"noopener\"><span class='avia_hidden_link_text'>Compartir en LinkedIn<\/span><\/a><\/li><li class='av-share-link av-social-link-mail' ><a  aria-label=\"Compartir por correo\" href='mailto:?subject=Abordan%20proyecto%20de%20inversi%C3%B3n%20del%20jard%C3%ADn%20infantil%20%E2%80%9CCiruelillo%20en%20Flor%E2%80%9D%20de%20Tortel&#038;body=https:\/\/radiorevelacionfm.cl\/?p=23588' aria-hidden='false' data-av_icon='\ue805' data-av_iconfont='entypo-fontello' title='' data-avia-related-tooltip='Compartir por correo'><span class='avia_hidden_link_text'>Compartir por correo<\/span><\/a><\/li><\/ul><\/div><\/div>\n<div  style='height:50px' class='hr hr-invisible   avia-builder-el-8  el_after_av_social_share  el_before_av_comments_list '><span class='hr-inner ' ><span class='hr-inner-style'><\/span><\/span><\/div>\n<div  class='av-buildercomment  av-blog-meta-html-info-disabled av-blog-meta-tag-disabled  '><\/div>\n","protected":false},"excerpt":{"rendered":"","protected":false},"author":1,"featured_media":23589,"comment_status":"open","ping_status":"open","sticky":false,"template":"","format":"standard","meta":{"footnotes":""},"categories":[38],"tags":[],"class_list":["post-23588","post","type-post","status-publish","format-standard","has-post-thumbnail","hentry","category-regional"],"jetpack_featured_media_url":"https:\/\/radiorevelacionfm.cl\/wp-content\/uploads\/2022\/10\/1-47-1_optimized.jpeg","_links":{"self":[{"href":"https:\/\/radiorevelacionfm.cl\/index.php?rest_route=\/wp\/v2\/posts\/23588","targetHints":{"allow":["GET"]}}],"collection":[{"href":"https:\/\/radiorevelacionfm.cl\/index.php?rest_route=\/wp\/v2\/posts"}],"about":[{"href":"https:\/\/radiorevelacionfm.cl\/index.php?rest_route=\/wp\/v2\/types\/post"}],"author":[{"embeddable":true,"href":"https:\/\/radiorevelacionfm.cl\/index.php?rest_route=\/wp\/v2\/users\/1"}],"replies":[{"embeddable":true,"href":"https:\/\/radiorevelacionfm.cl\/index.php?rest_route=%2Fwp%2Fv2%2Fcomments&post=23588"}],"version-history":[{"count":2,"href":"https:\/\/radiorevelacionfm.cl\/index.php?rest_route=\/wp\/v2\/posts\/23588\/revisions"}],"predecessor-version":[{"id":23606,"href":"https:\/\/radiorevelacionfm.cl\/index.php?rest_route=\/wp\/v2\/posts\/23588\/revisions\/23606"}],"wp:featuredmedia":[{"embeddable":true,"href":"https:\/\/radiorevelacionfm.cl\/index.php?rest_route=\/wp\/v2\/media\/23589"}],"wp:attachment":[{"href":"https:\/\/radiorevelacionfm.cl\/index.php?rest_route=%2Fwp%2Fv2%2Fmedia&parent=23588"}],"wp:term":[{"taxonomy":"category","embeddable":true,"href":"https:\/\/radiorevelacionfm.cl\/index.php?rest_route=%2Fwp%2Fv2%2Fcategories&post=23588"},{"taxonomy":"post_tag","embeddable":true,"href":"https:\/\/radiorevelacionfm.cl\/index.php?rest_route=%2Fwp%2Fv2%2Ftags&post=23588"}],"curies":[{"name":"wp","href":"https:\/\/api.w.org\/{rel}","templated":true}]}}