{"id":23584,"date":"2022-10-27T16:37:07","date_gmt":"2022-10-27T19:37:07","guid":{"rendered":"https:\/\/radiorevelacionfm.cl\/?p=23584"},"modified":"2022-10-27T16:37:07","modified_gmt":"2022-10-27T19:37:07","slug":"declaran-primer-sitio-de-memoria-de-la-region-de-aysen","status":"publish","type":"post","link":"https:\/\/radiorevelacionfm.cl\/?p=23584","title":{"rendered":"Declaran primer Sitio de Memoria de la Regi\u00f3n de Ays\u00e9n"},"content":{"rendered":"<div class=\"flex_column av_one_full  flex_column_div av-zero-column-padding first  avia-builder-el-0  el_before_av_one_full  avia-builder-el-first  \" style='border-radius:0px; '><div  class='avia-image-container  av-styling-    avia-builder-el-1  avia-builder-el-no-sibling  avia-align-center '  itemprop=\"image\" itemscope=\"itemscope\" itemtype=\"https:\/\/schema.org\/ImageObject\"  ><div class='avia-image-container-inner'><div class='avia-image-overlay-wrap'><img decoding=\"async\" class='wp-image-23585 avia-img-lazy-loading-not-23585 avia_image' src=\"https:\/\/radiorevelacionfm.cl\/wp-content\/uploads\/2022\/10\/sitio-memoria-1-1-1.jpg\" alt='' title='sitio memoria 1 (1) (1)' height=\"600\" width=\"899\"  itemprop=\"thumbnailUrl\" srcset=\"https:\/\/radiorevelacionfm.cl\/wp-content\/uploads\/2022\/10\/sitio-memoria-1-1-1.jpg 899w, https:\/\/radiorevelacionfm.cl\/wp-content\/uploads\/2022\/10\/sitio-memoria-1-1-1-300x200.jpg 300w, https:\/\/radiorevelacionfm.cl\/wp-content\/uploads\/2022\/10\/sitio-memoria-1-1-1-768x513.jpg 768w, https:\/\/radiorevelacionfm.cl\/wp-content\/uploads\/2022\/10\/sitio-memoria-1-1-1-705x471.jpg 705w, https:\/\/radiorevelacionfm.cl\/wp-content\/uploads\/2022\/10\/sitio-memoria-1-1-1-600x400.jpg 600w\" sizes=\"(max-width: 899px) 100vw, 899px\" \/><\/div><\/div><\/div><\/div><div class=\"flex_column av_one_full  flex_column_div av-zero-column-padding first  avia-builder-el-2  el_after_av_one_full  el_before_av_one_full  column-top-margin\" style='border-radius:0px; '><section class=\"av_textblock_section \"  itemscope=\"itemscope\" itemtype=\"https:\/\/schema.org\/BlogPosting\" itemprop=\"blogPost\" ><div class='avia_textblock  '   itemprop=\"text\" ><p style=\"text-align: center;\"><span style=\"font-size: 18pt;\"><b>Declaran primer Sitio de Memoria de la Regi\u00f3n de Ays\u00e9n\u00a0<\/b><\/span><\/p>\n<div id=\"gtx-trans\" style=\"position: absolute; left: -50px; top: 4.31534px;\">\n<div class=\"gtx-trans-icon\"><\/div>\n<\/div>\n<\/div><\/section><\/div><div class=\"flex_column av_one_full  flex_column_div av-zero-column-padding first  avia-builder-el-4  el_after_av_one_full  el_before_av_hr  column-top-margin\" style='border-radius:0px; '><section class=\"av_textblock_section \"  itemscope=\"itemscope\" itemtype=\"https:\/\/schema.org\/BlogPosting\" itemprop=\"blogPost\" ><div class='avia_textblock  '   itemprop=\"text\" ><div>\n<p style=\"text-align: justify;\">En una emocionante y masiva ceremonia, encabezada por el seremi de Culturas Ays\u00e9n, Felipe Quiroz, acompa\u00f1ado por organismos de derechos humanos y autoridades regionales, se llev\u00f3 a cabo la Declaratoria de Monumento Hist\u00f3rico en categor\u00eda Sitio de Memoria de la 2a Comisar\u00eda de Puerto Ays\u00e9n, lugar que fue utilizado por la dictadura c\u00edvico militar como centro de prisi\u00f3n pol\u00edtica y tortura.<\/p>\n<p style=\"text-align: justify;\">El edificio de dos plantas, revestido en madera de lenga que data de 1930, se transforma as\u00ed en la primera infraestructura en recibir esta denominaci\u00f3n en todo el territorio aysenino.<\/p>\n<p style=\"text-align: justify;\">Con la instalaci\u00f3n de la placa conmemorativa, la Regi\u00f3n de Ays\u00e9n sale del reducido grupo de cinco regiones que todav\u00eda no contaban con un sitio de memoria reconocido y declarado por el Estado, a trav\u00e9s del Consejo de Monumentos Nacionales.<\/p>\n<p style=\"text-align: justify;\">El seremi de las Culturas, las Artes y el Patrimonio, Regi\u00f3n de Ays\u00e9n, Felipe Quiroz V\u00e1squez, valor\u00f3 este hito como un importante paso en materia de memoria y Derechos Humanos: \u201cNo se trata solo de la instalaci\u00f3n de una placa en este cuartel policial, sino de un acto que va en la l\u00ednea reparatoria que trabajamos desde el Gobierno del presidente Gabriel Boric, y que permite avanzar sin olvidar a nuestros compatriotas que padecieron los horrores de la dictadura. Desde hoy, este lugar de Puerto Ays\u00e9n es un espacio de reflexi\u00f3n para que no repitamos los errores ni los horrores del pasado\u201d.<\/p>\n<p style=\"text-align: justify;\">La presidenta de la Agrupaci\u00f3n de Derechos Humanos de Coyhaique, Mar\u00eda Vera Vera, record\u00f3 el camino que inici\u00f3 su predecesora, Nin\u00f3n Neira, y el largo -y muchas veces lento- periplo que han recorrido los familiares de las v\u00edctimas: \u201cMe embarga un sentimiento de satisfacci\u00f3n y alegr\u00eda, pues este es un arduo trabajo que nos llev\u00f3 varios a\u00f1os hasta llegar a este momento. Comenzamos hace m\u00e1s de cinco a\u00f1os cuando hicimos la solicitud formal. A veces fue decepcionante por todas las trabas que te pon\u00edan en el camino. Los sitios de memoria vienen a dignificar a las v\u00edctimas de las violaciones a los Derechos Humanos, atropellos y torturas de los que fueron v\u00edctimas muchos ciudadanos de Ays\u00e9n. Esto le sirve la comunidad como lugar de reflexi\u00f3n y encuentro para que estos hechos ojal\u00e1 no se vuelvan a repetir\u201d.<\/p>\n<p style=\"text-align: justify;\">Luis Osvaldo Picuntureo P\u00e9rez, dirigente de las Juventudes Socialistas, fue tres veces detenido en la 2\u00aa Comisar\u00eda de Puerto Ays\u00e9n durante la dictadura y es un sobreviviente del ahora Sitio de Memoria: \u201cPas\u00e9 por aqu\u00ed el a\u00f1o 1975, cuando ten\u00eda 18 a\u00f1os. Estaba en la poblaci\u00f3n La balsa por temas familiares y cuando me presento a hacer el servicio militar me detienen los servicios de inteligencia de Carabineros y militar. Despu\u00e9s fui detenido varias veces m\u00e1s, pero aqu\u00ed comenz\u00f3 mi historia de torturas y detenciones en distintas partes de la regi\u00f3n. Me preguntaban por el plan Z, d\u00f3nde ten\u00eda las armas y qu\u00e9 estaba haciendo ac\u00e1. Mi paso por esta comisar\u00eda es una experiencia para recordar y con esta ceremonia me emocion\u00e9 pensando en otros que pasaron por ac\u00e1. Tener estos recordatorios le hace muy bien a la sociedad\u201d.<\/p>\n<p style=\"text-align: justify;\">Francia Jammet, encargada nacional del Programa Cultura, Memoria y Derechos Humanos de la Unidad de Ciudadan\u00eda Cultural de la Subsecretar\u00eda de las Culturas y las Artes, dijo que \u201cse trata de un hito muy importante, relevante, significativo y tambi\u00e9n emocionante. En 2016 esto parec\u00eda un sue\u00f1o imposible, pues todav\u00eda se sent\u00eda que en la regi\u00f3n hab\u00eda muchos obst\u00e1culos para hablar de memoria. Aqu\u00ed permanec\u00eda mucho miedo instalado en la regi\u00f3n, de hablar, de contar lo que hab\u00eda sucedido. Como Unidad de Memoria y Derechos Humanos del Ministerio de los Culturas, estamos muy satisfechos y satisfechas por el trabajo que se hace ac\u00e1 en la coordinaci\u00f3n de Ciudadan\u00eda de la Seremi, que ha sido un trabajo constante y persistente. Declarar estos lugares dignifica a las v\u00edctimas, hace un reconocimiento p\u00fablico de lo ocurrido y proyecta garant\u00edas de no repetici\u00f3n\u201d.<\/p>\n<\/div>\n<div style=\"text-align: justify;\"><\/div>\n<\/div><\/section><\/div><div  style='height:50px' class='hr hr-invisible   avia-builder-el-6  el_after_av_one_full  el_before_av_social_share '><span class='hr-inner ' ><span class='hr-inner-style'><\/span><\/span><\/div><\/p>\n<div  class='av-social-sharing-box  avia-builder-el-7  el_after_av_hr  el_before_av_hr  '><div class='av-share-box'><h5 class='av-share-link-description av-no-toc '>Compartir esta noticia<\/h5><ul class='av-share-box-list noLightbox'><li class='av-share-link av-social-link-facebook' ><a target=\"_blank\" aria-label=\"Compartir en Facebook\" href='https:\/\/www.facebook.com\/sharer.php?u=https:\/\/radiorevelacionfm.cl\/?p=23584&#038;t=Declaran%20primer%20Sitio%20de%20Memoria%20de%20la%20Regi%C3%B3n%20de%20Ays%C3%A9n' aria-hidden='false' data-av_icon='\ue8f3' data-av_iconfont='entypo-fontello' title='' data-avia-related-tooltip='Compartir en Facebook' rel=\"noopener\"><span class='avia_hidden_link_text'>Compartir en Facebook<\/span><\/a><\/li><li class='av-share-link av-social-link-twitter' ><a target=\"_blank\" aria-label=\"Compartir en Twitter\" href='https:\/\/twitter.com\/share?text=Declaran%20primer%20Sitio%20de%20Memoria%20de%20la%20Regi%C3%B3n%20de%20Ays%C3%A9n&#038;url=https:\/\/radiorevelacionfm.cl\/?p=23584' aria-hidden='false' data-av_icon='\ue8f1' data-av_iconfont='entypo-fontello' title='' data-avia-related-tooltip='Compartir en Twitter' rel=\"noopener\"><span class='avia_hidden_link_text'>Compartir en Twitter<\/span><\/a><\/li><li class='av-share-link av-social-link-whatsapp' ><a target=\"_blank\" aria-label=\"Compartir en Whatsapp\" href='https:\/\/api.whatsapp.com\/send?text=https:\/\/radiorevelacionfm.cl\/?p=23584' aria-hidden='false' data-av_icon='\uf232' data-av_iconfont='entypo-fontello' title='' data-avia-related-tooltip='Compartir en Whatsapp' rel=\"noopener\"><span class='avia_hidden_link_text'>Compartir en Whatsapp<\/span><\/a><\/li><li class='av-share-link av-social-link-linkedin' ><a target=\"_blank\" aria-label=\"Compartir en LinkedIn\" href='https:\/\/linkedin.com\/shareArticle?mini=true&#038;title=Declaran%20primer%20Sitio%20de%20Memoria%20de%20la%20Regi%C3%B3n%20de%20Ays%C3%A9n&#038;url=https:\/\/radiorevelacionfm.cl\/?p=23584' aria-hidden='false' data-av_icon='\ue8fc' data-av_iconfont='entypo-fontello' title='' data-avia-related-tooltip='Compartir en LinkedIn' rel=\"noopener\"><span class='avia_hidden_link_text'>Compartir en LinkedIn<\/span><\/a><\/li><li class='av-share-link av-social-link-mail' ><a  aria-label=\"Compartir por correo\" href='mailto:?subject=Declaran%20primer%20Sitio%20de%20Memoria%20de%20la%20Regi%C3%B3n%20de%20Ays%C3%A9n&#038;body=https:\/\/radiorevelacionfm.cl\/?p=23584' aria-hidden='false' data-av_icon='\ue805' data-av_iconfont='entypo-fontello' title='' data-avia-related-tooltip='Compartir por correo'><span class='avia_hidden_link_text'>Compartir por correo<\/span><\/a><\/li><\/ul><\/div><\/div>\n<div  style='height:50px' class='hr hr-invisible   avia-builder-el-8  el_after_av_social_share  el_before_av_comments_list '><span class='hr-inner ' ><span class='hr-inner-style'><\/span><\/span><\/div>\n<div  class='av-buildercomment  av-blog-meta-html-info-disabled av-blog-meta-tag-disabled  '><\/div>\n","protected":false},"excerpt":{"rendered":"","protected":false},"author":1,"featured_media":23585,"comment_status":"open","ping_status":"open","sticky":false,"template":"","format":"standard","meta":{"footnotes":""},"categories":[52],"tags":[],"class_list":["post-23584","post","type-post","status-publish","format-standard","has-post-thumbnail","hentry","category-cultura"],"jetpack_featured_media_url":"https:\/\/radiorevelacionfm.cl\/wp-content\/uploads\/2022\/10\/sitio-memoria-1-1-1.jpg","_links":{"self":[{"href":"https:\/\/radiorevelacionfm.cl\/index.php?rest_route=\/wp\/v2\/posts\/23584","targetHints":{"allow":["GET"]}}],"collection":[{"href":"https:\/\/radiorevelacionfm.cl\/index.php?rest_route=\/wp\/v2\/posts"}],"about":[{"href":"https:\/\/radiorevelacionfm.cl\/index.php?rest_route=\/wp\/v2\/types\/post"}],"author":[{"embeddable":true,"href":"https:\/\/radiorevelacionfm.cl\/index.php?rest_route=\/wp\/v2\/users\/1"}],"replies":[{"embeddable":true,"href":"https:\/\/radiorevelacionfm.cl\/index.php?rest_route=%2Fwp%2Fv2%2Fcomments&post=23584"}],"version-history":[{"count":2,"href":"https:\/\/radiorevelacionfm.cl\/index.php?rest_route=\/wp\/v2\/posts\/23584\/revisions"}],"predecessor-version":[{"id":23587,"href":"https:\/\/radiorevelacionfm.cl\/index.php?rest_route=\/wp\/v2\/posts\/23584\/revisions\/23587"}],"wp:featuredmedia":[{"embeddable":true,"href":"https:\/\/radiorevelacionfm.cl\/index.php?rest_route=\/wp\/v2\/media\/23585"}],"wp:attachment":[{"href":"https:\/\/radiorevelacionfm.cl\/index.php?rest_route=%2Fwp%2Fv2%2Fmedia&parent=23584"}],"wp:term":[{"taxonomy":"category","embeddable":true,"href":"https:\/\/radiorevelacionfm.cl\/index.php?rest_route=%2Fwp%2Fv2%2Fcategories&post=23584"},{"taxonomy":"post_tag","embeddable":true,"href":"https:\/\/radiorevelacionfm.cl\/index.php?rest_route=%2Fwp%2Fv2%2Ftags&post=23584"}],"curies":[{"name":"wp","href":"https:\/\/api.w.org\/{rel}","templated":true}]}}