{"id":23581,"date":"2022-10-28T09:19:04","date_gmt":"2022-10-28T12:19:04","guid":{"rendered":"https:\/\/radiorevelacionfm.cl\/?p=23581"},"modified":"2022-10-28T09:19:04","modified_gmt":"2022-10-28T12:19:04","slug":"se-dio-inicio-al-programa-de-tutorias-de-la-politica-de-reactivacion-educativa-integral-seamos-comunidad","status":"publish","type":"post","link":"https:\/\/radiorevelacionfm.cl\/?p=23581","title":{"rendered":"Se dio inicio al Programa de Tutor\u00edas de la Pol\u00edtica de Reactivaci\u00f3n Educativa Integral \u00abSeamos Comunidad\u00bb"},"content":{"rendered":"<div class=\"flex_column av_one_full  flex_column_div av-zero-column-padding first  avia-builder-el-0  el_before_av_one_full  avia-builder-el-first  \" style='border-radius:0px; '><div  class='avia-image-container  av-styling-    avia-builder-el-1  avia-builder-el-no-sibling  avia-align-center '  itemprop=\"image\" itemscope=\"itemscope\" itemtype=\"https:\/\/schema.org\/ImageObject\"  ><div class='avia-image-container-inner'><div class='avia-image-overlay-wrap'><img decoding=\"async\" class='wp-image-23582 avia-img-lazy-loading-not-23582 avia_image' src=\"https:\/\/radiorevelacionfm.cl\/wp-content\/uploads\/2022\/10\/tutorias-uach-03-1_optimized.jpg\" alt='' title='tutorias-uach-03-(1)_optimized' height=\"600\" width=\"1066\"  itemprop=\"thumbnailUrl\" srcset=\"https:\/\/radiorevelacionfm.cl\/wp-content\/uploads\/2022\/10\/tutorias-uach-03-1_optimized.jpg 1066w, https:\/\/radiorevelacionfm.cl\/wp-content\/uploads\/2022\/10\/tutorias-uach-03-1_optimized-300x169.jpg 300w, https:\/\/radiorevelacionfm.cl\/wp-content\/uploads\/2022\/10\/tutorias-uach-03-1_optimized-1030x580.jpg 1030w, https:\/\/radiorevelacionfm.cl\/wp-content\/uploads\/2022\/10\/tutorias-uach-03-1_optimized-768x432.jpg 768w, https:\/\/radiorevelacionfm.cl\/wp-content\/uploads\/2022\/10\/tutorias-uach-03-1_optimized-705x397.jpg 705w, https:\/\/radiorevelacionfm.cl\/wp-content\/uploads\/2022\/10\/tutorias-uach-03-1_optimized-600x338.jpg 600w\" sizes=\"(max-width: 1066px) 100vw, 1066px\" \/><\/div><\/div><\/div><\/div><div class=\"flex_column av_one_full  flex_column_div av-zero-column-padding first  avia-builder-el-2  el_after_av_one_full  el_before_av_one_full  column-top-margin\" style='border-radius:0px; '><section class=\"av_textblock_section \"  itemscope=\"itemscope\" itemtype=\"https:\/\/schema.org\/BlogPosting\" itemprop=\"blogPost\" ><div class='avia_textblock  '   itemprop=\"text\" ><p style=\"text-align: center;\"><strong><span style=\"font-size: 18pt;\">Se dio inicio al Programa de Tutor\u00edas de la Pol\u00edtica de Reactivaci\u00f3n Educativa Integral \u00abSeamos Comunidad\u00bb<\/span><\/strong><\/p>\n<div id=\"gtx-trans\" style=\"position: absolute; left: -50px; top: 4.31534px;\">\n<div class=\"gtx-trans-icon\"><\/div>\n<\/div>\n<\/div><\/section><\/div><div class=\"flex_column av_one_full  flex_column_div av-zero-column-padding first  avia-builder-el-4  el_after_av_one_full  el_before_av_hr  column-top-margin\" style='border-radius:0px; '><section class=\"av_textblock_section \"  itemscope=\"itemscope\" itemtype=\"https:\/\/schema.org\/BlogPosting\" itemprop=\"blogPost\" ><div class='avia_textblock  '   itemprop=\"text\" ><p class=\"v1MsoNormal\" style=\"text-align: justify;\">En la Universidad Austral de Chile Campus Patagonia y ante un grupo de estudiantes de Cuarto a\u00f1o de la Carrera de Pedagog\u00eda en Educaci\u00f3n B\u00e1sica la Seremi de Educaci\u00f3n Isabel Garrido Casassa dio inicio al Programa Regional de Tutor\u00edas Seamos Comunidad.<\/p>\n<p class=\"v1MsoNormal\" style=\"text-align: justify;\">Esta iniciativa es uno de los ejes de la Pol\u00edtica de Reactivaci\u00f3n Educativa Integral \u201cSeamos Comunidad\u201d y consiste en un proceso de acompa\u00f1amiento y mediaci\u00f3n pedag\u00f3gica -personalizado o en grupos focales,\u00a0 respondiendo a las particularidades educativas de cada ni\u00f1o, ni\u00f1a y adolescente, con el aporte de la comunidad.<\/p>\n<p class=\"v1MsoNormal\" style=\"text-align: justify;\">Para ello, se implementar\u00e1 un Programa Nacional de Tutor\u00edas, con el apoyo de estudiantes de pedagog\u00eda, que busca reunir este a\u00f1o a tutores para atender a estudiantes de colegios de las comunas de Ays\u00e9n y Coyhaique. Dicho plan p<span lang=\"ES\">romover\u00e1 el acompa\u00f1amiento y mediaci\u00f3n de los procesos de aprendizaje de estudiantes del sistema escolar y de este modo abordar las brechas de aprendizaje y desaf\u00edos que el proceso de retorno a la presencialidad est\u00e1 visibilizando.<\/span><\/p>\n<p class=\"v1MsoNormal\" style=\"text-align: justify;\">Al presentar el programa, la Seremi Isabel Garrido invit\u00f3 a las y los estudiantes de Pedagog\u00eda a sumarse a esta iniciativa que busca aportar a la recuperaci\u00f3n de los aprendizajes afectados por efecto de la pandemia.<\/p>\n<p class=\"v1MsoNormal\" style=\"text-align: justify;\">\u201cUno de los mayores desaf\u00edos que tenemos como gobierno es reactivar los aprendizajes que se perdieron producto de la pandemia, no solo como pa\u00eds sino que el planeta completo se est\u00e1 enfrentando a este desaf\u00edo. Estamos muy felices por la alianza estrat\u00e9gica que hemos establecido en el marco del Plan Seamos Comunidad con la Universidad Austral de Chile con 14 tutoras que van a desplegarse por el territorio para cumplir con esta importante misi\u00f3n que es reactivar los aprendizajes afectados por la pandemia, pero no para volver a como est\u00e1bamos antes sino para impulsar un cambio de paradigma educativo como lo ha expresado el Presidente Gabriel Boric\u201d.<\/p>\n<p class=\"v1MsoNormal\" style=\"text-align: justify;\">Por su parte, Naiara Schuck la Directora de la Carrera de Pedagog\u00eda B\u00e1sica con Menciones de la Universidad Austral de Chile Campus Patagonia expres\u00f3 que el programa de Tutor\u00edas Seamos Comunidad es una gran oportunidad para nuestros estudiantes de pedagog\u00eda. En esta oportunidad trabajaremos con quienes cursan cuarto a\u00f1o, que yan han pasado por periodos de pr\u00e1ctica y por ello la tutor\u00eda viene a complementar su proceso formativo. Estamos seguros que ellas y ellos aportar\u00e1n a los establecimientos educacionales herramientas para apoyar a los estudiantes que enfrentan dificultades para lograr\u00a0 aprendizaje\u201d.<\/p>\n<p class=\"v1MsoNormal\" style=\"text-align: justify;\">En esa misma l\u00ednea la estudiante de Cuarto A\u00f1o de Pedagog\u00eda de la UACH Scarlett Mu\u00f1oz afirm\u00f3 que tienen buenas expectativas de su participaci\u00f3n en la iniciativa del Mineduc. \u201cTenemos expectativas muy grandes y estamos felices de participar en esta iniciativa que entre otras cosas nos permitir\u00e1 poner en pr\u00e1ctica los conocimientos y habilidades que hemos ido adquiriendo durante nuestros estudios durante estos cuatro a\u00f1os y esperamos tener buenas experiencias profesionales\u201d.<\/p>\n<p class=\"v1MsoNormal\" style=\"text-align: justify;\"><u>Caracter\u00edsticas del programa de Tutor\u00eda<\/u><\/p>\n<p class=\"v1MsoNormal\" style=\"text-align: justify;\">Los y las estudiantes a tutorar son determinados por cada escuela, colegio o liceo. Se pondr\u00e1 especial \u00e9nfasis en aquellos\/as que hayan presentado un mayor \u00edndice de ausentismo durante el primer semestre. Las tutoras realizar\u00e1n actividades para promover aprendizajes clave de acuerdo al curr\u00edculum \u00a0priorizado para el nivel previo diagn\u00f3stico y sugerencia del establecimiento educacional.<\/p>\n<p class=\"v1MsoNormal\" style=\"text-align: justify;\">Los tutoras implementar\u00e1n estrategias espec\u00edficas de ense\u00f1anza y \u00a0de apoyo a estudiantes, en grupos peque\u00f1os de 3 a 5 estudiantes, con lo que se espera atender en esta primer a\u00f1o a 70 estudiantes de 6 establecimientos educacionales de la regi\u00f3n. Durante este primer a\u00f1o de trabajo, el proceso de tutor\u00eda se extender\u00e1 por 6 semanas.<\/p>\n<\/div><\/section><\/div><div  style='height:50px' class='hr hr-invisible   avia-builder-el-6  el_after_av_one_full  el_before_av_social_share '><span class='hr-inner ' ><span class='hr-inner-style'><\/span><\/span><\/div><\/p>\n<div  class='av-social-sharing-box  avia-builder-el-7  el_after_av_hr  el_before_av_hr  '><div class='av-share-box'><h5 class='av-share-link-description av-no-toc '>Compartir esta noticia<\/h5><ul class='av-share-box-list noLightbox'><li class='av-share-link av-social-link-facebook' ><a target=\"_blank\" aria-label=\"Compartir en Facebook\" href='https:\/\/www.facebook.com\/sharer.php?u=https:\/\/radiorevelacionfm.cl\/?p=23581&#038;t=Se%20dio%20inicio%20al%20Programa%20de%20Tutor%C3%ADas%20de%20la%20Pol%C3%ADtica%20de%20Reactivaci%C3%B3n%20Educativa%20Integral%20%C2%ABSeamos%20Comunidad%C2%BB' aria-hidden='false' data-av_icon='\ue8f3' data-av_iconfont='entypo-fontello' title='' data-avia-related-tooltip='Compartir en Facebook' rel=\"noopener\"><span class='avia_hidden_link_text'>Compartir en Facebook<\/span><\/a><\/li><li class='av-share-link av-social-link-twitter' ><a target=\"_blank\" aria-label=\"Compartir en Twitter\" href='https:\/\/twitter.com\/share?text=Se%20dio%20inicio%20al%20Programa%20de%20Tutor%C3%ADas%20de%20la%20Pol%C3%ADtica%20de%20Reactivaci%C3%B3n%20Educativa%20Integral%20%C2%ABSeamos%20Comunidad%C2%BB&#038;url=https:\/\/radiorevelacionfm.cl\/?p=23581' aria-hidden='false' data-av_icon='\ue8f1' data-av_iconfont='entypo-fontello' title='' data-avia-related-tooltip='Compartir en Twitter' rel=\"noopener\"><span class='avia_hidden_link_text'>Compartir en Twitter<\/span><\/a><\/li><li class='av-share-link av-social-link-whatsapp' ><a target=\"_blank\" aria-label=\"Compartir en Whatsapp\" href='https:\/\/api.whatsapp.com\/send?text=https:\/\/radiorevelacionfm.cl\/?p=23581' aria-hidden='false' data-av_icon='\uf232' data-av_iconfont='entypo-fontello' title='' data-avia-related-tooltip='Compartir en Whatsapp' rel=\"noopener\"><span class='avia_hidden_link_text'>Compartir en Whatsapp<\/span><\/a><\/li><li class='av-share-link av-social-link-linkedin' ><a target=\"_blank\" aria-label=\"Compartir en LinkedIn\" href='https:\/\/linkedin.com\/shareArticle?mini=true&#038;title=Se%20dio%20inicio%20al%20Programa%20de%20Tutor%C3%ADas%20de%20la%20Pol%C3%ADtica%20de%20Reactivaci%C3%B3n%20Educativa%20Integral%20%C2%ABSeamos%20Comunidad%C2%BB&#038;url=https:\/\/radiorevelacionfm.cl\/?p=23581' aria-hidden='false' data-av_icon='\ue8fc' data-av_iconfont='entypo-fontello' title='' data-avia-related-tooltip='Compartir en LinkedIn' rel=\"noopener\"><span class='avia_hidden_link_text'>Compartir en LinkedIn<\/span><\/a><\/li><li class='av-share-link av-social-link-mail' ><a  aria-label=\"Compartir por correo\" href='mailto:?subject=Se%20dio%20inicio%20al%20Programa%20de%20Tutor%C3%ADas%20de%20la%20Pol%C3%ADtica%20de%20Reactivaci%C3%B3n%20Educativa%20Integral%20%C2%ABSeamos%20Comunidad%C2%BB&#038;body=https:\/\/radiorevelacionfm.cl\/?p=23581' aria-hidden='false' data-av_icon='\ue805' data-av_iconfont='entypo-fontello' title='' data-avia-related-tooltip='Compartir por correo'><span class='avia_hidden_link_text'>Compartir por correo<\/span><\/a><\/li><\/ul><\/div><\/div>\n<div  style='height:50px' class='hr hr-invisible   avia-builder-el-8  el_after_av_social_share  el_before_av_comments_list '><span class='hr-inner ' ><span class='hr-inner-style'><\/span><\/span><\/div>\n<div  class='av-buildercomment  av-blog-meta-html-info-disabled av-blog-meta-tag-disabled  '><\/div>\n","protected":false},"excerpt":{"rendered":"","protected":false},"author":1,"featured_media":23582,"comment_status":"open","ping_status":"open","sticky":false,"template":"","format":"standard","meta":{"footnotes":""},"categories":[49],"tags":[],"class_list":["post-23581","post","type-post","status-publish","format-standard","has-post-thumbnail","hentry","category-educacion"],"jetpack_featured_media_url":"https:\/\/radiorevelacionfm.cl\/wp-content\/uploads\/2022\/10\/tutorias-uach-03-1_optimized.jpg","_links":{"self":[{"href":"https:\/\/radiorevelacionfm.cl\/index.php?rest_route=\/wp\/v2\/posts\/23581","targetHints":{"allow":["GET"]}}],"collection":[{"href":"https:\/\/radiorevelacionfm.cl\/index.php?rest_route=\/wp\/v2\/posts"}],"about":[{"href":"https:\/\/radiorevelacionfm.cl\/index.php?rest_route=\/wp\/v2\/types\/post"}],"author":[{"embeddable":true,"href":"https:\/\/radiorevelacionfm.cl\/index.php?rest_route=\/wp\/v2\/users\/1"}],"replies":[{"embeddable":true,"href":"https:\/\/radiorevelacionfm.cl\/index.php?rest_route=%2Fwp%2Fv2%2Fcomments&post=23581"}],"version-history":[{"count":2,"href":"https:\/\/radiorevelacionfm.cl\/index.php?rest_route=\/wp\/v2\/posts\/23581\/revisions"}],"predecessor-version":[{"id":23615,"href":"https:\/\/radiorevelacionfm.cl\/index.php?rest_route=\/wp\/v2\/posts\/23581\/revisions\/23615"}],"wp:featuredmedia":[{"embeddable":true,"href":"https:\/\/radiorevelacionfm.cl\/index.php?rest_route=\/wp\/v2\/media\/23582"}],"wp:attachment":[{"href":"https:\/\/radiorevelacionfm.cl\/index.php?rest_route=%2Fwp%2Fv2%2Fmedia&parent=23581"}],"wp:term":[{"taxonomy":"category","embeddable":true,"href":"https:\/\/radiorevelacionfm.cl\/index.php?rest_route=%2Fwp%2Fv2%2Fcategories&post=23581"},{"taxonomy":"post_tag","embeddable":true,"href":"https:\/\/radiorevelacionfm.cl\/index.php?rest_route=%2Fwp%2Fv2%2Ftags&post=23581"}],"curies":[{"name":"wp","href":"https:\/\/api.w.org\/{rel}","templated":true}]}}