{"id":23575,"date":"2022-10-27T12:46:09","date_gmt":"2022-10-27T15:46:09","guid":{"rendered":"https:\/\/radiorevelacionfm.cl\/?p=23575"},"modified":"2022-10-27T12:46:09","modified_gmt":"2022-10-27T15:46:09","slug":"region-de-aysen-justicia-condeno-a-tienda-abcdin-por-no-respetar-el-derecho-a-la-garantia-legal","status":"publish","type":"post","link":"https:\/\/radiorevelacionfm.cl\/?p=23575","title":{"rendered":"Regi\u00f3n de Ays\u00e9n: Justicia conden\u00f3 a tienda ABCDIN por no respetar el derecho a la garant\u00eda legal"},"content":{"rendered":"<div class=\"flex_column av_one_full  flex_column_div av-zero-column-padding first  avia-builder-el-0  el_before_av_one_full  avia-builder-el-first  \" style='border-radius:0px; '><div  class='avia-image-container  av-styling-    avia-builder-el-1  avia-builder-el-no-sibling  avia-align-center '  itemprop=\"image\" itemscope=\"itemscope\" itemtype=\"https:\/\/schema.org\/ImageObject\"  ><div class='avia-image-container-inner'><div class='avia-image-overlay-wrap'><img decoding=\"async\" class='wp-image-23576 avia-img-lazy-loading-not-23576 avia_image' src=\"https:\/\/radiorevelacionfm.cl\/wp-content\/uploads\/2022\/10\/abcdin-1-1.jpg\" alt='' title='abcdin (1) (1)' height=\"600\" width=\"800\"  itemprop=\"thumbnailUrl\" srcset=\"https:\/\/radiorevelacionfm.cl\/wp-content\/uploads\/2022\/10\/abcdin-1-1.jpg 800w, https:\/\/radiorevelacionfm.cl\/wp-content\/uploads\/2022\/10\/abcdin-1-1-300x225.jpg 300w, https:\/\/radiorevelacionfm.cl\/wp-content\/uploads\/2022\/10\/abcdin-1-1-768x576.jpg 768w, https:\/\/radiorevelacionfm.cl\/wp-content\/uploads\/2022\/10\/abcdin-1-1-705x529.jpg 705w, https:\/\/radiorevelacionfm.cl\/wp-content\/uploads\/2022\/10\/abcdin-1-1-600x450.jpg 600w\" sizes=\"(max-width: 800px) 100vw, 800px\" \/><\/div><\/div><\/div><\/div><div class=\"flex_column av_one_full  flex_column_div av-zero-column-padding first  avia-builder-el-2  el_after_av_one_full  el_before_av_one_full  column-top-margin\" style='border-radius:0px; '><section class=\"av_textblock_section \"  itemscope=\"itemscope\" itemtype=\"https:\/\/schema.org\/BlogPosting\" itemprop=\"blogPost\" ><div class='avia_textblock  '   itemprop=\"text\" ><p style=\"text-align: center;\"><strong><span style=\"font-size: 18pt;\">Regi\u00f3n de Ays\u00e9n: Justicia conden\u00f3 a tienda ABCDIN por no respetar el derecho a la garant\u00eda legal<\/span><\/strong><\/p>\n<div id=\"gtx-trans\" style=\"position: absolute; left: -50px; top: 4.31534px;\">\n<div class=\"gtx-trans-icon\"><\/div>\n<\/div>\n<\/div><\/section><\/div><div class=\"flex_column av_one_full  flex_column_div av-zero-column-padding first  avia-builder-el-4  el_after_av_one_full  el_before_av_hr  column-top-margin\" style='border-radius:0px; '><section class=\"av_textblock_section \"  itemscope=\"itemscope\" itemtype=\"https:\/\/schema.org\/BlogPosting\" itemprop=\"blogPost\" ><div class='avia_textblock  '   itemprop=\"text\" ><p style=\"text-align: justify;\">El Juzgado de Polic\u00eda Local de la ciudad de Coyhaique conden\u00f3 a la multitienda ABCDIN por no respetar el derecho a la garant\u00eda establecido en la Ley del Consumidor respecto de un tel\u00e9fono celular que present\u00f3 problemas de funcionamiento, debiendo indemnizar a la consumidora afectada con un monto de $500 mil.<\/p>\n<p style=\"text-align: justify;\">Los hechos se originaron el 8 de diciembre del a\u00f1o 2021, cuando la afectada compr\u00f3 un tel\u00e9fono celular, marca Xiaomi, en la tienda ABCDIN, pagando la suma de $229.990. Sin embargo, a los pocos d\u00edas de uso, el aparato comenz\u00f3 a presentar fallas en el software.<\/p>\n<p style=\"text-align: justify;\">Producto de ello, el d\u00eda 22 de enero y derivado por la empresa, la consumidora entreg\u00f3 el aparato al servicio t\u00e9cnico para su reparaci\u00f3n. Luego de unos d\u00edas, le informaron que pod\u00eda retirar el celular, asegur\u00e1ndole que el problema ya estaba solucionado, pero el m\u00f3vil continu\u00f3 con problemas. Esta situaci\u00f3n se repiti\u00f3 en dos oportunidades con los mismos resultados.<\/p>\n<p style=\"text-align: justify;\">Finalmente, el d\u00eda 23 de mayo ingres\u00f3 su celular por \u00faltima vez al servicio t\u00e9cnico. Desde ese d\u00eda y pese a los reiterados contactos con el servicio de reparaci\u00f3n, no le fue devuelto el aparato ni tampoco respondieron sus llamadas.<\/p>\n<p style=\"text-align: justify;\">A ra\u00edz del hecho, la afectada interpuso un reclamo ante el SERNAC, y al no recibir una respuesta positiva de parte de la empresa, decidi\u00f3 acudir a la justicia a trav\u00e9s de una denuncia, instancia donde el SERNAC se hizo parte.<\/p>\n<p style=\"text-align: justify;\">Tras analizar los antecedentes del caso, el tribunal de la Regi\u00f3n de Ays\u00e9n, estableci\u00f3 que la multitienda ABC DIN infringi\u00f3 la Ley del Consumidor (LPC) al actuar de forma negligente y causar menoscabo a la afectada debido a las deficiencias de calidad en el producto.<\/p>\n<p style=\"text-align: justify;\">La justicia argumento en su fallo que ante este tipo de situaciones se espera que la empresa resuelva a la brevedad, ya que est\u00e1 obligado por ley a respetar los t\u00e9rminos y condiciones en la entrega un servicio, lo que no ocurri\u00f3 en este caso.<\/p>\n<p style=\"text-align: justify;\">Finalmente, el Juzgado de Polic\u00eda Local de la ciudad de Coyhaique de la Regi\u00f3n de Ays\u00e9n, conden\u00f3 a la empresa ABCDIN al pago de una indemnizaci\u00f3n por da\u00f1o material de $229.990, y de $300.000 por da\u00f1o moral, esto es, por las molestias causadas. \u00a0Asimismo, le aplic\u00f3 una multa de 5 UTM, esto es, alrededor de 300.000 de pesos a beneficio fiscal, por haber infringido la Ley del Consumidor.<\/p>\n<p style=\"text-align: justify;\">Para la Directora Regional del SERNAC, Mar\u00eda Francisca Ortiz, \u201ceste fallo de la justicia confirma que las personas que compren un producto que sale defectuoso pueden exigir durante los seis primeros meses el cambio, la reparaci\u00f3n o la devoluci\u00f3n del dinero. El consumidor es quien elige la opci\u00f3n, no la empresa\u201d.<\/p>\n<p style=\"text-align: justify;\"><strong>DERECHO A GARANT\u00cdA LEGAL <\/strong><\/p>\n<p style=\"text-align: justify;\">Recordemos que a partir de este 24 de marzo comenz\u00f3 a regir la ampliaci\u00f3n del plazo de tres a seis meses para poder exigir el derecho a la garant\u00eda legal en caso que compren un producto nuevo que salga defectuoso.<\/p>\n<p style=\"text-align: justify;\">Esto quiere decir que las personas que compren un producto que venga malo, pueden exigir durante los seis primeros meses el cambio, la reparaci\u00f3n o la devoluci\u00f3n del dinero, esto a su elecci\u00f3n.<\/p>\n<p style=\"text-align: justify;\">Algunos productos como los electrodom\u00e9sticos, podr\u00edan requerir una revisi\u00f3n en el servicio t\u00e9cnico para verificar el origen de la falla, pero cumplido ese tr\u00e1mite, los consumidores tienen derecho al cambio, la reparaci\u00f3n o la devoluci\u00f3n de lo pagado, a su elecci\u00f3n si es que el defecto no fue de su responsabilidad.<\/p>\n<p style=\"text-align: justify;\">Adem\u00e1s, la ley establece que las empresas no pueden ofrecer a las personas la contrataci\u00f3n de servicios cuya cobertura corresponda a las obligaciones propias de la garant\u00eda legal.<\/p>\n<p style=\"text-align: justify;\">En caso de que las empresas no cumplan con la normativa, arriesgan multas de hasta 300 UTM, esto es, m\u00e1s de 18 millones por cada infracci\u00f3n.<\/p>\n<p style=\"text-align: justify;\">El llamado a los consumidores es a ingresar sus reclamos al SERNAC a trav\u00e9s de www.sernac.cl o llamando en forma gratuita al n\u00famero 800 700 100.<\/p>\n<p style=\"text-align: justify;\"><strong>\u00a0<\/strong><\/p>\n<p style=\"text-align: justify;\"><strong>\u00a0<\/strong><\/p>\n<p style=\"text-align: justify;\"><strong>\u00a0<\/strong><\/p>\n<p style=\"text-align: justify;\"><strong>\u00a0<\/strong><\/p>\n<p style=\"text-align: justify;\"><strong>\u00a0<\/strong><\/p>\n<p style=\"text-align: justify;\"><strong>\u00a0<\/strong><\/p>\n<\/div><\/section><\/div><div  style='height:50px' class='hr hr-invisible   avia-builder-el-6  el_after_av_one_full  el_before_av_social_share '><span class='hr-inner ' ><span class='hr-inner-style'><\/span><\/span><\/div><\/p>\n<div  class='av-social-sharing-box  avia-builder-el-7  el_after_av_hr  el_before_av_hr  '><div class='av-share-box'><h5 class='av-share-link-description av-no-toc '>Compartir esta noticia<\/h5><ul class='av-share-box-list noLightbox'><li class='av-share-link av-social-link-facebook' ><a target=\"_blank\" aria-label=\"Compartir en Facebook\" href='https:\/\/www.facebook.com\/sharer.php?u=https:\/\/radiorevelacionfm.cl\/?p=23575&#038;t=Regi%C3%B3n%20de%20Ays%C3%A9n%3A%20Justicia%20conden%C3%B3%20a%20tienda%20ABCDIN%20por%20no%20respetar%20el%20derecho%20a%20la%20garant%C3%ADa%20legal' aria-hidden='false' data-av_icon='\ue8f3' data-av_iconfont='entypo-fontello' title='' data-avia-related-tooltip='Compartir en Facebook' rel=\"noopener\"><span class='avia_hidden_link_text'>Compartir en Facebook<\/span><\/a><\/li><li class='av-share-link av-social-link-twitter' ><a target=\"_blank\" aria-label=\"Compartir en Twitter\" href='https:\/\/twitter.com\/share?text=Regi%C3%B3n%20de%20Ays%C3%A9n%3A%20Justicia%20conden%C3%B3%20a%20tienda%20ABCDIN%20por%20no%20respetar%20el%20derecho%20a%20la%20garant%C3%ADa%20legal&#038;url=https:\/\/radiorevelacionfm.cl\/?p=23575' aria-hidden='false' data-av_icon='\ue8f1' data-av_iconfont='entypo-fontello' title='' data-avia-related-tooltip='Compartir en Twitter' rel=\"noopener\"><span class='avia_hidden_link_text'>Compartir en Twitter<\/span><\/a><\/li><li class='av-share-link av-social-link-whatsapp' ><a target=\"_blank\" aria-label=\"Compartir en Whatsapp\" href='https:\/\/api.whatsapp.com\/send?text=https:\/\/radiorevelacionfm.cl\/?p=23575' aria-hidden='false' data-av_icon='\uf232' data-av_iconfont='entypo-fontello' title='' data-avia-related-tooltip='Compartir en Whatsapp' rel=\"noopener\"><span class='avia_hidden_link_text'>Compartir en Whatsapp<\/span><\/a><\/li><li class='av-share-link av-social-link-linkedin' ><a target=\"_blank\" aria-label=\"Compartir en LinkedIn\" href='https:\/\/linkedin.com\/shareArticle?mini=true&#038;title=Regi%C3%B3n%20de%20Ays%C3%A9n%3A%20Justicia%20conden%C3%B3%20a%20tienda%20ABCDIN%20por%20no%20respetar%20el%20derecho%20a%20la%20garant%C3%ADa%20legal&#038;url=https:\/\/radiorevelacionfm.cl\/?p=23575' aria-hidden='false' data-av_icon='\ue8fc' data-av_iconfont='entypo-fontello' title='' data-avia-related-tooltip='Compartir en LinkedIn' rel=\"noopener\"><span class='avia_hidden_link_text'>Compartir en LinkedIn<\/span><\/a><\/li><li class='av-share-link av-social-link-mail' ><a  aria-label=\"Compartir por correo\" href='mailto:?subject=Regi%C3%B3n%20de%20Ays%C3%A9n%3A%20Justicia%20conden%C3%B3%20a%20tienda%20ABCDIN%20por%20no%20respetar%20el%20derecho%20a%20la%20garant%C3%ADa%20legal&#038;body=https:\/\/radiorevelacionfm.cl\/?p=23575' aria-hidden='false' data-av_icon='\ue805' data-av_iconfont='entypo-fontello' title='' data-avia-related-tooltip='Compartir por correo'><span class='avia_hidden_link_text'>Compartir por correo<\/span><\/a><\/li><\/ul><\/div><\/div>\n<div  style='height:50px' class='hr hr-invisible   avia-builder-el-8  el_after_av_social_share  el_before_av_comments_list '><span class='hr-inner ' ><span class='hr-inner-style'><\/span><\/span><\/div>\n<div  class='av-buildercomment  av-blog-meta-html-info-disabled av-blog-meta-tag-disabled  '><\/div>\n","protected":false},"excerpt":{"rendered":"","protected":false},"author":1,"featured_media":23576,"comment_status":"open","ping_status":"open","sticky":false,"template":"","format":"standard","meta":{"footnotes":""},"categories":[45],"tags":[],"class_list":["post-23575","post","type-post","status-publish","format-standard","has-post-thumbnail","hentry","category-comercio"],"jetpack_featured_media_url":"https:\/\/radiorevelacionfm.cl\/wp-content\/uploads\/2022\/10\/abcdin-1-1.jpg","_links":{"self":[{"href":"https:\/\/radiorevelacionfm.cl\/index.php?rest_route=\/wp\/v2\/posts\/23575","targetHints":{"allow":["GET"]}}],"collection":[{"href":"https:\/\/radiorevelacionfm.cl\/index.php?rest_route=\/wp\/v2\/posts"}],"about":[{"href":"https:\/\/radiorevelacionfm.cl\/index.php?rest_route=\/wp\/v2\/types\/post"}],"author":[{"embeddable":true,"href":"https:\/\/radiorevelacionfm.cl\/index.php?rest_route=\/wp\/v2\/users\/1"}],"replies":[{"embeddable":true,"href":"https:\/\/radiorevelacionfm.cl\/index.php?rest_route=%2Fwp%2Fv2%2Fcomments&post=23575"}],"version-history":[{"count":2,"href":"https:\/\/radiorevelacionfm.cl\/index.php?rest_route=\/wp\/v2\/posts\/23575\/revisions"}],"predecessor-version":[{"id":23579,"href":"https:\/\/radiorevelacionfm.cl\/index.php?rest_route=\/wp\/v2\/posts\/23575\/revisions\/23579"}],"wp:featuredmedia":[{"embeddable":true,"href":"https:\/\/radiorevelacionfm.cl\/index.php?rest_route=\/wp\/v2\/media\/23576"}],"wp:attachment":[{"href":"https:\/\/radiorevelacionfm.cl\/index.php?rest_route=%2Fwp%2Fv2%2Fmedia&parent=23575"}],"wp:term":[{"taxonomy":"category","embeddable":true,"href":"https:\/\/radiorevelacionfm.cl\/index.php?rest_route=%2Fwp%2Fv2%2Fcategories&post=23575"},{"taxonomy":"post_tag","embeddable":true,"href":"https:\/\/radiorevelacionfm.cl\/index.php?rest_route=%2Fwp%2Fv2%2Ftags&post=23575"}],"curies":[{"name":"wp","href":"https:\/\/api.w.org\/{rel}","templated":true}]}}