{"id":23571,"date":"2022-10-27T11:20:03","date_gmt":"2022-10-27T14:20:03","guid":{"rendered":"https:\/\/radiorevelacionfm.cl\/?p=23571"},"modified":"2022-10-27T11:20:03","modified_gmt":"2022-10-27T14:20:03","slug":"a-paso-firme-avanza-construccion-de-viviendas-sociales-en-nirehuao-y-villa-ortega","status":"publish","type":"post","link":"https:\/\/radiorevelacionfm.cl\/?p=23571","title":{"rendered":"A paso firme avanza construcci\u00f3n de viviendas sociales en \u00d1irehuao y Villa Ortega"},"content":{"rendered":"<div class=\"flex_column av_one_full  flex_column_div av-zero-column-padding first  avia-builder-el-0  el_before_av_one_full  avia-builder-el-first  \" style='border-radius:0px; '><div  class='avia-image-container  av-styling-    avia-builder-el-1  avia-builder-el-no-sibling  avia-align-center '  itemprop=\"image\" itemscope=\"itemscope\" itemtype=\"https:\/\/schema.org\/ImageObject\"  ><div class='avia-image-container-inner'><div class='avia-image-overlay-wrap'><img decoding=\"async\" class='wp-image-23572 avia-img-lazy-loading-not-23572 avia_image' src=\"https:\/\/radiorevelacionfm.cl\/wp-content\/uploads\/2022\/10\/Villa-Nirehuao-1-1.jpg\" alt='' title='Villa \u00d1irehuao (1) (1)' height=\"600\" width=\"901\"  itemprop=\"thumbnailUrl\" srcset=\"https:\/\/radiorevelacionfm.cl\/wp-content\/uploads\/2022\/10\/Villa-Nirehuao-1-1.jpg 901w, https:\/\/radiorevelacionfm.cl\/wp-content\/uploads\/2022\/10\/Villa-Nirehuao-1-1-300x200.jpg 300w, https:\/\/radiorevelacionfm.cl\/wp-content\/uploads\/2022\/10\/Villa-Nirehuao-1-1-768x511.jpg 768w, https:\/\/radiorevelacionfm.cl\/wp-content\/uploads\/2022\/10\/Villa-Nirehuao-1-1-705x469.jpg 705w, https:\/\/radiorevelacionfm.cl\/wp-content\/uploads\/2022\/10\/Villa-Nirehuao-1-1-600x400.jpg 600w\" sizes=\"(max-width: 901px) 100vw, 901px\" \/><\/div><\/div><\/div><\/div><div class=\"flex_column av_one_full  flex_column_div av-zero-column-padding first  avia-builder-el-2  el_after_av_one_full  el_before_av_one_full  column-top-margin\" style='border-radius:0px; '><section class=\"av_textblock_section \"  itemscope=\"itemscope\" itemtype=\"https:\/\/schema.org\/BlogPosting\" itemprop=\"blogPost\" ><div class='avia_textblock  '   itemprop=\"text\" ><p style=\"text-align: center;\"><strong><span style=\"font-size: 18pt;\">A paso firme avanza construcci\u00f3n de viviendas sociales en \u00d1irehuao y Villa Ortega<\/span><\/strong><\/p>\n<div id=\"gtx-trans\" style=\"position: absolute; left: -50px; top: 4.31534px;\">\n<div class=\"gtx-trans-icon\"><\/div>\n<\/div>\n<\/div><\/section><\/div><div class=\"flex_column av_one_full  flex_column_div av-zero-column-padding first  avia-builder-el-4  el_after_av_one_full  el_before_av_hr  column-top-margin\" style='border-radius:0px; '><section class=\"av_textblock_section \"  itemscope=\"itemscope\" itemtype=\"https:\/\/schema.org\/BlogPosting\" itemprop=\"blogPost\" ><div class='avia_textblock  '   itemprop=\"text\" ><p style=\"text-align: justify;\">Un 75% y un 58% de avance, respectivamente, presentan las obras de construcci\u00f3n de viviendas sociales para familias de Villa \u00d1irehuao y Villa Ortega, trabajos que se han hecho realidad a trav\u00e9s del ahorro de los vecinos y los aportes asignados por el Ministerio de Vivienda y Urbanismo a trav\u00e9s de su Programa de Habitabilidad Rural.<\/p>\n<p style=\"text-align: justify;\">Las obras fueron recorridas este mi\u00e9rcoles por la Seremi de Vivienda, Paulina Ruz, junto a equipos t\u00e9cnicos del Serviu, beneficiarios y representantes de la empresa Xinta, que es la encargada de ejecutar los proyectos en ambas localidades.<\/p>\n<p style=\"text-align: justify;\">Tras finalizar su inspecci\u00f3n, la Seremi Paulina Ruz destac\u00f3 la calidad de las soluciones habitacionales que se est\u00e1n construyendo, 6 en \u00d1irehuao y 9 en Villa Ortega, las cuales son reflejo de las gestiones colaborativas con los beneficiarios y los dem\u00e1s entes involucrados en el proceso. \u201cNuestro fin \u00faltimo como Ministerio es garantizar el derecho a la vivienda digna y adecuada de las familias ayseninas y eso implica que ellas sean beneficiarias de los distintos programas con los cuales trabaja el Minvu. Esperamos seguir de igual manera con la constructora, con la Entidad Patrocinante, que en este caso es el municipio de Coyhaique y por supuesto con los vecinos y vecinas, entendiendo que esta es una obra que les mejora su calidad de vida, pero que tambi\u00e9n nos enriquece a todos y forma parte de nuestro Plan de Emergencia Habitacional\u201d, indic\u00f3.<\/p>\n<p style=\"text-align: justify;\">Camila Castillo, una de las beneficiarias de Villa \u00d1irehuao, se mostr\u00f3 satisfecha con el avance de la obra, con el producto logrado y con los tiempos de ejecuci\u00f3n por parte de la empresa. \u201cA m\u00ed la vivienda me parece muy bonita, yo creo que el sue\u00f1o de todos es su casa, as\u00ed que me parece maravillosa. Estoy orgullosa y quiero agradecer la visita de la Seremi, ya que eso nos permite ir aclarando varias dudas. La empresa ha andado bastante r\u00e1pido, hasta hace poco lo ve\u00edamos muy lejos y ahora las casas ya est\u00e1n casi listas\u201d, manifest\u00f3.<\/p>\n<p style=\"text-align: justify;\">Tambi\u00e9n la dirigente de Villa Ortega, Macarena Aguilar, dijo sentirse feliz al recorrer las viviendas que en algunos meses m\u00e1s ser\u00e1n su hogar definitivo. \u201cEstoy totalmente emocionada al ver mi casa, que es la casa piloto en este momento. Pensar que es algo de uno y que es por fin el sue\u00f1o cumplido de muchas familias como la m\u00eda, por eso esperamos que sigan creciendo estos comit\u00e9s de gente joven, de gente que quiera quedarse en las localidades y que se descentralice Coyhaique. La casa en s\u00ed est\u00e1 preciosa, bien aislada, con mejoramiento incluido y termopaneles, as\u00ed que cumple totalmente con mis expectativas\u201d, asegur\u00f3.<\/p>\n<p style=\"text-align: justify;\">Al finalizar la inspecci\u00f3n de las casas, que alcanzan entre los 47,7 y 67,7 metros cuadrados de superficie y que implican una inversi\u00f3n que bordea los 800 millones de pesos, la Seremi Paulina Ruz se comprometi\u00f3 a gestionar en las pr\u00f3ximas semanas reuniones informativas con los beneficiarios para aclarar dudas y para entregar informaci\u00f3n relevante sobre las etapas que vienen y sobre el cuidado que deber\u00e1n tener en el uso de las nuevas viviendas.<\/p>\n<\/div><\/section><\/div><div  style='height:50px' class='hr hr-invisible   avia-builder-el-6  el_after_av_one_full  el_before_av_social_share '><span class='hr-inner ' ><span class='hr-inner-style'><\/span><\/span><\/div><\/p>\n<div  class='av-social-sharing-box  avia-builder-el-7  el_after_av_hr  el_before_av_hr  '><div class='av-share-box'><h5 class='av-share-link-description av-no-toc '>Compartir esta noticia<\/h5><ul class='av-share-box-list noLightbox'><li class='av-share-link av-social-link-facebook' ><a target=\"_blank\" aria-label=\"Compartir en Facebook\" href='https:\/\/www.facebook.com\/sharer.php?u=https:\/\/radiorevelacionfm.cl\/?p=23571&#038;t=A%20paso%20firme%20avanza%20construcci%C3%B3n%20de%20viviendas%20sociales%20en%20%C3%91irehuao%20y%20Villa%20Ortega' aria-hidden='false' data-av_icon='\ue8f3' data-av_iconfont='entypo-fontello' title='' data-avia-related-tooltip='Compartir en Facebook' rel=\"noopener\"><span class='avia_hidden_link_text'>Compartir en Facebook<\/span><\/a><\/li><li class='av-share-link av-social-link-twitter' ><a target=\"_blank\" aria-label=\"Compartir en Twitter\" href='https:\/\/twitter.com\/share?text=A%20paso%20firme%20avanza%20construcci%C3%B3n%20de%20viviendas%20sociales%20en%20%C3%91irehuao%20y%20Villa%20Ortega&#038;url=https:\/\/radiorevelacionfm.cl\/?p=23571' aria-hidden='false' data-av_icon='\ue8f1' data-av_iconfont='entypo-fontello' title='' data-avia-related-tooltip='Compartir en Twitter' rel=\"noopener\"><span class='avia_hidden_link_text'>Compartir en Twitter<\/span><\/a><\/li><li class='av-share-link av-social-link-whatsapp' ><a target=\"_blank\" aria-label=\"Compartir en Whatsapp\" href='https:\/\/api.whatsapp.com\/send?text=https:\/\/radiorevelacionfm.cl\/?p=23571' aria-hidden='false' data-av_icon='\uf232' data-av_iconfont='entypo-fontello' title='' data-avia-related-tooltip='Compartir en Whatsapp' rel=\"noopener\"><span class='avia_hidden_link_text'>Compartir en Whatsapp<\/span><\/a><\/li><li class='av-share-link av-social-link-linkedin' ><a target=\"_blank\" aria-label=\"Compartir en LinkedIn\" href='https:\/\/linkedin.com\/shareArticle?mini=true&#038;title=A%20paso%20firme%20avanza%20construcci%C3%B3n%20de%20viviendas%20sociales%20en%20%C3%91irehuao%20y%20Villa%20Ortega&#038;url=https:\/\/radiorevelacionfm.cl\/?p=23571' aria-hidden='false' data-av_icon='\ue8fc' data-av_iconfont='entypo-fontello' title='' data-avia-related-tooltip='Compartir en LinkedIn' rel=\"noopener\"><span class='avia_hidden_link_text'>Compartir en LinkedIn<\/span><\/a><\/li><li class='av-share-link av-social-link-mail' ><a  aria-label=\"Compartir por correo\" href='mailto:?subject=A%20paso%20firme%20avanza%20construcci%C3%B3n%20de%20viviendas%20sociales%20en%20%C3%91irehuao%20y%20Villa%20Ortega&#038;body=https:\/\/radiorevelacionfm.cl\/?p=23571' aria-hidden='false' data-av_icon='\ue805' data-av_iconfont='entypo-fontello' title='' data-avia-related-tooltip='Compartir por correo'><span class='avia_hidden_link_text'>Compartir por correo<\/span><\/a><\/li><\/ul><\/div><\/div>\n<div  style='height:50px' class='hr hr-invisible   avia-builder-el-8  el_after_av_social_share  el_before_av_comments_list '><span class='hr-inner ' ><span class='hr-inner-style'><\/span><\/span><\/div>\n<div  class='av-buildercomment  av-blog-meta-html-info-disabled av-blog-meta-tag-disabled  '><\/div>\n","protected":false},"excerpt":{"rendered":"","protected":false},"author":1,"featured_media":23572,"comment_status":"open","ping_status":"open","sticky":false,"template":"","format":"standard","meta":{"footnotes":""},"categories":[57],"tags":[],"class_list":["post-23571","post","type-post","status-publish","format-standard","has-post-thumbnail","hentry","category-vivienda"],"jetpack_featured_media_url":"https:\/\/radiorevelacionfm.cl\/wp-content\/uploads\/2022\/10\/Villa-Nirehuao-1-1.jpg","_links":{"self":[{"href":"https:\/\/radiorevelacionfm.cl\/index.php?rest_route=\/wp\/v2\/posts\/23571","targetHints":{"allow":["GET"]}}],"collection":[{"href":"https:\/\/radiorevelacionfm.cl\/index.php?rest_route=\/wp\/v2\/posts"}],"about":[{"href":"https:\/\/radiorevelacionfm.cl\/index.php?rest_route=\/wp\/v2\/types\/post"}],"author":[{"embeddable":true,"href":"https:\/\/radiorevelacionfm.cl\/index.php?rest_route=\/wp\/v2\/users\/1"}],"replies":[{"embeddable":true,"href":"https:\/\/radiorevelacionfm.cl\/index.php?rest_route=%2Fwp%2Fv2%2Fcomments&post=23571"}],"version-history":[{"count":2,"href":"https:\/\/radiorevelacionfm.cl\/index.php?rest_route=\/wp\/v2\/posts\/23571\/revisions"}],"predecessor-version":[{"id":23578,"href":"https:\/\/radiorevelacionfm.cl\/index.php?rest_route=\/wp\/v2\/posts\/23571\/revisions\/23578"}],"wp:featuredmedia":[{"embeddable":true,"href":"https:\/\/radiorevelacionfm.cl\/index.php?rest_route=\/wp\/v2\/media\/23572"}],"wp:attachment":[{"href":"https:\/\/radiorevelacionfm.cl\/index.php?rest_route=%2Fwp%2Fv2%2Fmedia&parent=23571"}],"wp:term":[{"taxonomy":"category","embeddable":true,"href":"https:\/\/radiorevelacionfm.cl\/index.php?rest_route=%2Fwp%2Fv2%2Fcategories&post=23571"},{"taxonomy":"post_tag","embeddable":true,"href":"https:\/\/radiorevelacionfm.cl\/index.php?rest_route=%2Fwp%2Fv2%2Ftags&post=23571"}],"curies":[{"name":"wp","href":"https:\/\/api.w.org\/{rel}","templated":true}]}}