{"id":23561,"date":"2022-10-27T09:52:34","date_gmt":"2022-10-27T12:52:34","guid":{"rendered":"https:\/\/radiorevelacionfm.cl\/?p=23561"},"modified":"2022-10-27T09:52:34","modified_gmt":"2022-10-27T12:52:34","slug":"comite-de-integracion-austral-restablecio-trabajo-bilateral-en-temas-de-interes-comun-entre-regiones-chilenas-y-provincias-argentinas","status":"publish","type":"post","link":"https:\/\/radiorevelacionfm.cl\/?p=23561","title":{"rendered":"Comit\u00e9 de Integraci\u00f3n Austral restableci\u00f3 trabajo bilateral en temas de inter\u00e9s com\u00fan entre regiones chilenas y provincias argentinas"},"content":{"rendered":"<div class=\"flex_column av_one_full  flex_column_div av-zero-column-padding first  avia-builder-el-0  el_before_av_one_full  avia-builder-el-first  \" style='border-radius:0px; '><div  class='avia-image-container  av-styling-    avia-builder-el-1  avia-builder-el-no-sibling  avia-align-center '  itemprop=\"image\" itemscope=\"itemscope\" itemtype=\"https:\/\/schema.org\/ImageObject\"  ><div class='avia-image-container-inner'><div class='avia-image-overlay-wrap'><img decoding=\"async\" class='wp-image-23562 avia-img-lazy-loading-not-23562 avia_image' src=\"https:\/\/radiorevelacionfm.cl\/wp-content\/uploads\/2022\/10\/whatsapp-image-2022-10-24-at-12_optimized.07.47-1.jpeg\" alt='' title='whatsapp-image-2022-10-24-at-12_optimized.07.47-(1)' height=\"600\" width=\"1067\"  itemprop=\"thumbnailUrl\" srcset=\"https:\/\/radiorevelacionfm.cl\/wp-content\/uploads\/2022\/10\/whatsapp-image-2022-10-24-at-12_optimized.07.47-1.jpeg 1067w, https:\/\/radiorevelacionfm.cl\/wp-content\/uploads\/2022\/10\/whatsapp-image-2022-10-24-at-12_optimized.07.47-1-300x169.jpeg 300w, https:\/\/radiorevelacionfm.cl\/wp-content\/uploads\/2022\/10\/whatsapp-image-2022-10-24-at-12_optimized.07.47-1-1030x579.jpeg 1030w, https:\/\/radiorevelacionfm.cl\/wp-content\/uploads\/2022\/10\/whatsapp-image-2022-10-24-at-12_optimized.07.47-1-768x432.jpeg 768w, https:\/\/radiorevelacionfm.cl\/wp-content\/uploads\/2022\/10\/whatsapp-image-2022-10-24-at-12_optimized.07.47-1-705x396.jpeg 705w, https:\/\/radiorevelacionfm.cl\/wp-content\/uploads\/2022\/10\/whatsapp-image-2022-10-24-at-12_optimized.07.47-1-600x337.jpeg 600w\" sizes=\"(max-width: 1067px) 100vw, 1067px\" \/><\/div><\/div><\/div><\/div><div class=\"flex_column av_one_full  flex_column_div av-zero-column-padding first  avia-builder-el-2  el_after_av_one_full  el_before_av_one_full  column-top-margin\" style='border-radius:0px; '><section class=\"av_textblock_section \"  itemscope=\"itemscope\" itemtype=\"https:\/\/schema.org\/BlogPosting\" itemprop=\"blogPost\" ><div class='avia_textblock  '   itemprop=\"text\" ><p style=\"text-align: center;\"><span style=\"font-size: 18pt;\"><b>Comit\u00e9 de Integraci\u00f3n Austral restableci\u00f3 trabajo bilateral en temas de inter\u00e9s com\u00fan entre regiones chilenas y provincias argentinas<\/b><\/span><\/p>\n<div id=\"gtx-trans\" style=\"position: absolute; left: -50px; top: 4.31534px;\">\n<div class=\"gtx-trans-icon\"><\/div>\n<\/div>\n<\/div><\/section><\/div><div class=\"flex_column av_one_full  flex_column_div av-zero-column-padding first  avia-builder-el-4  el_after_av_one_full  el_before_av_hr  column-top-margin\" style='border-radius:0px; '><section class=\"av_textblock_section \"  itemscope=\"itemscope\" itemtype=\"https:\/\/schema.org\/BlogPosting\" itemprop=\"blogPost\" ><div class='avia_textblock  '   itemprop=\"text\" ><p style=\"font-weight: 400; text-align: justify;\">Con el restablecimiento del trabajo conjunto para avanzar en materias culturales, pol\u00edticas, econ\u00f3micas y sociales de las poblaciones fronterizas de Chile y Argentina, entre otras, culmin\u00f3 el 28\u00b0 Encuentro del Comit\u00e9 de Integraci\u00f3n Austral, desarrollado este lunes y martes en la ciudad de Ushuaia, Argentina.<\/p>\n<p style=\"font-weight: 400; text-align: justify;\">Las delegaciones trabajaron en torno a temas como la reintegraci\u00f3n de los Pasos Internacionales post pandemia; mejoras para facilitar y agilizar los tr\u00e1nsitos internacionales de ciudadanas y ciudadanos; y avanzar en la cooperaci\u00f3n relacionada con temas de inter\u00e9s com\u00fan entre las regiones chilenas y provincias argentinas.<\/p>\n<p style=\"font-weight: 400; text-align: justify;\">En el encuentro participaron la embajadora de Chile en Argentina, B\u00e1rbara Figueroa, el director nacional de Fronteras y L\u00edmites, Carlos Dettleff; el delegado presidencial de la Regi\u00f3n de Ays\u00e9n, Rodrigo Araya Morales; la delegada presidencial de la Regi\u00f3n de Magallanes, Luz Berm\u00fadez; los seremis de Salud Carmen Monsalve, Trabajo, Rodrigo D\u00edaz, Obras P\u00fablicas, Patricio Sanhueza, director regional de Vialidad, Fernando Miranda, y los consejeros regionales Paulina Hern\u00e1ndez y V\u00edctor Escobar, entre otros.<\/p>\n<p style=\"font-weight: 400; text-align: justify;\">En representaci\u00f3n de Argentina, participaron la gobernadora de Santa Cruz, Alicia Kirchner, la vicegobernadora de Tierra del Fuego, M\u00f3nica Urquiza, el secretario de Malvinas, Ant\u00e1rtida e Islas del Atl\u00e1ntico Sur y de Asuntos Internacionales, Andr\u00e9s Bachari y el director de L\u00edmites y Fronteras de Canciller\u00eda Argentina, Gabriel Servetto.<\/p>\n<p style=\"font-weight: 400; text-align: justify;\">\u201cSe restablece el contacto, se restablecen las comunicaciones y se plantea una estrategia de c\u00f3mo seguir conversando, lo que transmitiremos en nuestra regi\u00f3n, a nuestros servicios p\u00fablicos y al Gobierno Regional, donde tenemos expectativas de seguir avanzando en tareas de comercio, turismo, pasos fronterizos, lo econ\u00f3mico y lo cultural\u201d, expres\u00f3 Rodrigo Araya.<\/p>\n<p style=\"font-weight: 400; text-align: justify;\">La Gobernadora de la Provincia de Santa Cruz, Alicia Kirchner, coincidi\u00f3 en la importancia del trabajo bilateral.<\/p>\n<p style=\"font-weight: 400; text-align: justify;\">\u201cFue altamente productivo, estamos muy contentos, las mesas en las que se trabaj\u00f3 hubo much\u00edsima articulaci\u00f3n. Se construy\u00f3 una agenda de trabajo para los pr\u00f3ximos meses, que se va a cumplir tanto en el territorio chileno como en el argentino, as\u00ed es que realmente creo que fue excelente\u201d, concluy\u00f3.<\/p>\n<p style=\"font-weight: 400; text-align: justify;\">Por su parte, la seremi de Salud Carmen Monsalve, destac\u00f3 el trabajo conjunto en materias de \u00edndole sanitario.<\/p>\n<p style=\"font-weight: 400; text-align: justify;\">\u201cParticipamos con el epidemi\u00f3logo Miguel Oyarzo, encargado del Reglamento Sanitario Internacional, que fue uno de los temas que discutimos, porque debemos fortalecer de manera progresiva las capacidades de respuesta frente a emergencias de salud p\u00fablica de inter\u00e9s internacional, pero tambi\u00e9n reconocer las capacidades t\u00e9cnica y desarrollo que ha tenido Argentina, por ejemplo en el manejo de la Hidatidosis, que para nosotros se incorpora como una meta en la Estrategia Nacional de Salud de erradicar la hidatidosis en nuestra regi\u00f3n y el pa\u00eds, nosotros somos una de las regiones que tiene la incidencia m\u00e1s alta de estas enfermedad, por lo tanto, nos interesa de sobremanera poder replicar todas las pr\u00e1cticas o legislaciones que se est\u00e1n aplicando en Argentina y que sabemos que a nosotros nos va a servir\u201d.<\/p>\n<p style=\"font-weight: 400; text-align: justify;\">El Comit\u00e9 de Integraci\u00f3n Austral se enmarca en el Tratado de Maip\u00fa, firmado en 2009 entre las presidentas Cristina Kirchner y Michele Bachelet, con la finalidad de realizarse cada a\u00f1o en ambos lados de la frontera.<\/p>\n<p style=\"font-weight: 400; text-align: justify;\">La \u00faltima sesi\u00f3n se realiz\u00f3 en el a\u00f1o 2018 producto de la pandemia, por lo cual se restableci\u00f3 el trabajo bilateral, al alero del cual se defini\u00f3 Punta Arenas como sede del Encuentro del Comit\u00e9 de Integraci\u00f3n Austral 2023.<\/p>\n<\/div><\/section><\/div><div  style='height:50px' class='hr hr-invisible   avia-builder-el-6  el_after_av_one_full  el_before_av_social_share '><span class='hr-inner ' ><span class='hr-inner-style'><\/span><\/span><\/div><\/p>\n<div  class='av-social-sharing-box  avia-builder-el-7  el_after_av_hr  el_before_av_hr  '><div class='av-share-box'><h5 class='av-share-link-description av-no-toc '>Compartir esta noticia<\/h5><ul class='av-share-box-list noLightbox'><li class='av-share-link av-social-link-facebook' ><a target=\"_blank\" aria-label=\"Compartir en Facebook\" href='https:\/\/www.facebook.com\/sharer.php?u=https:\/\/radiorevelacionfm.cl\/?p=23561&#038;t=Comit%C3%A9%20de%20Integraci%C3%B3n%20Austral%20restableci%C3%B3%20trabajo%20bilateral%20en%20temas%20de%20inter%C3%A9s%20com%C3%BAn%20entre%20regiones%20chilenas%20y%20provincias%20argentinas' aria-hidden='false' data-av_icon='\ue8f3' data-av_iconfont='entypo-fontello' title='' data-avia-related-tooltip='Compartir en Facebook' rel=\"noopener\"><span class='avia_hidden_link_text'>Compartir en Facebook<\/span><\/a><\/li><li class='av-share-link av-social-link-twitter' ><a target=\"_blank\" aria-label=\"Compartir en Twitter\" href='https:\/\/twitter.com\/share?text=Comit%C3%A9%20de%20Integraci%C3%B3n%20Austral%20restableci%C3%B3%20trabajo%20bilateral%20en%20temas%20de%20inter%C3%A9s%20com%C3%BAn%20entre%20regiones%20chilenas%20y%20provincias%20argentinas&#038;url=https:\/\/radiorevelacionfm.cl\/?p=23561' aria-hidden='false' data-av_icon='\ue8f1' data-av_iconfont='entypo-fontello' title='' data-avia-related-tooltip='Compartir en Twitter' rel=\"noopener\"><span class='avia_hidden_link_text'>Compartir en Twitter<\/span><\/a><\/li><li class='av-share-link av-social-link-whatsapp' ><a target=\"_blank\" aria-label=\"Compartir en Whatsapp\" href='https:\/\/api.whatsapp.com\/send?text=https:\/\/radiorevelacionfm.cl\/?p=23561' aria-hidden='false' data-av_icon='\uf232' data-av_iconfont='entypo-fontello' title='' data-avia-related-tooltip='Compartir en Whatsapp' rel=\"noopener\"><span class='avia_hidden_link_text'>Compartir en Whatsapp<\/span><\/a><\/li><li class='av-share-link av-social-link-linkedin' ><a target=\"_blank\" aria-label=\"Compartir en LinkedIn\" href='https:\/\/linkedin.com\/shareArticle?mini=true&#038;title=Comit%C3%A9%20de%20Integraci%C3%B3n%20Austral%20restableci%C3%B3%20trabajo%20bilateral%20en%20temas%20de%20inter%C3%A9s%20com%C3%BAn%20entre%20regiones%20chilenas%20y%20provincias%20argentinas&#038;url=https:\/\/radiorevelacionfm.cl\/?p=23561' aria-hidden='false' data-av_icon='\ue8fc' data-av_iconfont='entypo-fontello' title='' data-avia-related-tooltip='Compartir en LinkedIn' rel=\"noopener\"><span class='avia_hidden_link_text'>Compartir en LinkedIn<\/span><\/a><\/li><li class='av-share-link av-social-link-mail' ><a  aria-label=\"Compartir por correo\" href='mailto:?subject=Comit%C3%A9%20de%20Integraci%C3%B3n%20Austral%20restableci%C3%B3%20trabajo%20bilateral%20en%20temas%20de%20inter%C3%A9s%20com%C3%BAn%20entre%20regiones%20chilenas%20y%20provincias%20argentinas&#038;body=https:\/\/radiorevelacionfm.cl\/?p=23561' aria-hidden='false' data-av_icon='\ue805' data-av_iconfont='entypo-fontello' title='' data-avia-related-tooltip='Compartir por correo'><span class='avia_hidden_link_text'>Compartir por correo<\/span><\/a><\/li><\/ul><\/div><\/div>\n<div  style='height:50px' class='hr hr-invisible   avia-builder-el-8  el_after_av_social_share  el_before_av_comments_list '><span class='hr-inner ' ><span class='hr-inner-style'><\/span><\/span><\/div>\n<div  class='av-buildercomment  av-blog-meta-html-info-disabled av-blog-meta-tag-disabled  '><\/div>\n","protected":false},"excerpt":{"rendered":"","protected":false},"author":1,"featured_media":23562,"comment_status":"open","ping_status":"open","sticky":false,"template":"","format":"standard","meta":{"footnotes":""},"categories":[38],"tags":[],"class_list":["post-23561","post","type-post","status-publish","format-standard","has-post-thumbnail","hentry","category-regional"],"jetpack_featured_media_url":"https:\/\/radiorevelacionfm.cl\/wp-content\/uploads\/2022\/10\/whatsapp-image-2022-10-24-at-12_optimized.07.47-1.jpeg","_links":{"self":[{"href":"https:\/\/radiorevelacionfm.cl\/index.php?rest_route=\/wp\/v2\/posts\/23561","targetHints":{"allow":["GET"]}}],"collection":[{"href":"https:\/\/radiorevelacionfm.cl\/index.php?rest_route=\/wp\/v2\/posts"}],"about":[{"href":"https:\/\/radiorevelacionfm.cl\/index.php?rest_route=\/wp\/v2\/types\/post"}],"author":[{"embeddable":true,"href":"https:\/\/radiorevelacionfm.cl\/index.php?rest_route=\/wp\/v2\/users\/1"}],"replies":[{"embeddable":true,"href":"https:\/\/radiorevelacionfm.cl\/index.php?rest_route=%2Fwp%2Fv2%2Fcomments&post=23561"}],"version-history":[{"count":2,"href":"https:\/\/radiorevelacionfm.cl\/index.php?rest_route=\/wp\/v2\/posts\/23561\/revisions"}],"predecessor-version":[{"id":23565,"href":"https:\/\/radiorevelacionfm.cl\/index.php?rest_route=\/wp\/v2\/posts\/23561\/revisions\/23565"}],"wp:featuredmedia":[{"embeddable":true,"href":"https:\/\/radiorevelacionfm.cl\/index.php?rest_route=\/wp\/v2\/media\/23562"}],"wp:attachment":[{"href":"https:\/\/radiorevelacionfm.cl\/index.php?rest_route=%2Fwp%2Fv2%2Fmedia&parent=23561"}],"wp:term":[{"taxonomy":"category","embeddable":true,"href":"https:\/\/radiorevelacionfm.cl\/index.php?rest_route=%2Fwp%2Fv2%2Fcategories&post=23561"},{"taxonomy":"post_tag","embeddable":true,"href":"https:\/\/radiorevelacionfm.cl\/index.php?rest_route=%2Fwp%2Fv2%2Ftags&post=23561"}],"curies":[{"name":"wp","href":"https:\/\/api.w.org\/{rel}","templated":true}]}}