{"id":23555,"date":"2022-10-27T10:13:44","date_gmt":"2022-10-27T13:13:44","guid":{"rendered":"https:\/\/radiorevelacionfm.cl\/?p=23555"},"modified":"2022-10-27T10:24:10","modified_gmt":"2022-10-27T13:24:10","slug":"exponen-innovadoras-experiencias-de-nacionales-y-regionales-en-seminario-de-reciclaje-y-economia-circular","status":"publish","type":"post","link":"https:\/\/radiorevelacionfm.cl\/?p=23555","title":{"rendered":"Exponen innovadoras experiencias de nacionales y regionales en Seminario de reciclaje y econom\u00eda circular"},"content":{"rendered":"<div class=\"flex_column av_one_full  flex_column_div av-zero-column-padding first  avia-builder-el-0  el_before_av_one_full  avia-builder-el-first  \" style='border-radius:0px; '><div  class='avia-image-container  av-styling-    avia-builder-el-1  avia-builder-el-no-sibling  avia-align-center '  itemprop=\"image\" itemscope=\"itemscope\" itemtype=\"https:\/\/schema.org\/ImageObject\"  ><div class='avia-image-container-inner'><div class='avia-image-overlay-wrap'><img decoding=\"async\" class='wp-image-23567 avia-img-lazy-loading-not-23567 avia_image' src=\"https:\/\/radiorevelacionfm.cl\/wp-content\/uploads\/2022\/10\/5-54-1_optimized.jpg\" alt='' title='5-(54)-(1)_optimized' height=\"600\" width=\"1132\"  itemprop=\"thumbnailUrl\" srcset=\"https:\/\/radiorevelacionfm.cl\/wp-content\/uploads\/2022\/10\/5-54-1_optimized.jpg 1132w, https:\/\/radiorevelacionfm.cl\/wp-content\/uploads\/2022\/10\/5-54-1_optimized-300x159.jpg 300w, https:\/\/radiorevelacionfm.cl\/wp-content\/uploads\/2022\/10\/5-54-1_optimized-1030x546.jpg 1030w, https:\/\/radiorevelacionfm.cl\/wp-content\/uploads\/2022\/10\/5-54-1_optimized-768x407.jpg 768w, https:\/\/radiorevelacionfm.cl\/wp-content\/uploads\/2022\/10\/5-54-1_optimized-710x375.jpg 710w, https:\/\/radiorevelacionfm.cl\/wp-content\/uploads\/2022\/10\/5-54-1_optimized-705x374.jpg 705w, https:\/\/radiorevelacionfm.cl\/wp-content\/uploads\/2022\/10\/5-54-1_optimized-600x318.jpg 600w\" sizes=\"(max-width: 1132px) 100vw, 1132px\" \/><\/div><\/div><\/div><\/div><div class=\"flex_column av_one_full  flex_column_div av-zero-column-padding first  avia-builder-el-2  el_after_av_one_full  el_before_av_one_full  column-top-margin\" style='border-radius:0px; '><section class=\"av_textblock_section \"  itemscope=\"itemscope\" itemtype=\"https:\/\/schema.org\/BlogPosting\" itemprop=\"blogPost\" ><div class='avia_textblock  '   itemprop=\"text\" ><p style=\"text-align: center;\"><span style=\"font-size: 18pt;\"><strong>Exponen innovadoras experiencias de nacionales y regionales en Seminario de reciclaje y econom\u00eda circular<\/strong><\/span><\/p>\n<div id=\"gtx-trans\" style=\"position: absolute; left: -50px; top: 4.31534px;\">\n<div class=\"gtx-trans-icon\"><\/div>\n<\/div>\n<\/div><\/section><\/div><\/p>\n<div class=\"flex_column av_one_full  flex_column_div av-zero-column-padding first  avia-builder-el-4  el_after_av_one_full  el_before_av_hr  column-top-margin\" style='border-radius:0px; '><section class=\"av_textblock_section \"  itemscope=\"itemscope\" itemtype=\"https:\/\/schema.org\/BlogPosting\" itemprop=\"blogPost\" ><div class='avia_textblock  '   itemprop=\"text\" ><p style=\"text-align: justify;\">Como parte de las actividades del mes del medio ambiente, la mesa Ays\u00e9n de la Pol\u00edtica Nacional de Educaci\u00f3n para el Desarrollo Sustentable PNEDS, que re\u00fane a 25 instituciones p\u00fablicas privadas y organizaciones de la sociedad civil, realiz\u00f3 este jueves un seminario abierto a toda la comunidad para abordar la gesti\u00f3n de residuos. La experiencia denominada \u201cNuestros Residuos son un Mundo: Oportunidades de Reciclaje, Reutilizaci\u00f3n y Econom\u00eda Circular\u201d reuni\u00f3 a 5 expositores quienes compartieron sus nociones, modelos y experiencias con proyectos que buscan reducir la producci\u00f3n de residuos y reinsertar los elementos desechados a la cadena productiva.<\/p>\n<p style=\"text-align: justify;\">La actividad tuvo una buena y variada concurrencia ciudadana, la que cont\u00f3 adem\u00e1s con la presencia del Alcalde de Coyhaique, Carlos Gatica, quien preside la mesa; el SEREMI del Medio Ambiente, Juli\u00e1n C\u00e1rdenas, quien cumple el rol de secretar\u00eda ejecutiva, el SEREMI de Energ\u00eda, Carlos D\u00edaz y representantes de las organizaciones pertenecientes a la mesa.<\/p>\n<p style=\"text-align: justify;\">La primera exposici\u00f3n estuvo a cargo del Seremi del Medio Ambiente, quien comparti\u00f3 con los presentes la hoja de ruta de econom\u00eda circular del Gobierno, recorriendo el modelo, programas gubernamentales, oportunidades y sobre todo los desaf\u00edos para avanzar hacia una transici\u00f3n socio ecol\u00f3gica justa \u201cqueremos llegar a nuestra ciudadan\u00eda con posibilidades de desarrollo que permitan convivir de buena manera con nuestro medio ambiente, ese es el esp\u00edritu de la econom\u00eda circular, y si queremos una transici\u00f3n socio ecol\u00f3gica justa, tenemos que partir por hacernos cargo de nuestros pasivos y buscar f\u00f3rmulas sustentables\u201d, explic\u00f3 el SEREMI indicando que actualmente son m\u00e1s de 3500 los basurales y micro basurales de nuestro pa\u00eds, donde la acci\u00f3n debe apuntar la disminuci\u00f3n de la cantidad de residuos que hoy tambi\u00e9n saturan los rellenos sanitarios por cuanto destac\u00f3 \u00a0destacando la importancia de instancias como la mesa PNEDS para la colaboraci\u00f3n y coordinaci\u00f3n de acciones desde todos los sectores de la sociedad, donde cada pieza es necesaria y fundamental para el modelo sustentable.<\/p>\n<p style=\"text-align: justify;\">Siempre con el fin de educar, el seminario convoc\u00f3 a expertos de diversos rubros ligados al reciclaje, para que pudieran mostrar con acciones concretas el estado del arte, los avances y la innovaci\u00f3n. As\u00ed expusieron en el primer bloque Michel Compagnon, Gerente de Comberplast y Kattya Inostroza de Pesca Ays\u00e9n, quienes desde sus propias veredas compartieron los nuevos usos para el pl\u00e1stico obtenido desde la industria y playas \u201cles vinimos a contar como trabajar en econom\u00eda circular y hacer un negocio de limpiar el mundo de pl\u00e1stico con un triple impacto ambiental, social y econ\u00f3mico\u201d declar\u00f3 Compagnon, quien cuenta con la premiada iniciativa atando cabos que recicla productos pl\u00e1sticos de nuestro litoral con trazabilidad e invit\u00f3 a los peque\u00f1os emprendedores a atreverse a apostar por iniciativas sostenibles \u201cUno siempre piensa que las grandes empresas van a encontrar las soluciones, pero no, las soluciones por lo general vienen e los peque\u00f1os emprendedores y entregan las herramientas a las empresas, que fue lo que nos pas\u00f3 a nosotros\u201d. En una mirada m\u00e1s local, Kattya Inostroza, CEO de Pesca Ays\u00e9n agradeci\u00f3 la oportunidad de compartir sus aprendizajes con sus pares de la regi\u00f3n en la experiencia del mundo del reciclaje y la econom\u00eda circular \u201cnuestra empresa trabaja hace cinco a\u00f1os a la limpieza de playas de residuos especialmente acu\u00edcolas y en el tiempo hemos ido avanzando en darle una nueva vida a los residuos y estamos en la tercera etapa de nuestro crecimiento que es la elaboraci\u00f3n de embarcaciones para turismo y pesca deportiva\u201d, comparti\u00f3 Kattya agregando que se encontraban en proceso de regulaciones y que muy pronto realizar\u00edan el lanzamiento de la primera embarcaci\u00f3n hecha con material reciclado.<\/p>\n<p style=\"text-align: justify;\">En el segundo bloque los asistentes conocieron los detalles del Proyecto Luxemburgo-Chilo\u00e9, innovadora iniciativa de gesti\u00f3n de residuos domiciliarios de la mano de Claudio Tapia, Coordinador Nacional PNUD del Proyecto Luxemburgo-Chilo\u00e9; y la experiencia de la empresa Ecofibras donde su gerente Rodrigo Villasante destac\u00f3 mediante la propia gesti\u00f3n, el rol de las Empresas Gestoras de Residuos en la Econom\u00eda Circular Colaborativa<\/p>\n<p style=\"text-align: justify;\">La mesa Ays\u00e9n PNEDS, da respuesta al compromiso chileno adquirido en 2002 en la Cumbre Mundial ONU de Desarrollo Sostenible en Johannesburgo para la elaboraci\u00f3n de una Pol\u00edtica Nacional de Educaci\u00f3n para el Desarrollo Sustentable, que busca establecer principios, objetivos y l\u00edneas estrat\u00e9gicas orientadas a lograr una educaci\u00f3n que promueva una ciudadan\u00eda activa en la construcci\u00f3n del desarrollo sustentable del pa\u00eds. En nuestra regi\u00f3n, la mesa Ays\u00e9n PNEDS enfoca su gesti\u00f3n intersectorial y transversal en fomentar valores ambientales mediante actividades ciudadanas, y cuenta con la activa colaboraci\u00f3n de las municipalidades de Coyhaique, O\u00b4Higgins, Cochrane, R\u00edo Ib\u00e1\u00f1ez y Ays\u00e9n; las SEREMIS de Medio Ambiente, Salud, Educaci\u00f3n, Energ\u00eda y Agricultura; los servicios SERNATUR y CONAF; Fundaci\u00f3n Integra; Patagonia Sin Residuos; Corp. Patagonia Viva; Fundaci\u00f3n Superaci\u00f3n de la Pobreza; IV Divisi\u00f3n Ej\u00e9rcito; SalmonChile; AquaChile; CORPAYSEN; Aguas Patagonia; GORE Ays\u00e9n; Universidad de Ays\u00e9n; y PAR EXPLORA UACH.<\/p>\n<\/div><\/section><\/div>\n<div  style='height:50px' class='hr hr-invisible   avia-builder-el-6  el_after_av_one_full  el_before_av_social_share '><span class='hr-inner ' ><span class='hr-inner-style'><\/span><\/span><\/div>\n<div  class='av-social-sharing-box  avia-builder-el-7  el_after_av_hr  el_before_av_hr  '><div class='av-share-box'><h5 class='av-share-link-description av-no-toc '>Compartir esta noticia<\/h5><ul class='av-share-box-list noLightbox'><li class='av-share-link av-social-link-facebook' ><a target=\"_blank\" aria-label=\"Compartir en Facebook\" href='https:\/\/www.facebook.com\/sharer.php?u=https:\/\/radiorevelacionfm.cl\/?p=23555&#038;t=Exponen%20innovadoras%20experiencias%20de%20nacionales%20y%20regionales%20en%20Seminario%20de%20reciclaje%20y%20econom%C3%ADa%20circular' aria-hidden='false' data-av_icon='\ue8f3' data-av_iconfont='entypo-fontello' title='' data-avia-related-tooltip='Compartir en Facebook' rel=\"noopener\"><span class='avia_hidden_link_text'>Compartir en Facebook<\/span><\/a><\/li><li class='av-share-link av-social-link-twitter' ><a target=\"_blank\" aria-label=\"Compartir en Twitter\" href='https:\/\/twitter.com\/share?text=Exponen%20innovadoras%20experiencias%20de%20nacionales%20y%20regionales%20en%20Seminario%20de%20reciclaje%20y%20econom%C3%ADa%20circular&#038;url=https:\/\/radiorevelacionfm.cl\/?p=23555' aria-hidden='false' data-av_icon='\ue8f1' data-av_iconfont='entypo-fontello' title='' data-avia-related-tooltip='Compartir en Twitter' rel=\"noopener\"><span class='avia_hidden_link_text'>Compartir en Twitter<\/span><\/a><\/li><li class='av-share-link av-social-link-whatsapp' ><a target=\"_blank\" aria-label=\"Compartir en Whatsapp\" href='https:\/\/api.whatsapp.com\/send?text=https:\/\/radiorevelacionfm.cl\/?p=23555' aria-hidden='false' data-av_icon='\uf232' data-av_iconfont='entypo-fontello' title='' data-avia-related-tooltip='Compartir en Whatsapp' rel=\"noopener\"><span class='avia_hidden_link_text'>Compartir en Whatsapp<\/span><\/a><\/li><li class='av-share-link av-social-link-linkedin' ><a target=\"_blank\" aria-label=\"Compartir en LinkedIn\" href='https:\/\/linkedin.com\/shareArticle?mini=true&#038;title=Exponen%20innovadoras%20experiencias%20de%20nacionales%20y%20regionales%20en%20Seminario%20de%20reciclaje%20y%20econom%C3%ADa%20circular&#038;url=https:\/\/radiorevelacionfm.cl\/?p=23555' aria-hidden='false' data-av_icon='\ue8fc' data-av_iconfont='entypo-fontello' title='' data-avia-related-tooltip='Compartir en LinkedIn' rel=\"noopener\"><span class='avia_hidden_link_text'>Compartir en LinkedIn<\/span><\/a><\/li><li class='av-share-link av-social-link-mail' ><a  aria-label=\"Compartir por correo\" href='mailto:?subject=Exponen%20innovadoras%20experiencias%20de%20nacionales%20y%20regionales%20en%20Seminario%20de%20reciclaje%20y%20econom%C3%ADa%20circular&#038;body=https:\/\/radiorevelacionfm.cl\/?p=23555' aria-hidden='false' data-av_icon='\ue805' data-av_iconfont='entypo-fontello' title='' data-avia-related-tooltip='Compartir por correo'><span class='avia_hidden_link_text'>Compartir por correo<\/span><\/a><\/li><\/ul><\/div><\/div>\n<div  style='height:50px' class='hr hr-invisible   avia-builder-el-8  el_after_av_social_share  el_before_av_comments_list '><span class='hr-inner ' ><span class='hr-inner-style'><\/span><\/span><\/div>\n<div  class='av-buildercomment  av-blog-meta-html-info-disabled av-blog-meta-tag-disabled  '><\/div>\n","protected":false},"excerpt":{"rendered":"","protected":false},"author":1,"featured_media":23567,"comment_status":"open","ping_status":"open","sticky":false,"template":"","format":"standard","meta":{"footnotes":""},"categories":[39],"tags":[],"class_list":["post-23555","post","type-post","status-publish","format-standard","has-post-thumbnail","hentry","category-medio-ambiente"],"jetpack_featured_media_url":"https:\/\/radiorevelacionfm.cl\/wp-content\/uploads\/2022\/10\/5-54-1_optimized.jpg","_links":{"self":[{"href":"https:\/\/radiorevelacionfm.cl\/index.php?rest_route=\/wp\/v2\/posts\/23555","targetHints":{"allow":["GET"]}}],"collection":[{"href":"https:\/\/radiorevelacionfm.cl\/index.php?rest_route=\/wp\/v2\/posts"}],"about":[{"href":"https:\/\/radiorevelacionfm.cl\/index.php?rest_route=\/wp\/v2\/types\/post"}],"author":[{"embeddable":true,"href":"https:\/\/radiorevelacionfm.cl\/index.php?rest_route=\/wp\/v2\/users\/1"}],"replies":[{"embeddable":true,"href":"https:\/\/radiorevelacionfm.cl\/index.php?rest_route=%2Fwp%2Fv2%2Fcomments&post=23555"}],"version-history":[{"count":3,"href":"https:\/\/radiorevelacionfm.cl\/index.php?rest_route=\/wp\/v2\/posts\/23555\/revisions"}],"predecessor-version":[{"id":23566,"href":"https:\/\/radiorevelacionfm.cl\/index.php?rest_route=\/wp\/v2\/posts\/23555\/revisions\/23566"}],"wp:featuredmedia":[{"embeddable":true,"href":"https:\/\/radiorevelacionfm.cl\/index.php?rest_route=\/wp\/v2\/media\/23567"}],"wp:attachment":[{"href":"https:\/\/radiorevelacionfm.cl\/index.php?rest_route=%2Fwp%2Fv2%2Fmedia&parent=23555"}],"wp:term":[{"taxonomy":"category","embeddable":true,"href":"https:\/\/radiorevelacionfm.cl\/index.php?rest_route=%2Fwp%2Fv2%2Fcategories&post=23555"},{"taxonomy":"post_tag","embeddable":true,"href":"https:\/\/radiorevelacionfm.cl\/index.php?rest_route=%2Fwp%2Fv2%2Ftags&post=23555"}],"curies":[{"name":"wp","href":"https:\/\/api.w.org\/{rel}","templated":true}]}}