{"id":23548,"date":"2022-10-27T11:04:01","date_gmt":"2022-10-27T14:04:01","guid":{"rendered":"https:\/\/radiorevelacionfm.cl\/?p=23548"},"modified":"2022-10-27T11:04:01","modified_gmt":"2022-10-27T14:04:01","slug":"sence-destaca-proceso-de-descentralizacion-y-escucha-activa-con-miras-al-2023","status":"publish","type":"post","link":"https:\/\/radiorevelacionfm.cl\/?p=23548","title":{"rendered":"Sence destaca proceso de descentralizaci\u00f3n y escucha activa con miras al 2023"},"content":{"rendered":"<div class=\"flex_column av_one_full  flex_column_div av-zero-column-padding first  avia-builder-el-0  el_before_av_one_full  avia-builder-el-first  \" style='border-radius:0px; '><div  class='avia-image-container  av-styling-    avia-builder-el-1  avia-builder-el-no-sibling  avia-align-center '  itemprop=\"image\" itemscope=\"itemscope\" itemtype=\"https:\/\/schema.org\/ImageObject\"  ><div class='avia-image-container-inner'><div class='avia-image-overlay-wrap'><img decoding=\"async\" class='wp-image-23549 avia-img-lazy-loading-not-23549 avia_image' src=\"https:\/\/radiorevelacionfm.cl\/wp-content\/uploads\/2022\/10\/ptoprensa_descentralizacionsence-4-b-1_optimized.jpg\" alt='' title='ptoprensa_descentralizacionsence-(4)-b-(1)_optimized' height=\"600\" width=\"924\"  itemprop=\"thumbnailUrl\" srcset=\"https:\/\/radiorevelacionfm.cl\/wp-content\/uploads\/2022\/10\/ptoprensa_descentralizacionsence-4-b-1_optimized.jpg 924w, https:\/\/radiorevelacionfm.cl\/wp-content\/uploads\/2022\/10\/ptoprensa_descentralizacionsence-4-b-1_optimized-300x195.jpg 300w, https:\/\/radiorevelacionfm.cl\/wp-content\/uploads\/2022\/10\/ptoprensa_descentralizacionsence-4-b-1_optimized-768x499.jpg 768w, https:\/\/radiorevelacionfm.cl\/wp-content\/uploads\/2022\/10\/ptoprensa_descentralizacionsence-4-b-1_optimized-705x458.jpg 705w, https:\/\/radiorevelacionfm.cl\/wp-content\/uploads\/2022\/10\/ptoprensa_descentralizacionsence-4-b-1_optimized-600x390.jpg 600w\" sizes=\"(max-width: 924px) 100vw, 924px\" \/><\/div><\/div><\/div><\/div><div class=\"flex_column av_one_full  flex_column_div av-zero-column-padding first  avia-builder-el-2  el_after_av_one_full  el_before_av_one_full  column-top-margin\" style='border-radius:0px; '><section class=\"av_textblock_section \"  itemscope=\"itemscope\" itemtype=\"https:\/\/schema.org\/BlogPosting\" itemprop=\"blogPost\" ><div class='avia_textblock  '   itemprop=\"text\" ><p style=\"text-align: center;\"><span style=\"font-size: 18pt;\"><b><span lang=\"ES-MX\">Sence destaca proceso de descentralizaci\u00f3n y escucha activa con miras al 2023<\/span><\/b><\/span><\/p>\n<div id=\"gtx-trans\" style=\"position: absolute; left: -50px; top: 4.31534px;\">\n<div class=\"gtx-trans-icon\"><\/div>\n<\/div>\n<\/div><\/section><\/div><div class=\"flex_column av_one_full  flex_column_div av-zero-column-padding first  avia-builder-el-4  el_after_av_one_full  el_before_av_hr  column-top-margin\" style='border-radius:0px; '><section class=\"av_textblock_section \"  itemscope=\"itemscope\" itemtype=\"https:\/\/schema.org\/BlogPosting\" itemprop=\"blogPost\" ><div class='avia_textblock  '   itemprop=\"text\" ><p class=\"v1MsoNormal\" style=\"text-align: justify;\">En un punto de prensa realizado en las oficinas regionales del Servicio Nacional de Capacitaci\u00f3n y Empleo, Sence, la subdirectora nacional, Romanina Morales Baltra junto al director(s) regional de Sence Ays\u00e9n, Andro Valdenegro Terraza, dieron a conocer el proceso de descentralizaci\u00f3n que est\u00e1 llevando adelante la instituci\u00f3n con miras al 2023.<\/p>\n<p class=\"v1MsoNormal\" style=\"text-align: justify;\"><span lang=\"ES\">En esta visita, adem\u00e1s de trasladarse a Puerto Ays\u00e9n, visitar cursos que se est\u00e1n desarrollando y conversar con autoridades, participaron de importantes visitas t\u00e9cnicas a las Oficinas Municipales de Intermediaci\u00f3n laboral, OMIL, m\u00e1s grandes de la regi\u00f3n, que son Ays\u00e9n y Coyhaique, reuni\u00e9ndose adem\u00e1s con el equipo regional, el Observatorio Laboral y con el nuevo Consejo de la Sociedad Civil, COSOC, de Sence Ays\u00e9n. \u00a0\u00a0<\/span><\/p>\n<p class=\"v1MsoNormal\" style=\"text-align: justify;\"><span lang=\"ES\">\u00abEstamos trabajando en la descentralizaci\u00f3n. Las pol\u00edticas p\u00fablicas verdaderas, con impacto en la ciudadan\u00eda, no nacen desde un escritorio, nacen desde el mismo territorio. Estar constantemente en contacto con las regiones, las provincias y las comunas, te nutre de un intelecto y de una pertinencia cultural desconocida. Como, por ejemplo, ayer hablando en el COSOC, que est\u00e1 la nueva directiva que se eligi\u00f3 el d\u00eda de ayer, precisamente lo que tiene que ver con la incorporaci\u00f3n de la mujer al trabajo y m\u00e1s a\u00fan en la ruralidad, como es en esta regi\u00f3n. Para el a\u00f1o 2023 estamos trabajando con la pertinencia cultural como he dicho, en cursos y capacitaciones que sean atingentes, por ejemplo, tenemos que capacitar a nueve mil administradores de condominios \u00bfes aplicable ac\u00e1? No, no es aplicable, sin embargo, si hablamos de una pertinencia de las energ\u00edas verdes, de la pertinencia de la mujer rural, claro que es pertinente. Esos van a hacer nuestros cambios para el a\u00f1o 2023\u00bb, afirm\u00f3 Romanina Morales, subdirectora nacional.<\/span><\/p>\n<p class=\"v1MsoNormal\" style=\"text-align: justify;\"><span lang=\"ES\">En este mismo sentido, el director(s) regional de Sence mencion\u00f3, \u00abLo importante de esto es la visita y asistencia que estamos haciendo desde el punto de vista t\u00e9cnico, a las Oficinas Municipales de Intermediaci\u00f3n Laboral, OMIL, poder juntarnos en los cursos y visitar a las personas que son usuarios de nuestros programas de capacitaci\u00f3n y que tienen que ver con el sentido de descentralizaci\u00f3n que mencion\u00f3 nuestra subdirectora, porque hoy en d\u00eda el Sence regional est\u00e1 en un af\u00e1n de levantar, de recoger y de escuchar a las organizaciones, con el sentido de pertinencia que tienen que tener nuestros cursos de capacitaci\u00f3n, nuestros planes formativos, nuestras certificaciones\u00bb, la autoridad adem\u00e1s agreg\u00f3, \u00abEl d\u00eda de ayer tambi\u00e9n conformamos el COSOC para este periodo 2022- 2024, tremendamente importante, donde la ciudadan\u00eda, donde la organizaci\u00f3n de la sociedad civil presenta y hace latente sus requerimientos de capacitaci\u00f3n, sumado tambi\u00e9n a un despliegue territorial que estamos realizado con las distintas delegaciones, a trav\u00e9s de nuestras oficinas de intermediaci\u00f3n, el conjunto del sistema de capacitaci\u00f3n tiene que apuntar a mejorar la vida de la personas de nuestra regi\u00f3n\u00bb, puntualiz\u00f3 Valdenegro.<\/span><\/p>\n<p class=\"v1MsoNormal\" style=\"text-align: justify;\"><span lang=\"ES\">Cabe destacar que en conjunto con el Seremi de Trabajo y Previsi\u00f3n Social, Rodrigo D\u00edaz Cordaro, a la Direcci\u00f3n del Trabajo, ChileValora y al Instituto de Seguridad Laboral, Sence ha estado en diversas reuniones, tanto con gremios, sindicatos e instituciones de fomento productivo, con el prop\u00f3sito de vincularse, intercambiar informaci\u00f3n pertinente y realizar un trabajo en conjunto con pertinencia regional, desde el territorio, entre ellos, en Puerto Ays\u00e9n, Puerto Chacabuco, Coyhaique, Puerto Tranquilo junto a las ZOIT, Cochrane y prontamente en Chile Chico y Puerto Cisnes.<\/span><\/p>\n<\/div><\/section><\/div><div  style='height:50px' class='hr hr-invisible   avia-builder-el-6  el_after_av_one_full  el_before_av_social_share '><span class='hr-inner ' ><span class='hr-inner-style'><\/span><\/span><\/div><\/p>\n<div  class='av-social-sharing-box  avia-builder-el-7  el_after_av_hr  el_before_av_hr  '><div class='av-share-box'><h5 class='av-share-link-description av-no-toc '>Compartir esta noticia<\/h5><ul class='av-share-box-list noLightbox'><li class='av-share-link av-social-link-facebook' ><a target=\"_blank\" aria-label=\"Compartir en Facebook\" href='https:\/\/www.facebook.com\/sharer.php?u=https:\/\/radiorevelacionfm.cl\/?p=23548&#038;t=Sence%20destaca%20proceso%20de%20descentralizaci%C3%B3n%20y%20escucha%20activa%20con%20miras%20al%202023' aria-hidden='false' data-av_icon='\ue8f3' data-av_iconfont='entypo-fontello' title='' data-avia-related-tooltip='Compartir en Facebook' rel=\"noopener\"><span class='avia_hidden_link_text'>Compartir en Facebook<\/span><\/a><\/li><li class='av-share-link av-social-link-twitter' ><a target=\"_blank\" aria-label=\"Compartir en Twitter\" href='https:\/\/twitter.com\/share?text=Sence%20destaca%20proceso%20de%20descentralizaci%C3%B3n%20y%20escucha%20activa%20con%20miras%20al%202023&#038;url=https:\/\/radiorevelacionfm.cl\/?p=23548' aria-hidden='false' data-av_icon='\ue8f1' data-av_iconfont='entypo-fontello' title='' data-avia-related-tooltip='Compartir en Twitter' rel=\"noopener\"><span class='avia_hidden_link_text'>Compartir en Twitter<\/span><\/a><\/li><li class='av-share-link av-social-link-whatsapp' ><a target=\"_blank\" aria-label=\"Compartir en Whatsapp\" href='https:\/\/api.whatsapp.com\/send?text=https:\/\/radiorevelacionfm.cl\/?p=23548' aria-hidden='false' data-av_icon='\uf232' data-av_iconfont='entypo-fontello' title='' data-avia-related-tooltip='Compartir en Whatsapp' rel=\"noopener\"><span class='avia_hidden_link_text'>Compartir en Whatsapp<\/span><\/a><\/li><li class='av-share-link av-social-link-linkedin' ><a target=\"_blank\" aria-label=\"Compartir en LinkedIn\" href='https:\/\/linkedin.com\/shareArticle?mini=true&#038;title=Sence%20destaca%20proceso%20de%20descentralizaci%C3%B3n%20y%20escucha%20activa%20con%20miras%20al%202023&#038;url=https:\/\/radiorevelacionfm.cl\/?p=23548' aria-hidden='false' data-av_icon='\ue8fc' data-av_iconfont='entypo-fontello' title='' data-avia-related-tooltip='Compartir en LinkedIn' rel=\"noopener\"><span class='avia_hidden_link_text'>Compartir en LinkedIn<\/span><\/a><\/li><li class='av-share-link av-social-link-mail' ><a  aria-label=\"Compartir por correo\" href='mailto:?subject=Sence%20destaca%20proceso%20de%20descentralizaci%C3%B3n%20y%20escucha%20activa%20con%20miras%20al%202023&#038;body=https:\/\/radiorevelacionfm.cl\/?p=23548' aria-hidden='false' data-av_icon='\ue805' data-av_iconfont='entypo-fontello' title='' data-avia-related-tooltip='Compartir por correo'><span class='avia_hidden_link_text'>Compartir por correo<\/span><\/a><\/li><\/ul><\/div><\/div>\n<div  style='height:50px' class='hr hr-invisible   avia-builder-el-8  el_after_av_social_share  el_before_av_comments_list '><span class='hr-inner ' ><span class='hr-inner-style'><\/span><\/span><\/div>\n<div  class='av-buildercomment  av-blog-meta-html-info-disabled av-blog-meta-tag-disabled  '><\/div>\n","protected":false},"excerpt":{"rendered":"","protected":false},"author":1,"featured_media":23549,"comment_status":"open","ping_status":"open","sticky":false,"template":"","format":"standard","meta":{"footnotes":""},"categories":[38],"tags":[],"class_list":["post-23548","post","type-post","status-publish","format-standard","has-post-thumbnail","hentry","category-regional"],"jetpack_featured_media_url":"https:\/\/radiorevelacionfm.cl\/wp-content\/uploads\/2022\/10\/ptoprensa_descentralizacionsence-4-b-1_optimized.jpg","_links":{"self":[{"href":"https:\/\/radiorevelacionfm.cl\/index.php?rest_route=\/wp\/v2\/posts\/23548","targetHints":{"allow":["GET"]}}],"collection":[{"href":"https:\/\/radiorevelacionfm.cl\/index.php?rest_route=\/wp\/v2\/posts"}],"about":[{"href":"https:\/\/radiorevelacionfm.cl\/index.php?rest_route=\/wp\/v2\/types\/post"}],"author":[{"embeddable":true,"href":"https:\/\/radiorevelacionfm.cl\/index.php?rest_route=\/wp\/v2\/users\/1"}],"replies":[{"embeddable":true,"href":"https:\/\/radiorevelacionfm.cl\/index.php?rest_route=%2Fwp%2Fv2%2Fcomments&post=23548"}],"version-history":[{"count":2,"href":"https:\/\/radiorevelacionfm.cl\/index.php?rest_route=\/wp\/v2\/posts\/23548\/revisions"}],"predecessor-version":[{"id":23570,"href":"https:\/\/radiorevelacionfm.cl\/index.php?rest_route=\/wp\/v2\/posts\/23548\/revisions\/23570"}],"wp:featuredmedia":[{"embeddable":true,"href":"https:\/\/radiorevelacionfm.cl\/index.php?rest_route=\/wp\/v2\/media\/23549"}],"wp:attachment":[{"href":"https:\/\/radiorevelacionfm.cl\/index.php?rest_route=%2Fwp%2Fv2%2Fmedia&parent=23548"}],"wp:term":[{"taxonomy":"category","embeddable":true,"href":"https:\/\/radiorevelacionfm.cl\/index.php?rest_route=%2Fwp%2Fv2%2Fcategories&post=23548"},{"taxonomy":"post_tag","embeddable":true,"href":"https:\/\/radiorevelacionfm.cl\/index.php?rest_route=%2Fwp%2Fv2%2Ftags&post=23548"}],"curies":[{"name":"wp","href":"https:\/\/api.w.org\/{rel}","templated":true}]}}