{"id":23544,"date":"2022-10-26T18:07:52","date_gmt":"2022-10-26T21:07:52","guid":{"rendered":"https:\/\/radiorevelacionfm.cl\/?p=23544"},"modified":"2022-10-26T18:17:58","modified_gmt":"2022-10-26T21:17:58","slug":"diputados-presentan-proyecto-de-resolucion-pidiendo-mantener-a-funcionarios-de-salud-contratados-por-emergencia-covid","status":"publish","type":"post","link":"https:\/\/radiorevelacionfm.cl\/?p=23544","title":{"rendered":"Diputados presentan proyecto de resoluci\u00f3n pidiendo mantener a funcionarios de salud contratados por emergencia Covid"},"content":{"rendered":"<div class=\"flex_column av_one_full  flex_column_div av-zero-column-padding first  avia-builder-el-0  el_before_av_one_full  avia-builder-el-first  \" style='border-radius:0px; '><div  class='avia-image-container  av-styling-    avia-builder-el-1  avia-builder-el-no-sibling  avia-align-center '  itemprop=\"image\" itemscope=\"itemscope\" itemtype=\"https:\/\/schema.org\/ImageObject\"  ><div class='avia-image-container-inner'><div class='avia-image-overlay-wrap'><img decoding=\"async\" class='wp-image-23559 avia-img-lazy-loading-not-23559 avia_image' src=\"https:\/\/radiorevelacionfm.cl\/wp-content\/uploads\/2022\/10\/foto-confenats-1_optimized-1.jpg\" alt='' title='foto-confenats-(1)_optimized (1)' height=\"600\" width=\"1068\"  itemprop=\"thumbnailUrl\" srcset=\"https:\/\/radiorevelacionfm.cl\/wp-content\/uploads\/2022\/10\/foto-confenats-1_optimized-1.jpg 1068w, https:\/\/radiorevelacionfm.cl\/wp-content\/uploads\/2022\/10\/foto-confenats-1_optimized-1-300x169.jpg 300w, https:\/\/radiorevelacionfm.cl\/wp-content\/uploads\/2022\/10\/foto-confenats-1_optimized-1-1030x579.jpg 1030w, https:\/\/radiorevelacionfm.cl\/wp-content\/uploads\/2022\/10\/foto-confenats-1_optimized-1-768x431.jpg 768w, https:\/\/radiorevelacionfm.cl\/wp-content\/uploads\/2022\/10\/foto-confenats-1_optimized-1-705x396.jpg 705w, https:\/\/radiorevelacionfm.cl\/wp-content\/uploads\/2022\/10\/foto-confenats-1_optimized-1-600x337.jpg 600w\" sizes=\"(max-width: 1068px) 100vw, 1068px\" \/><\/div><\/div><\/div><\/div><div class=\"flex_column av_one_full  flex_column_div av-zero-column-padding first  avia-builder-el-2  el_after_av_one_full  el_before_av_one_full  column-top-margin\" style='border-radius:0px; '><section class=\"av_textblock_section \"  itemscope=\"itemscope\" itemtype=\"https:\/\/schema.org\/BlogPosting\" itemprop=\"blogPost\" ><div class='avia_textblock  '   itemprop=\"text\" ><p style=\"text-align: center;\"><span style=\"font-size: 18pt;\"><b>Diputados presentan proyecto de resoluci\u00f3n pidiendo mantener a funcionarios de salud contratados por emergencia Covid<\/b><\/span><\/p>\n<div id=\"gtx-trans\" style=\"position: absolute; left: -50px; top: 4.31534px;\">\n<div class=\"gtx-trans-icon\"><\/div>\n<\/div>\n<\/div><\/section><\/div><\/p>\n<div class=\"flex_column av_one_full  flex_column_div av-zero-column-padding first  avia-builder-el-4  el_after_av_one_full  el_before_av_hr  column-top-margin\" style='border-radius:0px; '><section class=\"av_textblock_section \"  itemscope=\"itemscope\" itemtype=\"https:\/\/schema.org\/BlogPosting\" itemprop=\"blogPost\" ><div class='avia_textblock  '   itemprop=\"text\" ><p style=\"font-weight: 400; text-align: justify;\">Se trata de una cifra cercana a los 30.000 funcionarios que fueron contratados a nivel nacional para reforzar el sistema p\u00fablico de salud en el marco de los inicios de la pandemia. El proyecto pide que sean asignados a otras funciones.<\/p>\n<p style=\"font-weight: 400; text-align: justify;\">Durante estos \u00faltimos meses del a\u00f1o se les acaba el contrato a cerca de 30.000 funcionarios que fueron contratados para reforzar el sistema de salud en el pa\u00eds en el marco de la pandemia por el covid-19, hecho que Miguel \u00c1ngel Calisto y un grupo transversal de diputados\u00a0calificaron como lamentable, por lo que presentaron un\u00a0proyecto de resoluci\u00f3n\u00a0que pide que se de pie atr\u00e1s a esta decisi\u00f3n y estos funcionarios sean destinados a otras funciones dentro de los distintos recintos asistenciales.<\/p>\n<p style=\"font-weight: 400; text-align: justify;\">El Gobierno incluso present\u00f3 un instructivo denominado Desescalada de Honorarios Covid, donde se instruye a las jefaturas de salud de las distintas regiones para comenzar con la desvinculaci\u00f3n de estos funcionarios contratados desde el a\u00f1o 2020.<\/p>\n<p style=\"font-weight: 400; text-align: justify;\">Seg\u00fan el diputado\u00a0Miguel \u00c1ngel Calisto, \u201ccon este proyecto le hacemos un llamado de atenci\u00f3n al Gobierno respecto de la grave situaci\u00f3n que est\u00e1 afectando al pa\u00eds en materia de salud. Son 30 mil funcionarios honorarios Covid en todo el territorio nacional, ellos han venido a suplir una necesidad en los distintos recintos de salud, y lamentablemente desde el ejecutivo han anunciado un plan de desescalada para desvincular a los funcionarios Covid\u201d.<\/p>\n<p style=\"font-weight: 400; text-align: justify;\">\u201cEllos han realizado una labor muy importante. Tenemos que recordar que hay cerca de 2 millones de personas que est\u00e1n en listas de espera para atenci\u00f3n de salud. Hay que reforzar el sistema de salud, no desmantelarlo. En la regi\u00f3n de Ays\u00e9n son m\u00e1s de 450 funcionarios. Dejar de contar con ellos es hacerle un da\u00f1o a la salud regional\u201d, se\u00f1al\u00f3 el legislador de la Democracia Cristiana.<\/p>\n<p style=\"font-weight: 400; text-align: justify;\">Por su parte,\u00a0la diputada del Partido de la Gente, Yovana Ahumada, \u00a0afirm\u00f3 que \u201cnos hemos sumado a este proyecto, porque creemos que es muy importante respaldar a estos trabajadores que fueron la primera l\u00ednea en el combate contra el Covid, y que adem\u00e1s, est\u00e1n supliendo una necesidad que tenemos en el \u00e1rea de la salud. Hacemos un llamado al ejecutivo para que apoyen el trabajo de estos trabajadores y coloquen los recursos necesarios para mejorar la salud en Chile\u201d.<\/p>\n<p style=\"font-weight: 400; text-align: justify;\">Finalmente,\u00a0Roland C\u00e1rcamo, Vicepresidente de la Confenats, indic\u00f3 que \u201cnosotros ya le hemos planteado este tema a la Ministra de Salud. Hemos instado a que se de una respuesta por parte del ejecutivo y poder dar una soluci\u00f3n a nuestra demanda. Sabemos de este plan de desescalada, con instrucciones claras a los directores de servicios para comenzar a desvincular. Por eso, nosotros instamos que se hagan cargo de este tema que es cr\u00edtico para el pa\u00eds, para la salud de los ciudadanos\u201d.<\/p>\n<\/div><\/section><\/div>\n<div  style='height:50px' class='hr hr-invisible   avia-builder-el-6  el_after_av_one_full  el_before_av_social_share '><span class='hr-inner ' ><span class='hr-inner-style'><\/span><\/span><\/div>\n<div  class='av-social-sharing-box  avia-builder-el-7  el_after_av_hr  el_before_av_hr  '><div class='av-share-box'><h5 class='av-share-link-description av-no-toc '>Compartir esta noticia<\/h5><ul class='av-share-box-list noLightbox'><li class='av-share-link av-social-link-facebook' ><a target=\"_blank\" aria-label=\"Compartir en Facebook\" href='https:\/\/www.facebook.com\/sharer.php?u=https:\/\/radiorevelacionfm.cl\/?p=23544&#038;t=Diputados%20presentan%20proyecto%20de%20resoluci%C3%B3n%20pidiendo%20mantener%20a%20funcionarios%20de%20salud%20contratados%20por%20emergencia%20Covid' aria-hidden='false' data-av_icon='\ue8f3' data-av_iconfont='entypo-fontello' title='' data-avia-related-tooltip='Compartir en Facebook' rel=\"noopener\"><span class='avia_hidden_link_text'>Compartir en Facebook<\/span><\/a><\/li><li class='av-share-link av-social-link-twitter' ><a target=\"_blank\" aria-label=\"Compartir en Twitter\" href='https:\/\/twitter.com\/share?text=Diputados%20presentan%20proyecto%20de%20resoluci%C3%B3n%20pidiendo%20mantener%20a%20funcionarios%20de%20salud%20contratados%20por%20emergencia%20Covid&#038;url=https:\/\/radiorevelacionfm.cl\/?p=23544' aria-hidden='false' data-av_icon='\ue8f1' data-av_iconfont='entypo-fontello' title='' data-avia-related-tooltip='Compartir en Twitter' rel=\"noopener\"><span class='avia_hidden_link_text'>Compartir en Twitter<\/span><\/a><\/li><li class='av-share-link av-social-link-whatsapp' ><a target=\"_blank\" aria-label=\"Compartir en Whatsapp\" href='https:\/\/api.whatsapp.com\/send?text=https:\/\/radiorevelacionfm.cl\/?p=23544' aria-hidden='false' data-av_icon='\uf232' data-av_iconfont='entypo-fontello' title='' data-avia-related-tooltip='Compartir en Whatsapp' rel=\"noopener\"><span class='avia_hidden_link_text'>Compartir en Whatsapp<\/span><\/a><\/li><li class='av-share-link av-social-link-linkedin' ><a target=\"_blank\" aria-label=\"Compartir en LinkedIn\" href='https:\/\/linkedin.com\/shareArticle?mini=true&#038;title=Diputados%20presentan%20proyecto%20de%20resoluci%C3%B3n%20pidiendo%20mantener%20a%20funcionarios%20de%20salud%20contratados%20por%20emergencia%20Covid&#038;url=https:\/\/radiorevelacionfm.cl\/?p=23544' aria-hidden='false' data-av_icon='\ue8fc' data-av_iconfont='entypo-fontello' title='' data-avia-related-tooltip='Compartir en LinkedIn' rel=\"noopener\"><span class='avia_hidden_link_text'>Compartir en LinkedIn<\/span><\/a><\/li><li class='av-share-link av-social-link-mail' ><a  aria-label=\"Compartir por correo\" href='mailto:?subject=Diputados%20presentan%20proyecto%20de%20resoluci%C3%B3n%20pidiendo%20mantener%20a%20funcionarios%20de%20salud%20contratados%20por%20emergencia%20Covid&#038;body=https:\/\/radiorevelacionfm.cl\/?p=23544' aria-hidden='false' data-av_icon='\ue805' data-av_iconfont='entypo-fontello' title='' data-avia-related-tooltip='Compartir por correo'><span class='avia_hidden_link_text'>Compartir por correo<\/span><\/a><\/li><\/ul><\/div><\/div>\n<div  style='height:50px' class='hr hr-invisible   avia-builder-el-8  el_after_av_social_share  el_before_av_comments_list '><span class='hr-inner ' ><span class='hr-inner-style'><\/span><\/span><\/div>\n<div  class='av-buildercomment  av-blog-meta-html-info-disabled av-blog-meta-tag-disabled  '><\/div>\n","protected":false},"excerpt":{"rendered":"","protected":false},"author":1,"featured_media":23559,"comment_status":"open","ping_status":"open","sticky":false,"template":"","format":"standard","meta":{"footnotes":""},"categories":[35],"tags":[],"class_list":["post-23544","post","type-post","status-publish","format-standard","has-post-thumbnail","hentry","category-politica"],"jetpack_featured_media_url":"https:\/\/radiorevelacionfm.cl\/wp-content\/uploads\/2022\/10\/foto-confenats-1_optimized-1.jpg","_links":{"self":[{"href":"https:\/\/radiorevelacionfm.cl\/index.php?rest_route=\/wp\/v2\/posts\/23544","targetHints":{"allow":["GET"]}}],"collection":[{"href":"https:\/\/radiorevelacionfm.cl\/index.php?rest_route=\/wp\/v2\/posts"}],"about":[{"href":"https:\/\/radiorevelacionfm.cl\/index.php?rest_route=\/wp\/v2\/types\/post"}],"author":[{"embeddable":true,"href":"https:\/\/radiorevelacionfm.cl\/index.php?rest_route=\/wp\/v2\/users\/1"}],"replies":[{"embeddable":true,"href":"https:\/\/radiorevelacionfm.cl\/index.php?rest_route=%2Fwp%2Fv2%2Fcomments&post=23544"}],"version-history":[{"count":3,"href":"https:\/\/radiorevelacionfm.cl\/index.php?rest_route=\/wp\/v2\/posts\/23544\/revisions"}],"predecessor-version":[{"id":23558,"href":"https:\/\/radiorevelacionfm.cl\/index.php?rest_route=\/wp\/v2\/posts\/23544\/revisions\/23558"}],"wp:featuredmedia":[{"embeddable":true,"href":"https:\/\/radiorevelacionfm.cl\/index.php?rest_route=\/wp\/v2\/media\/23559"}],"wp:attachment":[{"href":"https:\/\/radiorevelacionfm.cl\/index.php?rest_route=%2Fwp%2Fv2%2Fmedia&parent=23544"}],"wp:term":[{"taxonomy":"category","embeddable":true,"href":"https:\/\/radiorevelacionfm.cl\/index.php?rest_route=%2Fwp%2Fv2%2Fcategories&post=23544"},{"taxonomy":"post_tag","embeddable":true,"href":"https:\/\/radiorevelacionfm.cl\/index.php?rest_route=%2Fwp%2Fv2%2Ftags&post=23544"}],"curies":[{"name":"wp","href":"https:\/\/api.w.org\/{rel}","templated":true}]}}