{"id":23534,"date":"2022-10-26T13:00:32","date_gmt":"2022-10-26T16:00:32","guid":{"rendered":"https:\/\/radiorevelacionfm.cl\/?p=23534"},"modified":"2022-10-26T13:02:51","modified_gmt":"2022-10-26T16:02:51","slug":"declaran-alerta-temprana-preventiva-por-lluvias-y-vientos-intensos-que-afectaran-a-la-region-aysen","status":"publish","type":"post","link":"https:\/\/radiorevelacionfm.cl\/?p=23534","title":{"rendered":"Declaran Alerta Temprana Preventiva por lluvias y vientos intensos que afectar\u00e1n a la Regi\u00f3n Ays\u00e9n"},"content":{"rendered":"<div class=\"flex_column av_one_full  flex_column_div av-zero-column-padding first  avia-builder-el-0  el_before_av_one_full  avia-builder-el-first  \" style='border-radius:0px; '><div  class='avia-image-container  av-styling-    avia-builder-el-1  avia-builder-el-no-sibling  avia-align-center '  itemprop=\"image\" itemscope=\"itemscope\" itemtype=\"https:\/\/schema.org\/ImageObject\"  ><div class='avia-image-container-inner'><div class='avia-image-overlay-wrap'><img decoding=\"async\" class='wp-image-23535 avia-img-lazy-loading-not-23535 avia_image' src=\"https:\/\/radiorevelacionfm.cl\/wp-content\/uploads\/2022\/10\/lluvia-intensa-1_optimized.jpeg\" alt='' title='lluvia-intensa-(1)_optimized' height=\"600\" width=\"853\"  itemprop=\"thumbnailUrl\" srcset=\"https:\/\/radiorevelacionfm.cl\/wp-content\/uploads\/2022\/10\/lluvia-intensa-1_optimized.jpeg 853w, https:\/\/radiorevelacionfm.cl\/wp-content\/uploads\/2022\/10\/lluvia-intensa-1_optimized-300x211.jpeg 300w, https:\/\/radiorevelacionfm.cl\/wp-content\/uploads\/2022\/10\/lluvia-intensa-1_optimized-768x540.jpeg 768w, https:\/\/radiorevelacionfm.cl\/wp-content\/uploads\/2022\/10\/lluvia-intensa-1_optimized-705x496.jpeg 705w, https:\/\/radiorevelacionfm.cl\/wp-content\/uploads\/2022\/10\/lluvia-intensa-1_optimized-600x422.jpeg 600w\" sizes=\"(max-width: 853px) 100vw, 853px\" \/><\/div><\/div><\/div><\/div><div class=\"flex_column av_one_full  flex_column_div av-zero-column-padding first  avia-builder-el-2  el_after_av_one_full  el_before_av_one_full  column-top-margin\" style='border-radius:0px; '><section class=\"av_textblock_section \"  itemscope=\"itemscope\" itemtype=\"https:\/\/schema.org\/BlogPosting\" itemprop=\"blogPost\" ><div class='avia_textblock  '   itemprop=\"text\" ><p style=\"text-align: center;\"><strong><span style=\"font-size: 18pt;\">Declaran Alerta Temprana Preventiva por lluvias y vientos intensos que afectar\u00e1n a la Regi\u00f3n Ays\u00e9n<\/span><\/strong><\/p>\n<div id=\"gtx-trans\" style=\"position: absolute; left: -50px; top: 4.31534px;\">\n<div class=\"gtx-trans-icon\"><\/div>\n<\/div>\n<\/div><\/section><\/div><\/p>\n<div class=\"flex_column av_one_full  flex_column_div av-zero-column-padding first  avia-builder-el-4  el_after_av_one_full  el_before_av_hr  column-top-margin\" style='border-radius:0px; '><section class=\"av_textblock_section \"  itemscope=\"itemscope\" itemtype=\"https:\/\/schema.org\/BlogPosting\" itemprop=\"blogPost\" ><div class='avia_textblock  '   itemprop=\"text\" ><p style=\"font-weight: 400; text-align: justify;\">De acuerdo con la informaci\u00f3n proporcionada por la Direcci\u00f3n Meteorol\u00f3gica de Chile a trav\u00e9s de su Aviso Meteorol\u00f3gica\u00a0<strong>CNA<\/strong>\u00a0<strong>A393\/2022<\/strong>,\u00a0emitido el d\u00eda de hoy mi\u00e9rcoles 26 de octubre 2022,\u00a0el cual indica\u00a0<strong>Precipitaciones normales a moderadas en zonas de la Regi\u00f3n de Ays\u00e9n<\/strong>, desde la madrugada del jueves 27 hasta la ma\u00f1ana del viernes 28 de octubre del 2022 en la zona litoral interior norte y cordillera austral norte. Debido a condici\u00f3n sin\u00f3ptica sistema frontal fr\u00edo.<\/p>\n<p style=\"font-weight: 400; text-align: justify;\">Por otra parte, al Aviso Meteorol\u00f3gico\u00a0<strong>CNA A390\/2022\u00a0<\/strong>de la Direcci\u00f3n Meteorol\u00f3gica de Chile, emitido el d\u00eda lunes 24 de octubre del 2022, en el que se indica\u00a0<strong>viento normal a moderado<\/strong>, desde la madrugada del jueves 27 de octubre de 2022 hasta la ma\u00f1ana del jueves 27 de octubre y que afectar\u00e1 a la Regi\u00f3n de Ays\u00e9n en la zona patagonia subandina norte. Debido a condici\u00f3n sin\u00f3ptica sistema frontal estacionario.<\/p>\n<p style=\"font-weight: 400; text-align: justify;\">En consideraci\u00f3n a estos antecedentes meteorol\u00f3gicos y la existencia de factores propicios para deshielos en pre-cordillera y cordillera subandina, como tambi\u00e9n la ocurrencia de aumento de caudales en r\u00edos y arroyos. Los cuales podr\u00edan ocasionar interrupciones de conectividad, inundaciones y alteraciones de servicios b\u00e1sicos, la\u00a0<strong>Direcci\u00f3n Regional de ONEMI Ays\u00e9n<\/strong>\u00a0<strong>declara<\/strong>\u00a0<strong>Alerta Verde Temprana Preventiva<\/strong>\u00a0para la regi\u00f3n\u00a0por Evento Meteorol\u00f3gico, vigente a contar de hoy y hasta que las condiciones meteorol\u00f3gicas as\u00ed lo ameriten.<\/p>\n<p style=\"font-weight: 400; text-align: justify;\">En relaci\u00f3n a las <strong>precipitaciones<\/strong>\u00a0se debe tener especial resguardo, por acumulaci\u00f3n de agua en sectores bajos, posibles aumentos de caudal de los cursos de agua con potencial desborde, por lo que se deber\u00e1 monitorear estado de r\u00edos y caminos. Adem\u00e1s, se deber\u00e1 mantener monitoreo de los cursos de agua y quebradas que se pudieran activar o generar arrastre de sedimento con las precipitaciones.<\/p>\n<p style=\"font-weight: 400; text-align: justify;\">En atenci\u00f3n a la condici\u00f3n de\u00a0<strong>viento<\/strong>, se deber\u00e1 poner atenci\u00f3n, ya que se podr\u00eda generar afectaci\u00f3n por voladuras de techumbres, alteraci\u00f3n de conectividad, interrupci\u00f3n de suministro el\u00e9ctrico y telef\u00f3nico por ca\u00eddas de \u00e1rboles o parte de sus ramas en tendido el\u00e9ctrico, tanto en sectores rurales como urbanos, adem\u00e1s se podr\u00eda afectar muros y cierres de sitios en construcci\u00f3n. Se recomienda a la poblaci\u00f3n asegurar techumbre de las viviendas, realizar poda de \u00e1rboles y ramas y asegurar objetos colgantes que pudieran desprenderse por acci\u00f3n del viento, generando situaciones de emergencia.<\/p>\n<\/div><\/section><\/div>\n<div  style='height:50px' class='hr hr-invisible   avia-builder-el-6  el_after_av_one_full  el_before_av_social_share '><span class='hr-inner ' ><span class='hr-inner-style'><\/span><\/span><\/div>\n<div  class='av-social-sharing-box  avia-builder-el-7  el_after_av_hr  el_before_av_hr  '><div class='av-share-box'><h5 class='av-share-link-description av-no-toc '>Compartir esta noticia<\/h5><ul class='av-share-box-list noLightbox'><li class='av-share-link av-social-link-facebook' ><a target=\"_blank\" aria-label=\"Compartir en Facebook\" href='https:\/\/www.facebook.com\/sharer.php?u=https:\/\/radiorevelacionfm.cl\/?p=23534&#038;t=Declaran%20Alerta%20Temprana%20Preventiva%20por%20lluvias%20y%20vientos%20intensos%20que%20afectar%C3%A1n%20a%20la%20Regi%C3%B3n%20Ays%C3%A9n' aria-hidden='false' data-av_icon='\ue8f3' data-av_iconfont='entypo-fontello' title='' data-avia-related-tooltip='Compartir en Facebook' rel=\"noopener\"><span class='avia_hidden_link_text'>Compartir en Facebook<\/span><\/a><\/li><li class='av-share-link av-social-link-twitter' ><a target=\"_blank\" aria-label=\"Compartir en Twitter\" href='https:\/\/twitter.com\/share?text=Declaran%20Alerta%20Temprana%20Preventiva%20por%20lluvias%20y%20vientos%20intensos%20que%20afectar%C3%A1n%20a%20la%20Regi%C3%B3n%20Ays%C3%A9n&#038;url=https:\/\/radiorevelacionfm.cl\/?p=23534' aria-hidden='false' data-av_icon='\ue8f1' data-av_iconfont='entypo-fontello' title='' data-avia-related-tooltip='Compartir en Twitter' rel=\"noopener\"><span class='avia_hidden_link_text'>Compartir en Twitter<\/span><\/a><\/li><li class='av-share-link av-social-link-whatsapp' ><a target=\"_blank\" aria-label=\"Compartir en Whatsapp\" href='https:\/\/api.whatsapp.com\/send?text=https:\/\/radiorevelacionfm.cl\/?p=23534' aria-hidden='false' data-av_icon='\uf232' data-av_iconfont='entypo-fontello' title='' data-avia-related-tooltip='Compartir en Whatsapp' rel=\"noopener\"><span class='avia_hidden_link_text'>Compartir en Whatsapp<\/span><\/a><\/li><li class='av-share-link av-social-link-linkedin' ><a target=\"_blank\" aria-label=\"Compartir en LinkedIn\" href='https:\/\/linkedin.com\/shareArticle?mini=true&#038;title=Declaran%20Alerta%20Temprana%20Preventiva%20por%20lluvias%20y%20vientos%20intensos%20que%20afectar%C3%A1n%20a%20la%20Regi%C3%B3n%20Ays%C3%A9n&#038;url=https:\/\/radiorevelacionfm.cl\/?p=23534' aria-hidden='false' data-av_icon='\ue8fc' data-av_iconfont='entypo-fontello' title='' data-avia-related-tooltip='Compartir en LinkedIn' rel=\"noopener\"><span class='avia_hidden_link_text'>Compartir en LinkedIn<\/span><\/a><\/li><li class='av-share-link av-social-link-mail' ><a  aria-label=\"Compartir por correo\" href='mailto:?subject=Declaran%20Alerta%20Temprana%20Preventiva%20por%20lluvias%20y%20vientos%20intensos%20que%20afectar%C3%A1n%20a%20la%20Regi%C3%B3n%20Ays%C3%A9n&#038;body=https:\/\/radiorevelacionfm.cl\/?p=23534' aria-hidden='false' data-av_icon='\ue805' data-av_iconfont='entypo-fontello' title='' data-avia-related-tooltip='Compartir por correo'><span class='avia_hidden_link_text'>Compartir por correo<\/span><\/a><\/li><\/ul><\/div><\/div>\n<div  style='height:50px' class='hr hr-invisible   avia-builder-el-8  el_after_av_social_share  el_before_av_comments_list '><span class='hr-inner ' ><span class='hr-inner-style'><\/span><\/span><\/div>\n<div  class='av-buildercomment  av-blog-meta-html-info-disabled av-blog-meta-tag-disabled  '><\/div>\n","protected":false},"excerpt":{"rendered":"","protected":false},"author":1,"featured_media":23535,"comment_status":"open","ping_status":"open","sticky":false,"template":"","format":"standard","meta":{"footnotes":""},"categories":[38],"tags":[],"class_list":["post-23534","post","type-post","status-publish","format-standard","has-post-thumbnail","hentry","category-regional"],"jetpack_featured_media_url":"https:\/\/radiorevelacionfm.cl\/wp-content\/uploads\/2022\/10\/lluvia-intensa-1_optimized.jpeg","_links":{"self":[{"href":"https:\/\/radiorevelacionfm.cl\/index.php?rest_route=\/wp\/v2\/posts\/23534","targetHints":{"allow":["GET"]}}],"collection":[{"href":"https:\/\/radiorevelacionfm.cl\/index.php?rest_route=\/wp\/v2\/posts"}],"about":[{"href":"https:\/\/radiorevelacionfm.cl\/index.php?rest_route=\/wp\/v2\/types\/post"}],"author":[{"embeddable":true,"href":"https:\/\/radiorevelacionfm.cl\/index.php?rest_route=\/wp\/v2\/users\/1"}],"replies":[{"embeddable":true,"href":"https:\/\/radiorevelacionfm.cl\/index.php?rest_route=%2Fwp%2Fv2%2Fcomments&post=23534"}],"version-history":[{"count":3,"href":"https:\/\/radiorevelacionfm.cl\/index.php?rest_route=\/wp\/v2\/posts\/23534\/revisions"}],"predecessor-version":[{"id":23537,"href":"https:\/\/radiorevelacionfm.cl\/index.php?rest_route=\/wp\/v2\/posts\/23534\/revisions\/23537"}],"wp:featuredmedia":[{"embeddable":true,"href":"https:\/\/radiorevelacionfm.cl\/index.php?rest_route=\/wp\/v2\/media\/23535"}],"wp:attachment":[{"href":"https:\/\/radiorevelacionfm.cl\/index.php?rest_route=%2Fwp%2Fv2%2Fmedia&parent=23534"}],"wp:term":[{"taxonomy":"category","embeddable":true,"href":"https:\/\/radiorevelacionfm.cl\/index.php?rest_route=%2Fwp%2Fv2%2Fcategories&post=23534"},{"taxonomy":"post_tag","embeddable":true,"href":"https:\/\/radiorevelacionfm.cl\/index.php?rest_route=%2Fwp%2Fv2%2Ftags&post=23534"}],"curies":[{"name":"wp","href":"https:\/\/api.w.org\/{rel}","templated":true}]}}