{"id":23531,"date":"2022-10-26T12:28:49","date_gmt":"2022-10-26T15:28:49","guid":{"rendered":"https:\/\/radiorevelacionfm.cl\/?p=23531"},"modified":"2022-10-26T12:28:49","modified_gmt":"2022-10-26T15:28:49","slug":"corte-de-coyhaique-deja-sin-efecto-modificacion-de-cuota-de-extraccion-de-erizos","status":"publish","type":"post","link":"https:\/\/radiorevelacionfm.cl\/?p=23531","title":{"rendered":"Corte de Coyhaique deja sin efecto modificaci\u00f3n de cuota de extracci\u00f3n de erizos"},"content":{"rendered":"<div class=\"flex_column av_one_full  flex_column_div av-zero-column-padding first  avia-builder-el-0  el_before_av_one_full  avia-builder-el-first  \" style='border-radius:0px; '><div  class='avia-image-container  av-styling-    avia-builder-el-1  avia-builder-el-no-sibling  avia-align-center '  itemprop=\"image\" itemscope=\"itemscope\" itemtype=\"https:\/\/schema.org\/ImageObject\"  ><div class='avia-image-container-inner'><div class='avia-image-overlay-wrap'><img decoding=\"async\" class='wp-image-20622 avia-img-lazy-loading-not-20622 avia_image' src=\"https:\/\/radiorevelacionfm.cl\/wp-content\/uploads\/2022\/08\/erizos_XI-1-1.jpg\" alt='' title='erizos_XI (1) (1)' height=\"600\" width=\"805\"  itemprop=\"thumbnailUrl\" srcset=\"https:\/\/radiorevelacionfm.cl\/wp-content\/uploads\/2022\/08\/erizos_XI-1-1.jpg 805w, https:\/\/radiorevelacionfm.cl\/wp-content\/uploads\/2022\/08\/erizos_XI-1-1-300x224.jpg 300w, https:\/\/radiorevelacionfm.cl\/wp-content\/uploads\/2022\/08\/erizos_XI-1-1-768x572.jpg 768w, https:\/\/radiorevelacionfm.cl\/wp-content\/uploads\/2022\/08\/erizos_XI-1-1-705x525.jpg 705w, https:\/\/radiorevelacionfm.cl\/wp-content\/uploads\/2022\/08\/erizos_XI-1-1-600x447.jpg 600w\" sizes=\"(max-width: 805px) 100vw, 805px\" \/><\/div><\/div><\/div><\/div><div class=\"flex_column av_one_full  flex_column_div av-zero-column-padding first  avia-builder-el-2  el_after_av_one_full  el_before_av_one_full  column-top-margin\" style='border-radius:0px; '><section class=\"av_textblock_section \"  itemscope=\"itemscope\" itemtype=\"https:\/\/schema.org\/BlogPosting\" itemprop=\"blogPost\" ><div class='avia_textblock  '   itemprop=\"text\" ><p style=\"text-align: center;\"><span style=\"font-size: 18pt;\"><strong>Corte de Coyhaique deja sin efecto modificaci\u00f3n de cuota de extracci\u00f3n de erizos<\/strong><\/span><\/p>\n<div id=\"gtx-trans\" style=\"position: absolute; left: -50px; top: 4.31534px;\">\n<div class=\"gtx-trans-icon\"><\/div>\n<\/div>\n<\/div><\/section><\/div><div class=\"flex_column av_one_full  flex_column_div av-zero-column-padding first  avia-builder-el-4  el_after_av_one_full  el_before_av_hr  column-top-margin\" style='border-radius:0px; '><section class=\"av_textblock_section \"  itemscope=\"itemscope\" itemtype=\"https:\/\/schema.org\/BlogPosting\" itemprop=\"blogPost\" ><div class='avia_textblock  '   itemprop=\"text\" ><p class=\"v1MsoNormal\" style=\"text-align: justify;\">La Corte de Apelaciones de Coyhaique acogi\u00f3 el recurso de protecci\u00f3n y orden\u00f3 dejar sin efecto la resoluci\u00f3n, dictada por la Subsecretar\u00eda de Pesca y Acuicultura, que estableci\u00f3 una cuota adicional de 300 toneladas de extracci\u00f3n de erizos (loxechinus albus) en la Regi\u00f3n de Ays\u00e9n, con destino a la Regi\u00f3n de Los Lagos.<\/p>\n<p class=\"v1MsoNormal\" style=\"text-align: justify;\">En fallo un\u00e1nime (causa rol 1.176-2022), la Primera Sala del tribunal de alzada \u2013integrada por los ministros Pedro Castro Espinoza, Natalia Rencoret Oliva y el fiscal judicial Gerardo Rojas Donat\u2013 estableci\u00f3 el actuar arbitrario de la recurrida al alterar una resoluci\u00f3n previa, afectando el derecho constitucional de propiedad.<\/p>\n<p class=\"v1MsoNormal\" style=\"text-align: justify;\">\u00abLos recurrentes y todos pescadores artesanales de esta XI Regi\u00f3n, con motivo de la dictaci\u00f3n de la Resoluci\u00f3n Exenta N\u00b0 0675 de fecha 28 de Marzo del 2022 de la Subsecretar\u00eda de Pesca y Acuicultura, adquirieron un derecho constitucional de propiedad consagrado en el art\u00edculo 19 N\u00b0 24 de la Constituci\u00f3n Pol\u00edtica de la Rep\u00fablica respecto de la cuota asignada en beneficio de ellos del recurso erizo el que debe respetarse conforme a los principios de buena fe, seguridad jur\u00eddica y desde luego por la equidad, habiendo nacido en todos ellos la confianza leg\u00edtima de que la autoridad le habr\u00eda reconocido y declarado sus derechos, y ello desde luego limitaba la facultad de revisi\u00f3n por el \u00f3rgano administrativo y m\u00e1s a\u00fan si de autos aparece que la Resoluci\u00f3n Exenta N\u00b0 1557 del 2 de Agosto de 2022, modificatoria, fue dictada no en t\u00e9rminos t\u00e9cnicos precisos sino m\u00e1s bien por las movilizaciones de los pescadores artesanales de la ciudad de Quell\u00f3n, Regi\u00f3n de Los Lagos con fecha 2 de Agosto del presente a\u00f1o, por la que solicitaban un aumento de su cuota de la extracci\u00f3n del recurso erizo que ya se encontraba fijada por la autoridad\u00bb, sostiene el fallo.<\/p>\n<p class=\"v1MsoNormal\" style=\"text-align: justify;\">La resoluci\u00f3n agrega: \u00abQue por otra parte, la autoridad administrativa al evacuar el informe solicitado, se\u00f1ala que en las modificaciones a la distribuci\u00f3n ejecutada anteriormente, reasignando 300 toneladas desde la Regi\u00f3n de Ays\u00e9n a la Regi\u00f3n de Los Lagos del recurso erizo, no era necesario realizar consultas a diversos organismos, pero en nada se refiere a la vulneraci\u00f3n que con la Resoluci\u00f3n Exenta N\u00b0 1557 del 2022, se estaba haciendo a los recurrentes con la revocaci\u00f3n de un acto administrativo favorable a ellos y m\u00e1s a\u00fan declarativo de derechos constitucionales como se dijo en el considerando anterior\u00bb.<\/p>\n<p class=\"v1MsoNormal\" style=\"text-align: justify;\">Para el tribunal de alzada, en la especie: \u00ab(&#8230;) \u00fatil es tambi\u00e9n se\u00f1alar que en la resoluci\u00f3n cuestionada se omiti\u00f3 la consulta al Comit\u00e9 de Manejo de las Pesqueras Bet\u00f3nicas de la Regi\u00f3n de Ays\u00e9n, Comit\u00e9 de manejo de los Recursos Bent\u00f3nicos de la Bah\u00eda de Ancud, Consejo Zonal de Pesca de la Regi\u00f3n de Los Lagos, consulta que si se efectu\u00f3 para la dictaci\u00f3n de la Resoluci\u00f3n Exenta N\u00b0 675 del 28 de Marzo del 2022 de la Subsecretar\u00eda de Pesca, todo lo que tambi\u00e9n amerita estimar como arbitraria la medida adoptada por la parte recurrida, m\u00e1xime a\u00fan, si el art\u00edculo 48 A letra c) de la Ley General de Pesca y Acuicultura no distingue \u2013como lo pretende la parte recurrida\u2013 entre distribuci\u00f3n de cuotas y reasignaci\u00f3n, y m\u00e1s a\u00fan cuando pretende justificar la reasignaci\u00f3n como m\u00ednima, afirmaci\u00f3n con la que queda establecido que efectivamente se le produce un perjuicio a los recurrentes \u2013pescadores artesanales de esta XI Regi\u00f3n\u2013 y que para ellos desde luego, dicho perjuicio no lo estiman en la extensi\u00f3n menor que se\u00f1ala el recurrido, muy por el contrario y es por ello que recurren a los Tribunales de Justicia\u00bb.<\/p>\n<p class=\"v1MsoNormal\" style=\"text-align: justify;\">Por tanto, se resuelve que:\u00a0\u00ab<b>SE ACOGE<\/b>\u00a0el Recurso de Protecci\u00f3n deducido por los recurrentes y desde luego se deja sin efecto la Resoluci\u00f3n Exenta N\u00b0 1557 de fecha 2 de Agosto del 2022 de la Subsecretar\u00eda de Pesca y Acuicultura, por medio de la cual se modific\u00f3 la Resoluci\u00f3n Exenta N\u00b0 657 del 2022 de la misma Subsecretar\u00eda, con costas\u00bb.<\/p>\n<p class=\"v1MsoNormal\" style=\"text-align: justify;\"><b>\u00a0<\/b><\/p>\n<\/div><\/section><\/div><div  style='height:50px' class='hr hr-invisible   avia-builder-el-6  el_after_av_one_full  el_before_av_social_share '><span class='hr-inner ' ><span class='hr-inner-style'><\/span><\/span><\/div><\/p>\n<div  class='av-social-sharing-box  avia-builder-el-7  el_after_av_hr  el_before_av_hr  '><div class='av-share-box'><h5 class='av-share-link-description av-no-toc '>Compartir esta noticia<\/h5><ul class='av-share-box-list noLightbox'><li class='av-share-link av-social-link-facebook' ><a target=\"_blank\" aria-label=\"Compartir en Facebook\" href='https:\/\/www.facebook.com\/sharer.php?u=https:\/\/radiorevelacionfm.cl\/?p=23531&#038;t=Corte%20de%20Coyhaique%20deja%20sin%20efecto%20modificaci%C3%B3n%20de%20cuota%20de%20extracci%C3%B3n%20de%20erizos' aria-hidden='false' data-av_icon='\ue8f3' data-av_iconfont='entypo-fontello' title='' data-avia-related-tooltip='Compartir en Facebook' rel=\"noopener\"><span class='avia_hidden_link_text'>Compartir en Facebook<\/span><\/a><\/li><li class='av-share-link av-social-link-twitter' ><a target=\"_blank\" aria-label=\"Compartir en Twitter\" href='https:\/\/twitter.com\/share?text=Corte%20de%20Coyhaique%20deja%20sin%20efecto%20modificaci%C3%B3n%20de%20cuota%20de%20extracci%C3%B3n%20de%20erizos&#038;url=https:\/\/radiorevelacionfm.cl\/?p=23531' aria-hidden='false' data-av_icon='\ue8f1' data-av_iconfont='entypo-fontello' title='' data-avia-related-tooltip='Compartir en Twitter' rel=\"noopener\"><span class='avia_hidden_link_text'>Compartir en Twitter<\/span><\/a><\/li><li class='av-share-link av-social-link-whatsapp' ><a target=\"_blank\" aria-label=\"Compartir en Whatsapp\" href='https:\/\/api.whatsapp.com\/send?text=https:\/\/radiorevelacionfm.cl\/?p=23531' aria-hidden='false' data-av_icon='\uf232' data-av_iconfont='entypo-fontello' title='' data-avia-related-tooltip='Compartir en Whatsapp' rel=\"noopener\"><span class='avia_hidden_link_text'>Compartir en Whatsapp<\/span><\/a><\/li><li class='av-share-link av-social-link-linkedin' ><a target=\"_blank\" aria-label=\"Compartir en LinkedIn\" href='https:\/\/linkedin.com\/shareArticle?mini=true&#038;title=Corte%20de%20Coyhaique%20deja%20sin%20efecto%20modificaci%C3%B3n%20de%20cuota%20de%20extracci%C3%B3n%20de%20erizos&#038;url=https:\/\/radiorevelacionfm.cl\/?p=23531' aria-hidden='false' data-av_icon='\ue8fc' data-av_iconfont='entypo-fontello' title='' data-avia-related-tooltip='Compartir en LinkedIn' rel=\"noopener\"><span class='avia_hidden_link_text'>Compartir en LinkedIn<\/span><\/a><\/li><li class='av-share-link av-social-link-mail' ><a  aria-label=\"Compartir por correo\" href='mailto:?subject=Corte%20de%20Coyhaique%20deja%20sin%20efecto%20modificaci%C3%B3n%20de%20cuota%20de%20extracci%C3%B3n%20de%20erizos&#038;body=https:\/\/radiorevelacionfm.cl\/?p=23531' aria-hidden='false' data-av_icon='\ue805' data-av_iconfont='entypo-fontello' title='' data-avia-related-tooltip='Compartir por correo'><span class='avia_hidden_link_text'>Compartir por correo<\/span><\/a><\/li><\/ul><\/div><\/div>\n<div  style='height:50px' class='hr hr-invisible   avia-builder-el-8  el_after_av_social_share  el_before_av_comments_list '><span class='hr-inner ' ><span class='hr-inner-style'><\/span><\/span><\/div>\n<div  class='av-buildercomment  av-blog-meta-html-info-disabled av-blog-meta-tag-disabled  '><\/div>\n","protected":false},"excerpt":{"rendered":"","protected":false},"author":1,"featured_media":20622,"comment_status":"open","ping_status":"open","sticky":false,"template":"","format":"standard","meta":{"footnotes":""},"categories":[55],"tags":[],"class_list":["post-23531","post","type-post","status-publish","format-standard","has-post-thumbnail","hentry","category-justicia"],"jetpack_featured_media_url":"https:\/\/radiorevelacionfm.cl\/wp-content\/uploads\/2022\/08\/erizos_XI-1-1.jpg","_links":{"self":[{"href":"https:\/\/radiorevelacionfm.cl\/index.php?rest_route=\/wp\/v2\/posts\/23531","targetHints":{"allow":["GET"]}}],"collection":[{"href":"https:\/\/radiorevelacionfm.cl\/index.php?rest_route=\/wp\/v2\/posts"}],"about":[{"href":"https:\/\/radiorevelacionfm.cl\/index.php?rest_route=\/wp\/v2\/types\/post"}],"author":[{"embeddable":true,"href":"https:\/\/radiorevelacionfm.cl\/index.php?rest_route=\/wp\/v2\/users\/1"}],"replies":[{"embeddable":true,"href":"https:\/\/radiorevelacionfm.cl\/index.php?rest_route=%2Fwp%2Fv2%2Fcomments&post=23531"}],"version-history":[{"count":2,"href":"https:\/\/radiorevelacionfm.cl\/index.php?rest_route=\/wp\/v2\/posts\/23531\/revisions"}],"predecessor-version":[{"id":23533,"href":"https:\/\/radiorevelacionfm.cl\/index.php?rest_route=\/wp\/v2\/posts\/23531\/revisions\/23533"}],"wp:featuredmedia":[{"embeddable":true,"href":"https:\/\/radiorevelacionfm.cl\/index.php?rest_route=\/wp\/v2\/media\/20622"}],"wp:attachment":[{"href":"https:\/\/radiorevelacionfm.cl\/index.php?rest_route=%2Fwp%2Fv2%2Fmedia&parent=23531"}],"wp:term":[{"taxonomy":"category","embeddable":true,"href":"https:\/\/radiorevelacionfm.cl\/index.php?rest_route=%2Fwp%2Fv2%2Fcategories&post=23531"},{"taxonomy":"post_tag","embeddable":true,"href":"https:\/\/radiorevelacionfm.cl\/index.php?rest_route=%2Fwp%2Fv2%2Ftags&post=23531"}],"curies":[{"name":"wp","href":"https:\/\/api.w.org\/{rel}","templated":true}]}}