{"id":23527,"date":"2022-10-26T10:51:55","date_gmt":"2022-10-26T13:51:55","guid":{"rendered":"https:\/\/radiorevelacionfm.cl\/?p=23527"},"modified":"2022-10-26T10:51:55","modified_gmt":"2022-10-26T13:51:55","slug":"conaf-aysen-promueve-valor-de-parques-nacionales-en-la-lucha-contra-el-cambio-climatico","status":"publish","type":"post","link":"https:\/\/radiorevelacionfm.cl\/?p=23527","title":{"rendered":"Conaf Ays\u00e9n promueve valor de parques nacionales en la lucha contra el cambio clim\u00e1tico"},"content":{"rendered":"<div class=\"flex_column av_one_full  flex_column_div av-zero-column-padding first  avia-builder-el-0  el_before_av_one_full  avia-builder-el-first  \" style='border-radius:0px; '><div  class='avia-image-container  av-styling-    avia-builder-el-1  avia-builder-el-no-sibling  avia-align-center '  itemprop=\"image\" itemscope=\"itemscope\" itemtype=\"https:\/\/schema.org\/ImageObject\"  ><div class='avia-image-container-inner'><div class='avia-image-overlay-wrap'><img decoding=\"async\" class='wp-image-23528 avia-img-lazy-loading-not-23528 avia_image' src=\"https:\/\/radiorevelacionfm.cl\/wp-content\/uploads\/2022\/10\/52454203850_ed06e9ea52_c-1-1.jpg\" alt='' title='52454203850_ed06e9ea52_c (1) (1)' height=\"600\" width=\"901\"  itemprop=\"thumbnailUrl\" srcset=\"https:\/\/radiorevelacionfm.cl\/wp-content\/uploads\/2022\/10\/52454203850_ed06e9ea52_c-1-1.jpg 901w, https:\/\/radiorevelacionfm.cl\/wp-content\/uploads\/2022\/10\/52454203850_ed06e9ea52_c-1-1-300x200.jpg 300w, https:\/\/radiorevelacionfm.cl\/wp-content\/uploads\/2022\/10\/52454203850_ed06e9ea52_c-1-1-768x511.jpg 768w, https:\/\/radiorevelacionfm.cl\/wp-content\/uploads\/2022\/10\/52454203850_ed06e9ea52_c-1-1-705x469.jpg 705w, https:\/\/radiorevelacionfm.cl\/wp-content\/uploads\/2022\/10\/52454203850_ed06e9ea52_c-1-1-600x400.jpg 600w\" sizes=\"(max-width: 901px) 100vw, 901px\" \/><\/div><\/div><\/div><\/div><div class=\"flex_column av_one_full  flex_column_div av-zero-column-padding first  avia-builder-el-2  el_after_av_one_full  el_before_av_one_full  column-top-margin\" style='border-radius:0px; '><section class=\"av_textblock_section \"  itemscope=\"itemscope\" itemtype=\"https:\/\/schema.org\/BlogPosting\" itemprop=\"blogPost\" ><div class='avia_textblock  '   itemprop=\"text\" ><p style=\"text-align: center;\"><strong><span style=\"font-size: 18pt;\">Conaf Ays\u00e9n promueve valor de parques nacionales en la lucha contra el cambio clim\u00e1tico<\/span><\/strong><\/p>\n<div id=\"gtx-trans\" style=\"position: absolute; left: -50px; top: 4.31534px;\">\n<div class=\"gtx-trans-icon\"><\/div>\n<\/div>\n<\/div><\/section><\/div><div class=\"flex_column av_one_full  flex_column_div av-zero-column-padding first  avia-builder-el-4  el_after_av_one_full  el_before_av_hr  column-top-margin\" style='border-radius:0px; '><section class=\"av_textblock_section \"  itemscope=\"itemscope\" itemtype=\"https:\/\/schema.org\/BlogPosting\" itemprop=\"blogPost\" ><div class='avia_textblock  '   itemprop=\"text\" ><p style=\"text-align: justify;\">El comprender el valor que tienen las \u00e1reas protegidas del Estado en la conservaci\u00f3n y resguardo del patrimonio natural y cultural que en ellas existe, y la importancia que cumplen en la regulaci\u00f3n del clima, fue el objetivo central de la actividad realizada por la Corporaci\u00f3n nacional Forestal (CONAF) Regi\u00f3n de Ays\u00e9n en el Parque Nacional Laguna San Rafael, con estudiantes de localidades cercanas a esta unidad.<\/p>\n<p style=\"text-align: justify;\">La acci\u00f3n se enmarc\u00f3 en la conmemoraci\u00f3n del D\u00eda Internacional Contra el Cambio Clim\u00e1tico, el 24 de octubre, y que tiene como objetivo alertar a la comunidad mundial acerca de los efectos nocivos y devastadores del cambio clim\u00e1tico en el planeta.<\/p>\n<p style=\"text-align: justify;\">En la actividad participaron alumnas y alumnos de 5\u00b0 a 8\u00b0 b\u00e1sico de las escuelas Gabriela Mistral, de Puerto Tranquilo; Carretera Austral, de Bah\u00eda Murta; y Mar\u00eda Antonieta Parra Monsalve, de Puerto S\u00e1nchez, quienes guiados por las y los guardaparques recorrieron el sendero Glaciar Exploradores, finalizando en la plataforma de observaci\u00f3n del Glaciar Exploradores. la que fue construida con el Departamento de Glaciolog\u00eda de la Direcci\u00f3n General de Aguas (DGA) del Ministerio de Obras P\u00fablica, con el fin de monitorear el glaciar.<\/p>\n<p style=\"text-align: justify;\">Uno de los aspectos que m\u00e1s resalt\u00f3 la directora regional de CONAF Ays\u00e9n, Claudia Reyes, es que \u201clas ni\u00f1as y ni\u00f1os pudieron conocer no s\u00f3lo la belleza de este hermoso parque nacional, sino que recibieron una muy linda clase de educaci\u00f3n ambiental al aire libre, entendiendo el rol que cumplen las \u00e1reas protegidas y la gran labor que cumplen nuestras y nuestros guardaparques en resguardar estas unidades donde est\u00e1 el mayor reservorio de la diversidad biol\u00f3gica del pa\u00eds\u201d<\/p>\n<p style=\"text-align: justify;\">Durante el recorrido, las y los guardaparques realizaron actividades con las y los ni\u00f1os, como observaci\u00f3n del microbosque con lupa, charlas de fauna y flora, la importancia de contar con parques nacionales y Reservas de la Biosfera, como tambi\u00e9n la relevancia de la lucha contra el cambio clim\u00e1tico y el rol que cumplen las \u00e1reas protegidas en esta acci\u00f3n.<\/p>\n<p style=\"text-align: justify;\">Cabe resaltar que esta iniciativa se inserta tambi\u00e9n en la pol\u00edtica impulsada por CONAF, a nivel nacional, de vinculaci\u00f3n comunitaria, donde un rol muy importante tienen las comunidades portales o aleda\u00f1as a estas unidades, ya que as\u00ed pueden involucrarse y entender el rol de los parques nacionales, reservas nacionales y monumentos naturales que integran el Sistema Nacional de \u00c1reas Silvestres Protegidas del Estado (SNASPE).<\/p>\n<p style=\"text-align: justify;\">Otro de los aspectos que se destac\u00f3 en esta visita fue que el Parque Nacional Laguna San Rafael es el segundo m\u00e1s grande del pa\u00eds y alberga la totalidad de Campo de Hielo Norte.<\/p>\n<\/div><\/section><\/div><div  style='height:50px' class='hr hr-invisible   avia-builder-el-6  el_after_av_one_full  el_before_av_social_share '><span class='hr-inner ' ><span class='hr-inner-style'><\/span><\/span><\/div><\/p>\n<div  class='av-social-sharing-box  avia-builder-el-7  el_after_av_hr  el_before_av_hr  '><div class='av-share-box'><h5 class='av-share-link-description av-no-toc '>Compartir esta noticia<\/h5><ul class='av-share-box-list noLightbox'><li class='av-share-link av-social-link-facebook' ><a target=\"_blank\" aria-label=\"Compartir en Facebook\" href='https:\/\/www.facebook.com\/sharer.php?u=https:\/\/radiorevelacionfm.cl\/?p=23527&#038;t=Conaf%20Ays%C3%A9n%20promueve%20valor%20de%20parques%20nacionales%20en%20la%20lucha%20contra%20el%20cambio%20clim%C3%A1tico' aria-hidden='false' data-av_icon='\ue8f3' data-av_iconfont='entypo-fontello' title='' data-avia-related-tooltip='Compartir en Facebook' rel=\"noopener\"><span class='avia_hidden_link_text'>Compartir en Facebook<\/span><\/a><\/li><li class='av-share-link av-social-link-twitter' ><a target=\"_blank\" aria-label=\"Compartir en Twitter\" href='https:\/\/twitter.com\/share?text=Conaf%20Ays%C3%A9n%20promueve%20valor%20de%20parques%20nacionales%20en%20la%20lucha%20contra%20el%20cambio%20clim%C3%A1tico&#038;url=https:\/\/radiorevelacionfm.cl\/?p=23527' aria-hidden='false' data-av_icon='\ue8f1' data-av_iconfont='entypo-fontello' title='' data-avia-related-tooltip='Compartir en Twitter' rel=\"noopener\"><span class='avia_hidden_link_text'>Compartir en Twitter<\/span><\/a><\/li><li class='av-share-link av-social-link-whatsapp' ><a target=\"_blank\" aria-label=\"Compartir en Whatsapp\" href='https:\/\/api.whatsapp.com\/send?text=https:\/\/radiorevelacionfm.cl\/?p=23527' aria-hidden='false' data-av_icon='\uf232' data-av_iconfont='entypo-fontello' title='' data-avia-related-tooltip='Compartir en Whatsapp' rel=\"noopener\"><span class='avia_hidden_link_text'>Compartir en Whatsapp<\/span><\/a><\/li><li class='av-share-link av-social-link-linkedin' ><a target=\"_blank\" aria-label=\"Compartir en LinkedIn\" href='https:\/\/linkedin.com\/shareArticle?mini=true&#038;title=Conaf%20Ays%C3%A9n%20promueve%20valor%20de%20parques%20nacionales%20en%20la%20lucha%20contra%20el%20cambio%20clim%C3%A1tico&#038;url=https:\/\/radiorevelacionfm.cl\/?p=23527' aria-hidden='false' data-av_icon='\ue8fc' data-av_iconfont='entypo-fontello' title='' data-avia-related-tooltip='Compartir en LinkedIn' rel=\"noopener\"><span class='avia_hidden_link_text'>Compartir en LinkedIn<\/span><\/a><\/li><li class='av-share-link av-social-link-mail' ><a  aria-label=\"Compartir por correo\" href='mailto:?subject=Conaf%20Ays%C3%A9n%20promueve%20valor%20de%20parques%20nacionales%20en%20la%20lucha%20contra%20el%20cambio%20clim%C3%A1tico&#038;body=https:\/\/radiorevelacionfm.cl\/?p=23527' aria-hidden='false' data-av_icon='\ue805' data-av_iconfont='entypo-fontello' title='' data-avia-related-tooltip='Compartir por correo'><span class='avia_hidden_link_text'>Compartir por correo<\/span><\/a><\/li><\/ul><\/div><\/div>\n<div  style='height:50px' class='hr hr-invisible   avia-builder-el-8  el_after_av_social_share  el_before_av_comments_list '><span class='hr-inner ' ><span class='hr-inner-style'><\/span><\/span><\/div>\n<div  class='av-buildercomment  av-blog-meta-html-info-disabled av-blog-meta-tag-disabled  '><\/div>\n","protected":false},"excerpt":{"rendered":"","protected":false},"author":1,"featured_media":23528,"comment_status":"open","ping_status":"open","sticky":false,"template":"","format":"standard","meta":{"footnotes":""},"categories":[38],"tags":[],"class_list":["post-23527","post","type-post","status-publish","format-standard","has-post-thumbnail","hentry","category-regional"],"jetpack_featured_media_url":"https:\/\/radiorevelacionfm.cl\/wp-content\/uploads\/2022\/10\/52454203850_ed06e9ea52_c-1-1.jpg","_links":{"self":[{"href":"https:\/\/radiorevelacionfm.cl\/index.php?rest_route=\/wp\/v2\/posts\/23527","targetHints":{"allow":["GET"]}}],"collection":[{"href":"https:\/\/radiorevelacionfm.cl\/index.php?rest_route=\/wp\/v2\/posts"}],"about":[{"href":"https:\/\/radiorevelacionfm.cl\/index.php?rest_route=\/wp\/v2\/types\/post"}],"author":[{"embeddable":true,"href":"https:\/\/radiorevelacionfm.cl\/index.php?rest_route=\/wp\/v2\/users\/1"}],"replies":[{"embeddable":true,"href":"https:\/\/radiorevelacionfm.cl\/index.php?rest_route=%2Fwp%2Fv2%2Fcomments&post=23527"}],"version-history":[{"count":2,"href":"https:\/\/radiorevelacionfm.cl\/index.php?rest_route=\/wp\/v2\/posts\/23527\/revisions"}],"predecessor-version":[{"id":23530,"href":"https:\/\/radiorevelacionfm.cl\/index.php?rest_route=\/wp\/v2\/posts\/23527\/revisions\/23530"}],"wp:featuredmedia":[{"embeddable":true,"href":"https:\/\/radiorevelacionfm.cl\/index.php?rest_route=\/wp\/v2\/media\/23528"}],"wp:attachment":[{"href":"https:\/\/radiorevelacionfm.cl\/index.php?rest_route=%2Fwp%2Fv2%2Fmedia&parent=23527"}],"wp:term":[{"taxonomy":"category","embeddable":true,"href":"https:\/\/radiorevelacionfm.cl\/index.php?rest_route=%2Fwp%2Fv2%2Fcategories&post=23527"},{"taxonomy":"post_tag","embeddable":true,"href":"https:\/\/radiorevelacionfm.cl\/index.php?rest_route=%2Fwp%2Fv2%2Ftags&post=23527"}],"curies":[{"name":"wp","href":"https:\/\/api.w.org\/{rel}","templated":true}]}}