{"id":23524,"date":"2022-10-26T16:57:50","date_gmt":"2022-10-26T19:57:50","guid":{"rendered":"https:\/\/radiorevelacionfm.cl\/?p=23524"},"modified":"2022-10-26T16:57:50","modified_gmt":"2022-10-26T19:57:50","slug":"sernameg-realiza-taller-de-sensibilizacion-sobre-participacion-politica-y-social-femenina-a-fundacion-prodemu","status":"publish","type":"post","link":"https:\/\/radiorevelacionfm.cl\/?p=23524","title":{"rendered":"SernamEG realiza taller de sensibilizaci\u00f3n sobre participaci\u00f3n pol\u00edtica y social femenina a Fundaci\u00f3n PRODEMU"},"content":{"rendered":"<div class=\"flex_column av_one_full  flex_column_div av-zero-column-padding first  avia-builder-el-0  el_before_av_one_full  avia-builder-el-first  \" style='border-radius:0px; '><div  class='avia-image-container  av-styling-    avia-builder-el-1  avia-builder-el-no-sibling  avia-align-center '  itemprop=\"image\" itemscope=\"itemscope\" itemtype=\"https:\/\/schema.org\/ImageObject\"  ><div class='avia-image-container-inner'><div class='avia-image-overlay-wrap'><img decoding=\"async\" class='wp-image-23525 avia-img-lazy-loading-not-23525 avia_image' src=\"https:\/\/radiorevelacionfm.cl\/wp-content\/uploads\/2022\/10\/SernamEG-AS-PRODEMU-7-1-1.jpg\" alt='' title='SernamEG AS PRODEMU (7) (1) (1)' height=\"600\" width=\"1415\"  itemprop=\"thumbnailUrl\" srcset=\"https:\/\/radiorevelacionfm.cl\/wp-content\/uploads\/2022\/10\/SernamEG-AS-PRODEMU-7-1-1.jpg 1415w, https:\/\/radiorevelacionfm.cl\/wp-content\/uploads\/2022\/10\/SernamEG-AS-PRODEMU-7-1-1-300x127.jpg 300w, https:\/\/radiorevelacionfm.cl\/wp-content\/uploads\/2022\/10\/SernamEG-AS-PRODEMU-7-1-1-1030x437.jpg 1030w, https:\/\/radiorevelacionfm.cl\/wp-content\/uploads\/2022\/10\/SernamEG-AS-PRODEMU-7-1-1-768x326.jpg 768w, https:\/\/radiorevelacionfm.cl\/wp-content\/uploads\/2022\/10\/SernamEG-AS-PRODEMU-7-1-1-705x299.jpg 705w, https:\/\/radiorevelacionfm.cl\/wp-content\/uploads\/2022\/10\/SernamEG-AS-PRODEMU-7-1-1-600x254.jpg 600w\" sizes=\"(max-width: 1415px) 100vw, 1415px\" \/><\/div><\/div><\/div><\/div><div class=\"flex_column av_one_full  flex_column_div av-zero-column-padding first  avia-builder-el-2  el_after_av_one_full  el_before_av_one_full  column-top-margin\" style='border-radius:0px; '><section class=\"av_textblock_section \"  itemscope=\"itemscope\" itemtype=\"https:\/\/schema.org\/BlogPosting\" itemprop=\"blogPost\" ><div class='avia_textblock  '   itemprop=\"text\" ><p style=\"text-align: center;\"><strong><span style=\"font-size: 18pt;\">SernamEG realiza taller de sensibilizaci\u00f3n sobre participaci\u00f3n pol\u00edtica y social femenina a Fundaci\u00f3n PRODEMU<\/span><\/strong><\/p>\n<div id=\"gtx-trans\" style=\"position: absolute; left: -50px; top: 4.31534px;\">\n<div class=\"gtx-trans-icon\"><\/div>\n<\/div>\n<\/div><\/section><\/div><div class=\"flex_column av_one_full  flex_column_div av-zero-column-padding first  avia-builder-el-4  el_after_av_one_full  el_before_av_hr  column-top-margin\" style='border-radius:0px; '><section class=\"av_textblock_section \"  itemscope=\"itemscope\" itemtype=\"https:\/\/schema.org\/BlogPosting\" itemprop=\"blogPost\" ><div class='avia_textblock  '   itemprop=\"text\" ><p style=\"font-weight: 400; text-align: justify;\">Cerca de 70 personas asistieron a una actividad de sensibilizaci\u00f3n virtual, del programa de Participaci\u00f3n Pol\u00edtica y Social del Servicio Nacional de la Mujer y la Equidad de G\u00e9nero, SernamEG, que ejecuta la ONG Centro del Desarrollo de la Mujer DOMOS. A este espacio de encuentro donde se abordan tem\u00e1ticas desde una perspectiva de g\u00e9nero, asistieron los equipos de la Fundaci\u00f3n para la Promoci\u00f3n y Desarrollo de la Mujer, PRODEMU, de las cuatro provincias de la regi\u00f3n de Ays\u00e9n.<\/p>\n<p style=\"font-weight: 400; text-align: justify;\">Respecto a los talleres que se han realizado, tanto de manera presencial como telem\u00e1tica, la Directora Regional (S) de SernamEG, Carla Arriagada Malague\u00f1o, explic\u00f3: \u201cse ha venido desarrollando un trabajo sistem\u00e1tico, que ha permitido generar intercambio de experiencias y reflexiones interesantes en Puerto Ays\u00e9n, Villa Cerro Castillo, Ma\u00f1ihuales, Puerto Ib\u00e1\u00f1ez y Coyhaique. En los talleres se ha analizado el avance que hemos experimentado las mujeres a lo largo de la historia en materia de derechos; pero tambi\u00e9n las brechas que a\u00fan persisten, as\u00ed como los nuevos desaf\u00edos por abordar. Siempre con la idea de potenciar el ejercicio de liderazgos en los espacios de toma de decisiones en las organizaciones sociales y pol\u00edticas\u201d.<\/p>\n<p style=\"font-weight: 400; text-align: justify;\">Por su parte, la Directora Ejecutiva Regional de PRODEMU, Ingrid Osorio Santana, dijo: \u201cen el marco del convenio que tenemos con SernamEG, nos interesa afianzar la sinergia que existe entre ambas instituciones, con el fin de potenciar las autonom\u00edas econ\u00f3mica, f\u00edsica y pol\u00edtica de las mujeres de la Regi\u00f3n. Por ello, cuando surge esta invitaci\u00f3n para examinar el liderazgo y las diversidades sexuales desde un enfoque de derecho, nos pareci\u00f3 pertinente como Fundaci\u00f3n convocar a otros organismos p\u00fablicos que est\u00e1n presentes en los territorios para que puedan acceder a informaci\u00f3n relevante respecto a estas tem\u00e1ticas\u201d.<\/p>\n<p style=\"font-weight: 400; text-align: justify;\">Asistieron a la actividad de sensibilizaci\u00f3n \u00abLiderazgo: Mujeres, Diversidad Sexual y G\u00e9nero\u00bb funcionarias y funcionarios de Carabineros de Chile, INDAP, Servicio de Mejor Ni\u00f1ez y municipalidades, entre otros. En la oportunidad, se realiz\u00f3 una reflexi\u00f3n\u00a0sobre la importancia de incluir el enfoque de derecho en las organizaciones sociales, pol\u00edticas y educativas. La exposici\u00f3n estuvo a cargo del profesional de la Unidad de G\u00e9nero del Ministerio de Educaci\u00f3n, MINEDUC, profesor de filosof\u00eda, mag\u00edster en g\u00e9nero y cultura, Mauricio Manquepill\u00e1n Pi\u00f1eiro.<\/p>\n<p style=\"font-weight: 400; text-align: justify;\"><strong>PR\u00d3XIMO CONVERSATORIO VIRTUAL<\/strong><\/p>\n<p style=\"font-weight: 400; text-align: justify;\">Este jueves 27 de octubre a las 15:00 horas se realizar\u00e1 un \u00faltimo conversatorio virtual, correspondiente al a\u00f1o 2022, denominado \u201cLiderazgos, Autonom\u00edas y Desaf\u00edos de la Igualdad de G\u00e9nero post \u2013 pandemia\u201d que apunta a destacar y reflexionar sobre las potencialidades y desaf\u00edos de los movimientos reivindicativos de la diversidad de g\u00e9nero en la sociedad actual. Las inscripciones est\u00e1n disponibles para las mujeres mayores de 18 a\u00f1os, de toda la regi\u00f3n de Ays\u00e9n, a trav\u00e9s del sitio web del SernamEG (<a href=\"http:\/\/www.sernameg.gob.cl\/\" data-saferedirecturl=\"https:\/\/www.google.com\/url?q=http:\/\/www.sernameg.gob.cl&amp;source=gmail&amp;ust=1666874707246000&amp;usg=AOvVaw3tt9nD0IWqnzx192w2SJTV\">www.sernameg.gob.cl<\/a>), link\u00a0<a href=\"https:\/\/app.sernam.cl\/form\/2022\/pmpp\/sensibilizacion\/\" data-saferedirecturl=\"https:\/\/www.google.com\/url?q=https:\/\/app.sernam.cl\/form\/2022\/pmpp\/sensibilizacion\/&amp;source=gmail&amp;ust=1666874707246000&amp;usg=AOvVaw2fv63vxcPr-qSwy2wuml7C\">https:\/\/app.sernam.cl\/form\/2022\/pmpp\/sensibilizacion\/<\/a><\/p>\n<p style=\"font-weight: 400; text-align: justify;\">Tres son los temas abordados en las actividades de sensibilizaci\u00f3n del programa Mujer y Participaci\u00f3n Pol\u00edtica y Social. El primero de ellos es \u201cLiderazgos y participaci\u00f3n de las mujeres en \u00e1reas no tradicionales\u201d, donde se aborda lo que sucede en espacios acad\u00e9micos y laborales vinculados a las Ciencias, Tecnolog\u00edas, Ingenier\u00edas, Matem\u00e1ticas, Miner\u00eda, entre otros.\u00a0 En \u201cLiderazgos: Mujeres, Diversidad Sexual y de G\u00e9nero\u201d se destacan las potencialidades y desaf\u00edos de los movimientos reivindicativos de la diversidad de g\u00e9nero en la sociedad actual. Finalmente, la tercera tem\u00e1tica fue \u201cRetrocesos por pandemia Covid 19 en la autonom\u00eda pol\u00edtica y social de las mujeres\u201d, da cuenta del escenario actual de las brechas, barreras e inequidades de g\u00e9nero en contexto de pandemia.<\/p>\n<\/div><\/section><\/div><div  style='height:50px' class='hr hr-invisible   avia-builder-el-6  el_after_av_one_full  el_before_av_social_share '><span class='hr-inner ' ><span class='hr-inner-style'><\/span><\/span><\/div><\/p>\n<div  class='av-social-sharing-box  avia-builder-el-7  el_after_av_hr  el_before_av_hr  '><div class='av-share-box'><h5 class='av-share-link-description av-no-toc '>Compartir esta noticia<\/h5><ul class='av-share-box-list noLightbox'><li class='av-share-link av-social-link-facebook' ><a target=\"_blank\" aria-label=\"Compartir en Facebook\" href='https:\/\/www.facebook.com\/sharer.php?u=https:\/\/radiorevelacionfm.cl\/?p=23524&#038;t=SernamEG%20realiza%20taller%20de%20sensibilizaci%C3%B3n%20sobre%20participaci%C3%B3n%20pol%C3%ADtica%20y%20social%20femenina%20a%20Fundaci%C3%B3n%20PRODEMU' aria-hidden='false' data-av_icon='\ue8f3' data-av_iconfont='entypo-fontello' title='' data-avia-related-tooltip='Compartir en Facebook' rel=\"noopener\"><span class='avia_hidden_link_text'>Compartir en Facebook<\/span><\/a><\/li><li class='av-share-link av-social-link-twitter' ><a target=\"_blank\" aria-label=\"Compartir en Twitter\" href='https:\/\/twitter.com\/share?text=SernamEG%20realiza%20taller%20de%20sensibilizaci%C3%B3n%20sobre%20participaci%C3%B3n%20pol%C3%ADtica%20y%20social%20femenina%20a%20Fundaci%C3%B3n%20PRODEMU&#038;url=https:\/\/radiorevelacionfm.cl\/?p=23524' aria-hidden='false' data-av_icon='\ue8f1' data-av_iconfont='entypo-fontello' title='' data-avia-related-tooltip='Compartir en Twitter' rel=\"noopener\"><span class='avia_hidden_link_text'>Compartir en Twitter<\/span><\/a><\/li><li class='av-share-link av-social-link-whatsapp' ><a target=\"_blank\" aria-label=\"Compartir en Whatsapp\" href='https:\/\/api.whatsapp.com\/send?text=https:\/\/radiorevelacionfm.cl\/?p=23524' aria-hidden='false' data-av_icon='\uf232' data-av_iconfont='entypo-fontello' title='' data-avia-related-tooltip='Compartir en Whatsapp' rel=\"noopener\"><span class='avia_hidden_link_text'>Compartir en Whatsapp<\/span><\/a><\/li><li class='av-share-link av-social-link-linkedin' ><a target=\"_blank\" aria-label=\"Compartir en LinkedIn\" href='https:\/\/linkedin.com\/shareArticle?mini=true&#038;title=SernamEG%20realiza%20taller%20de%20sensibilizaci%C3%B3n%20sobre%20participaci%C3%B3n%20pol%C3%ADtica%20y%20social%20femenina%20a%20Fundaci%C3%B3n%20PRODEMU&#038;url=https:\/\/radiorevelacionfm.cl\/?p=23524' aria-hidden='false' data-av_icon='\ue8fc' data-av_iconfont='entypo-fontello' title='' data-avia-related-tooltip='Compartir en LinkedIn' rel=\"noopener\"><span class='avia_hidden_link_text'>Compartir en LinkedIn<\/span><\/a><\/li><li class='av-share-link av-social-link-mail' ><a  aria-label=\"Compartir por correo\" href='mailto:?subject=SernamEG%20realiza%20taller%20de%20sensibilizaci%C3%B3n%20sobre%20participaci%C3%B3n%20pol%C3%ADtica%20y%20social%20femenina%20a%20Fundaci%C3%B3n%20PRODEMU&#038;body=https:\/\/radiorevelacionfm.cl\/?p=23524' aria-hidden='false' data-av_icon='\ue805' data-av_iconfont='entypo-fontello' title='' data-avia-related-tooltip='Compartir por correo'><span class='avia_hidden_link_text'>Compartir por correo<\/span><\/a><\/li><\/ul><\/div><\/div>\n<div  style='height:50px' class='hr hr-invisible   avia-builder-el-8  el_after_av_social_share  el_before_av_comments_list '><span class='hr-inner ' ><span class='hr-inner-style'><\/span><\/span><\/div>\n<div  class='av-buildercomment  av-blog-meta-html-info-disabled av-blog-meta-tag-disabled  '><\/div>\n","protected":false},"excerpt":{"rendered":"","protected":false},"author":1,"featured_media":23525,"comment_status":"open","ping_status":"open","sticky":false,"template":"","format":"standard","meta":{"footnotes":""},"categories":[38],"tags":[],"class_list":["post-23524","post","type-post","status-publish","format-standard","has-post-thumbnail","hentry","category-regional"],"jetpack_featured_media_url":"https:\/\/radiorevelacionfm.cl\/wp-content\/uploads\/2022\/10\/SernamEG-AS-PRODEMU-7-1-1.jpg","_links":{"self":[{"href":"https:\/\/radiorevelacionfm.cl\/index.php?rest_route=\/wp\/v2\/posts\/23524","targetHints":{"allow":["GET"]}}],"collection":[{"href":"https:\/\/radiorevelacionfm.cl\/index.php?rest_route=\/wp\/v2\/posts"}],"about":[{"href":"https:\/\/radiorevelacionfm.cl\/index.php?rest_route=\/wp\/v2\/types\/post"}],"author":[{"embeddable":true,"href":"https:\/\/radiorevelacionfm.cl\/index.php?rest_route=\/wp\/v2\/users\/1"}],"replies":[{"embeddable":true,"href":"https:\/\/radiorevelacionfm.cl\/index.php?rest_route=%2Fwp%2Fv2%2Fcomments&post=23524"}],"version-history":[{"count":2,"href":"https:\/\/radiorevelacionfm.cl\/index.php?rest_route=\/wp\/v2\/posts\/23524\/revisions"}],"predecessor-version":[{"id":23551,"href":"https:\/\/radiorevelacionfm.cl\/index.php?rest_route=\/wp\/v2\/posts\/23524\/revisions\/23551"}],"wp:featuredmedia":[{"embeddable":true,"href":"https:\/\/radiorevelacionfm.cl\/index.php?rest_route=\/wp\/v2\/media\/23525"}],"wp:attachment":[{"href":"https:\/\/radiorevelacionfm.cl\/index.php?rest_route=%2Fwp%2Fv2%2Fmedia&parent=23524"}],"wp:term":[{"taxonomy":"category","embeddable":true,"href":"https:\/\/radiorevelacionfm.cl\/index.php?rest_route=%2Fwp%2Fv2%2Fcategories&post=23524"},{"taxonomy":"post_tag","embeddable":true,"href":"https:\/\/radiorevelacionfm.cl\/index.php?rest_route=%2Fwp%2Fv2%2Ftags&post=23524"}],"curies":[{"name":"wp","href":"https:\/\/api.w.org\/{rel}","templated":true}]}}