{"id":23517,"date":"2022-10-26T18:42:52","date_gmt":"2022-10-26T21:42:52","guid":{"rendered":"https:\/\/radiorevelacionfm.cl\/?p=23517"},"modified":"2022-10-26T18:42:52","modified_gmt":"2022-10-26T21:42:52","slug":"la-adopcion-como-una-alternativa-viable-en-la-region-de-aysen","status":"publish","type":"post","link":"https:\/\/radiorevelacionfm.cl\/?p=23517","title":{"rendered":"La adopci\u00f3n como una alternativa viable en la regi\u00f3n de Ays\u00e9n"},"content":{"rendered":"<div class=\"flex_column av_one_full  flex_column_div av-zero-column-padding first  avia-builder-el-0  el_before_av_one_full  avia-builder-el-first  \" style='border-radius:0px; '><div  class='avia-image-container  av-styling-    avia-builder-el-1  avia-builder-el-no-sibling  avia-align-center '  itemprop=\"image\" itemscope=\"itemscope\" itemtype=\"https:\/\/schema.org\/ImageObject\"  ><div class='avia-image-container-inner'><div class='avia-image-overlay-wrap'><img decoding=\"async\" class='wp-image-23518 avia-img-lazy-loading-not-23518 avia_image' src=\"https:\/\/radiorevelacionfm.cl\/wp-content\/uploads\/2022\/10\/88-1_optimized.jpg\" alt='' title='88-(1)_optimized' height=\"600\" width=\"1224\"  itemprop=\"thumbnailUrl\" srcset=\"https:\/\/radiorevelacionfm.cl\/wp-content\/uploads\/2022\/10\/88-1_optimized.jpg 1224w, https:\/\/radiorevelacionfm.cl\/wp-content\/uploads\/2022\/10\/88-1_optimized-300x147.jpg 300w, https:\/\/radiorevelacionfm.cl\/wp-content\/uploads\/2022\/10\/88-1_optimized-1030x505.jpg 1030w, https:\/\/radiorevelacionfm.cl\/wp-content\/uploads\/2022\/10\/88-1_optimized-768x376.jpg 768w, https:\/\/radiorevelacionfm.cl\/wp-content\/uploads\/2022\/10\/88-1_optimized-705x346.jpg 705w, https:\/\/radiorevelacionfm.cl\/wp-content\/uploads\/2022\/10\/88-1_optimized-600x294.jpg 600w\" sizes=\"(max-width: 1224px) 100vw, 1224px\" \/><\/div><\/div><\/div><\/div><div class=\"flex_column av_one_full  flex_column_div av-zero-column-padding first  avia-builder-el-2  el_after_av_one_full  el_before_av_one_full  column-top-margin\" style='border-radius:0px; '><section class=\"av_textblock_section \"  itemscope=\"itemscope\" itemtype=\"https:\/\/schema.org\/BlogPosting\" itemprop=\"blogPost\" ><div class='avia_textblock  '   itemprop=\"text\" ><p style=\"text-align: center;\"><strong><span style=\"font-size: 18pt;\">La adopci\u00f3n como una alternativa viable en la regi\u00f3n de Ays\u00e9n<\/span><\/strong><\/p>\n<div id=\"gtx-trans\" style=\"position: absolute; left: -50px; top: 4.31534px;\">\n<div class=\"gtx-trans-icon\"><\/div>\n<\/div>\n<\/div><\/section><\/div><div class=\"flex_column av_one_full  flex_column_div av-zero-column-padding first  avia-builder-el-4  el_after_av_one_full  el_before_av_hr  column-top-margin\" style='border-radius:0px; '><section class=\"av_textblock_section \"  itemscope=\"itemscope\" itemtype=\"https:\/\/schema.org\/BlogPosting\" itemprop=\"blogPost\" ><div class='avia_textblock  '   itemprop=\"text\" ><p style=\"text-align: justify;\">Con la presencia de Viviana Petric, Jefa del Departamento de Adopci\u00f3n del nivel central de Mejor Ni\u00f1ez, junto a Erika Villalobos, profesional de mismo departamento, se llev\u00f3 a cabo en la ciudad de Coyhaique una jornada de transferencia t\u00e9cnica que se ejecut\u00f3 para representantes y profesionales de organismos relacionados con la ni\u00f1ez y la infancia tanto del Estado como de instituciones privadas y fundaciones.<\/p>\n<p style=\"text-align: justify;\">Al respecto, Viviana Petric indic\u00f3 que \u201cA un a\u00f1o desde la implementaci\u00f3n del Servicio Mejor Ni\u00f1ez, hemos realizado un acompa\u00f1amiento a las distintas unidades regionales de adopci\u00f3n y estamos muy contentos de generar estos espacios de transferencia t\u00e9cnica con la entrega de informaci\u00f3n actualizada a los equipos t\u00e9cnicos y representantes de programas sobre protecci\u00f3n a la ni\u00f1ez. Queremos relevar que la instancia de la adopci\u00f3n es una alternativa viable y real dentro de las l\u00edneas de acci\u00f3n que ejecuta Mejor Ni\u00f1ez\u201d.<\/p>\n<p style=\"text-align: justify;\">Por su parte, Sergio Becerra Director Regional del Servicio de Protecci\u00f3n Especializada a la Ni\u00f1ez y la Adolescencia se\u00f1al\u00f3 que \u201cLa adopci\u00f3n es un tema complejo, t\u00e9cnico y jur\u00eddico pero tambi\u00e9n es un tema que se debe hablar, conversar y sobre todo capacitar. Es por eso que esta jornada de transferencia t\u00e9cnica desarrollado desde la Unidad de Adopci\u00f3n de nuestro servicio es muy relevante para avanzar en esta materia, nos permite actualizarnos sobre las diversas miradas que existen sobre el tema y sobre todo nos entrega una oportunidad para generar un espacio de encuentro de los diversos organismos a nivel regional que trabajan con mujeres y sobre todo con ni\u00f1os, ni\u00f1as y adolescentes.<\/p>\n<div>\n<div>\n<p style=\"text-align: justify;\">Dentro de los temas que se abordaron en esta jornada fueron \u201cL\u00ednea de acci\u00f3n de adopci\u00f3n y sus desaf\u00edos\u201d (presentado por Viviana Petric y Erika Villalobos), \u00abEl transitar de la adopci\u00f3n en Chile y su posici\u00f3n actual en Servicio Mejor Ni\u00f1ez y el Programa de adopci\u00f3n b\u00fasqueda de or\u00edgenes y apoyo y orientaci\u00f3n a la familia de origen del ni\u00f1o\/a\u201d (desarrollado por Claudia Cruzat y Andrea Navarrete) y finalmente, el m\u00f3dulo 3 fue expuesto por la analista de la Unidad Jur\u00eddica, la abogada Andrea Antrillao y se denomin\u00f3 \u00abLa adopci\u00f3n en la legislaci\u00f3n nacional\u201d: Tramitaci\u00f3n, prueba y responsabilidades\u201d.<\/p>\n<div style=\"text-align: justify;\"><\/div>\n<div style=\"text-align: justify;\">En la actividad estuvieron presentes la Directora (S) del Servicio de Protecci\u00f3n Especializada a la Ni\u00f1ez y la Adolescencia Gabriela Opazo, profesionales de la Direcci\u00f3n Regional de Mejor ni\u00f1ez, representantes de la Seremi de Desarrollo Social y Familia, as\u00ed como tambi\u00e9n de organismos colaboradores, fundaciones, el Servicio M\u00e9dico Legal y la Polic\u00eda de Investigaciones de Chile, entre otras instituciones p\u00fablicas y privadas que trabajan con la tem\u00e1tica de infancia y adopci\u00f3n.<\/div>\n<\/div>\n<\/div>\n<\/div><\/section><\/div><div  style='height:50px' class='hr hr-invisible   avia-builder-el-6  el_after_av_one_full  el_before_av_social_share '><span class='hr-inner ' ><span class='hr-inner-style'><\/span><\/span><\/div><\/p>\n<div  class='av-social-sharing-box  avia-builder-el-7  el_after_av_hr  el_before_av_hr  '><div class='av-share-box'><h5 class='av-share-link-description av-no-toc '>Compartir esta noticia<\/h5><ul class='av-share-box-list noLightbox'><li class='av-share-link av-social-link-facebook' ><a target=\"_blank\" aria-label=\"Compartir en Facebook\" href='https:\/\/www.facebook.com\/sharer.php?u=https:\/\/radiorevelacionfm.cl\/?p=23517&#038;t=La%20adopci%C3%B3n%20como%20una%20alternativa%20viable%20en%20la%20regi%C3%B3n%20de%20Ays%C3%A9n' aria-hidden='false' data-av_icon='\ue8f3' data-av_iconfont='entypo-fontello' title='' data-avia-related-tooltip='Compartir en Facebook' rel=\"noopener\"><span class='avia_hidden_link_text'>Compartir en Facebook<\/span><\/a><\/li><li class='av-share-link av-social-link-twitter' ><a target=\"_blank\" aria-label=\"Compartir en Twitter\" href='https:\/\/twitter.com\/share?text=La%20adopci%C3%B3n%20como%20una%20alternativa%20viable%20en%20la%20regi%C3%B3n%20de%20Ays%C3%A9n&#038;url=https:\/\/radiorevelacionfm.cl\/?p=23517' aria-hidden='false' data-av_icon='\ue8f1' data-av_iconfont='entypo-fontello' title='' data-avia-related-tooltip='Compartir en Twitter' rel=\"noopener\"><span class='avia_hidden_link_text'>Compartir en Twitter<\/span><\/a><\/li><li class='av-share-link av-social-link-whatsapp' ><a target=\"_blank\" aria-label=\"Compartir en Whatsapp\" href='https:\/\/api.whatsapp.com\/send?text=https:\/\/radiorevelacionfm.cl\/?p=23517' aria-hidden='false' data-av_icon='\uf232' data-av_iconfont='entypo-fontello' title='' data-avia-related-tooltip='Compartir en Whatsapp' rel=\"noopener\"><span class='avia_hidden_link_text'>Compartir en Whatsapp<\/span><\/a><\/li><li class='av-share-link av-social-link-linkedin' ><a target=\"_blank\" aria-label=\"Compartir en LinkedIn\" href='https:\/\/linkedin.com\/shareArticle?mini=true&#038;title=La%20adopci%C3%B3n%20como%20una%20alternativa%20viable%20en%20la%20regi%C3%B3n%20de%20Ays%C3%A9n&#038;url=https:\/\/radiorevelacionfm.cl\/?p=23517' aria-hidden='false' data-av_icon='\ue8fc' data-av_iconfont='entypo-fontello' title='' data-avia-related-tooltip='Compartir en LinkedIn' rel=\"noopener\"><span class='avia_hidden_link_text'>Compartir en LinkedIn<\/span><\/a><\/li><li class='av-share-link av-social-link-mail' ><a  aria-label=\"Compartir por correo\" href='mailto:?subject=La%20adopci%C3%B3n%20como%20una%20alternativa%20viable%20en%20la%20regi%C3%B3n%20de%20Ays%C3%A9n&#038;body=https:\/\/radiorevelacionfm.cl\/?p=23517' aria-hidden='false' data-av_icon='\ue805' data-av_iconfont='entypo-fontello' title='' data-avia-related-tooltip='Compartir por correo'><span class='avia_hidden_link_text'>Compartir por correo<\/span><\/a><\/li><\/ul><\/div><\/div>\n<div  style='height:50px' class='hr hr-invisible   avia-builder-el-8  el_after_av_social_share  el_before_av_comments_list '><span class='hr-inner ' ><span class='hr-inner-style'><\/span><\/span><\/div>\n<div  class='av-buildercomment  av-blog-meta-html-info-disabled av-blog-meta-tag-disabled  '><\/div>\n","protected":false},"excerpt":{"rendered":"","protected":false},"author":1,"featured_media":23518,"comment_status":"open","ping_status":"open","sticky":false,"template":"","format":"standard","meta":{"footnotes":""},"categories":[38],"tags":[],"class_list":["post-23517","post","type-post","status-publish","format-standard","has-post-thumbnail","hentry","category-regional"],"jetpack_featured_media_url":"https:\/\/radiorevelacionfm.cl\/wp-content\/uploads\/2022\/10\/88-1_optimized.jpg","_links":{"self":[{"href":"https:\/\/radiorevelacionfm.cl\/index.php?rest_route=\/wp\/v2\/posts\/23517","targetHints":{"allow":["GET"]}}],"collection":[{"href":"https:\/\/radiorevelacionfm.cl\/index.php?rest_route=\/wp\/v2\/posts"}],"about":[{"href":"https:\/\/radiorevelacionfm.cl\/index.php?rest_route=\/wp\/v2\/types\/post"}],"author":[{"embeddable":true,"href":"https:\/\/radiorevelacionfm.cl\/index.php?rest_route=\/wp\/v2\/users\/1"}],"replies":[{"embeddable":true,"href":"https:\/\/radiorevelacionfm.cl\/index.php?rest_route=%2Fwp%2Fv2%2Fcomments&post=23517"}],"version-history":[{"count":2,"href":"https:\/\/radiorevelacionfm.cl\/index.php?rest_route=\/wp\/v2\/posts\/23517\/revisions"}],"predecessor-version":[{"id":23564,"href":"https:\/\/radiorevelacionfm.cl\/index.php?rest_route=\/wp\/v2\/posts\/23517\/revisions\/23564"}],"wp:featuredmedia":[{"embeddable":true,"href":"https:\/\/radiorevelacionfm.cl\/index.php?rest_route=\/wp\/v2\/media\/23518"}],"wp:attachment":[{"href":"https:\/\/radiorevelacionfm.cl\/index.php?rest_route=%2Fwp%2Fv2%2Fmedia&parent=23517"}],"wp:term":[{"taxonomy":"category","embeddable":true,"href":"https:\/\/radiorevelacionfm.cl\/index.php?rest_route=%2Fwp%2Fv2%2Fcategories&post=23517"},{"taxonomy":"post_tag","embeddable":true,"href":"https:\/\/radiorevelacionfm.cl\/index.php?rest_route=%2Fwp%2Fv2%2Ftags&post=23517"}],"curies":[{"name":"wp","href":"https:\/\/api.w.org\/{rel}","templated":true}]}}