{"id":23509,"date":"2022-10-26T09:23:23","date_gmt":"2022-10-26T12:23:23","guid":{"rendered":"https:\/\/radiorevelacionfm.cl\/?p=23509"},"modified":"2022-10-26T09:23:23","modified_gmt":"2022-10-26T12:23:23","slug":"mop-instruye-revision-de-pago-de-remuneraciones-a-trabajadores-y-estado-de-contratos-de-constructora-claro-vicuna","status":"publish","type":"post","link":"https:\/\/radiorevelacionfm.cl\/?p=23509","title":{"rendered":"MOP instruye revisi\u00f3n de pago de remuneraciones a trabajadores y estado de contratos de Constructora Claro Vicu\u00f1a"},"content":{"rendered":"<div class=\"flex_column av_one_full  flex_column_div av-zero-column-padding first  avia-builder-el-0  el_before_av_one_full  avia-builder-el-first  \" style='border-radius:0px; '><div  class='avia-image-container  av-styling-    avia-builder-el-1  avia-builder-el-no-sibling  avia-align-center '  itemprop=\"image\" itemscope=\"itemscope\" itemtype=\"https:\/\/schema.org\/ImageObject\"  ><div class='avia-image-container-inner'><div class='avia-image-overlay-wrap'><img decoding=\"async\" class='wp-image-23512 avia-img-lazy-loading-not-23512 avia_image' src=\"https:\/\/radiorevelacionfm.cl\/wp-content\/uploads\/2022\/10\/seremi-12-2-1-1.jpg\" alt='' title='seremi-12 (2) (1) (1)' height=\"600\" width=\"830\"  itemprop=\"thumbnailUrl\" srcset=\"https:\/\/radiorevelacionfm.cl\/wp-content\/uploads\/2022\/10\/seremi-12-2-1-1.jpg 830w, https:\/\/radiorevelacionfm.cl\/wp-content\/uploads\/2022\/10\/seremi-12-2-1-1-300x217.jpg 300w, https:\/\/radiorevelacionfm.cl\/wp-content\/uploads\/2022\/10\/seremi-12-2-1-1-768x555.jpg 768w, https:\/\/radiorevelacionfm.cl\/wp-content\/uploads\/2022\/10\/seremi-12-2-1-1-705x510.jpg 705w, https:\/\/radiorevelacionfm.cl\/wp-content\/uploads\/2022\/10\/seremi-12-2-1-1-600x434.jpg 600w\" sizes=\"(max-width: 830px) 100vw, 830px\" \/><\/div><\/div><\/div><\/div><div class=\"flex_column av_one_full  flex_column_div av-zero-column-padding first  avia-builder-el-2  el_after_av_one_full  el_before_av_one_full  column-top-margin\" style='border-radius:0px; '><section class=\"av_textblock_section \"  itemscope=\"itemscope\" itemtype=\"https:\/\/schema.org\/BlogPosting\" itemprop=\"blogPost\" ><div class='avia_textblock  '   itemprop=\"text\" ><p style=\"text-align: center;\"><strong><span style=\"font-size: 18pt;\">MOP instruye revisi\u00f3n de pago de remuneraciones a trabajadores y estado de contratos de Constructora Claro Vicu\u00f1a<\/span><\/strong><\/p>\n<div id=\"gtx-trans\" style=\"position: absolute; left: -50px; top: 4.31534px;\">\n<div class=\"gtx-trans-icon\"><\/div>\n<\/div>\n<\/div><\/section><\/div><div class=\"flex_column av_one_full  flex_column_div av-zero-column-padding first  avia-builder-el-4  el_after_av_one_full  el_before_av_hr  column-top-margin\" style='border-radius:0px; '><section class=\"av_textblock_section \"  itemscope=\"itemscope\" itemtype=\"https:\/\/schema.org\/BlogPosting\" itemprop=\"blogPost\" ><div class='avia_textblock  '   itemprop=\"text\" ><p style=\"text-align: justify;\">El Secretario Regional Ministerial de Obras P\u00fablicas, Patricio Sanhueza Ulloa inform\u00f3 que la empresa Claro Vicu\u00f1a en la regi\u00f3n de Ays\u00e9n, hasta esta fecha -26 de octubre 2022-, se encuentra ejecutando dos contratos: la conservaci\u00f3n global de caminos sur-oriente el que considera trabajos de mantenci\u00f3n en la Ruta 7 desde Cerro Castillo hasta el sector El Mait\u00e9n- el Camino Exploradores y el camino a Puerto S\u00e1nchez, entre otros y adem\u00e1s, las obras de pavimentaci\u00f3n de la Ruta 7 Sur desde el sector Laguna Verde hasta la Alcantarilla Cascada. Ambos contratos a\u00fan se encuentran activos, y hasta hoy (26 de octubre 2022) la empresa Claro Vicu\u00f1a en la regi\u00f3n de Ays\u00e9n no ha presentado documentaci\u00f3n formal respecto a la quiebra de la empresa y\/o solicitado el t\u00e9rmino anticipado de los contratos vigentes, por lo tanto, el primer paso que hemos dado es reunirnos con ellos el pasado 14 de octubre para estudiar la posibilidad de continuar con el desarrollo de las obras y\/o estudiar alternativas de soluci\u00f3n y en forma paralela he instruido al Director Regional de Vialidad una nueva revisi\u00f3n del estado actual del pago de las remuneraciones a los trabajadores por parte de la empresa y del estado de avance en la ejecuci\u00f3n de ambos contratos de obras al d\u00eda de hoy, as\u00ed que ahora nos encontramos cumpliendo esta primera etapa del proceso, pero esto tambi\u00e9n implica que como ministerio vamos a tomar todas las medidas que nos faculta la Ley en beneficio de los y las trabajadores y el buen desarrollo de las obras\u201c.<\/p>\n<p style=\"text-align: justify;\"><strong><u>SITUACI\u00d3N DE EMPRESA A NIVEL NACIONAL<\/u><\/strong><\/p>\n<p style=\"text-align: justify;\">De acuerdo a lo informado por el ministro de Obras P\u00fablicas Juan Carlos Garc\u00eda, se est\u00e1 enfrentando un alza en el precio de los materiales a nivel mundial, que ha impactado fuertemente a la industria de la construcci\u00f3n, y Chile no es la excepci\u00f3n. \u201cComo Ministerio hemos tomado medidas, conversadas en conjunto con los gremios de la Construcci\u00f3n para mitigar el impacto de esta situaci\u00f3n en el pa\u00eds. En el caso de la empresa Claro Vicu\u00f1a, como ministerio tenemos 10 contratos vigentes, de los cuales, tres est\u00e1n cerca de terminar.<\/p>\n<p style=\"text-align: justify;\">La autoridad nacional de Obras P\u00fablicas agreg\u00f3 que \u201cQuiero desmentir categ\u00f3ricamente que la situaci\u00f3n de esta empresa se debe a incumplimientos por parte del Ministerio de Obras P\u00fablicas. En los \u00faltimos meses, se realizaron pagos por m\u00e1s de 8 mil millones de pesos, y a\u00fan as\u00ed Claro Vicu\u00f1a mantuvo bajos niveles de rendimiento, incumpliendo con sus compromisos en las obras. En cuanto a los trabajadores, a septiembre hab\u00eda cerca de 450 personas prestando servicios en los contratos vigentes, a quienes la empresa no estaba pagando sus sueldos. Como MOP tenemos la facultad que otorga el Reglamento de Contrataci\u00f3n de Obras P\u00fablicas para no dar curso a los estados de pago, reteniendo sumas, cuando el contratista no acredite el pago oportuno de las remuneraciones, imposiciones previsionales y cotizaciones de la ley 16.744\u201d.<\/p>\n<p style=\"text-align: justify;\">El ministro MOP se\u00f1al\u00f3 \u201cquiero ser claro: Hay empresas que en esta crisis se la han jugado por llegar a soluciones en conjunto con el MOP para terminar las obras. Sin embargo, lamentablemente, hay otros casos donde se intenta responsabilizar y hacer pagar al Estado por crisis globales como la pandemia o el alza de los materiales desconociendo su propia mala gesti\u00f3n. Aqu\u00ed las empresas tienen tambi\u00e9n la responsabilidad de tomar los resguardos oportunos, en los tiempos de bonanza, para enfrentar los momentos dif\u00edciles y as\u00ed al menos poder compartir los impactos frente a una crisis. Ahora nuestra principal preocupaci\u00f3n es retomar estas 10 obras a la brevedad y, para este prop\u00f3sito, ya estamos trabajando para ofrecer soluciones a todas las regiones afectadas por el abandono de obras de la empresa Claro Vicu\u00f1a\u201d.<\/p>\n<p style=\"text-align: justify;\">Por su parte, en entrevista en Radio Infinita, el presidente de la C\u00e1mara Chilena de la Construcci\u00f3n Antonio Err\u00e1zuriz, realiz\u00f3 una dura cr\u00edtica al gobierno anterior en medio del dif\u00edcil \u00a0momento que atraviesan las empresas de la construcci\u00f3n tras la quiebra de la empresa Claro Vicu\u00f1a Valenzuela y se\u00f1alando que han entrado de lleno en las negociaciones que han llevado a cabo con el Ejecutivo para facilitar el reajuste polin\u00f3mico de los contratos \u2013adecuar el alza en los costos de los materiales de construcci\u00f3n para los contratos en obras p\u00fablicas-. En esta l\u00ednea afirm\u00f3 que ha visto mucha voluntad de las actuales autoridades del MOP en resolver la situaci\u00f3n, algo que no sucedi\u00f3 con las ex autoridades de la cartera. \u201cTengo que reconocer que el ministro (Juan Carlos Garc\u00eda), en el poco tiempo que lleva en su cartera, realmente hemos tenido una muy buena relaci\u00f3n\u201d, dijo al ser consultado sobre la respuestas que han obtenido del actual titular del MOP.<\/p>\n<p style=\"text-align: justify;\">El titular de la C\u00e1mara Chilena de la Construcci\u00f3n fue enf\u00e1tico en se\u00f1alar que \u201cEste tema del reajuste de los contratos en ejecuci\u00f3n es el tema que nos ha afectado, porque a los futuros contratos s\u00ed se aplic\u00f3 ese cambio de normativa, donde se van a reajustar de acuerdo a una variaci\u00f3n de un polinomio, pero los contratos en ejecuci\u00f3n es lo que ha tomado mucho tiempo, pero esto viene del gobierno pasado. Si nosotros con el ministro Moreno conversamos esta situaci\u00f3n. Y la verdad, la verdad, tengo que ser muy sincero, que se tom\u00f3 el peso en este gobierno de la situaci\u00f3n y se empez\u00f3 a trabajar de una manera tal de acelerar\u201d.<\/p>\n<\/div><\/section><\/div><\/p>\n<div  style='height:50px' class='hr hr-invisible   avia-builder-el-6  el_after_av_one_full  el_before_av_social_share '><span class='hr-inner ' ><span class='hr-inner-style'><\/span><\/span><\/div>\n<div  class='av-social-sharing-box  avia-builder-el-7  el_after_av_hr  el_before_av_hr  '><div class='av-share-box'><h5 class='av-share-link-description av-no-toc '>Compartir esta noticia<\/h5><ul class='av-share-box-list noLightbox'><li class='av-share-link av-social-link-facebook' ><a target=\"_blank\" aria-label=\"Compartir en Facebook\" href='https:\/\/www.facebook.com\/sharer.php?u=https:\/\/radiorevelacionfm.cl\/?p=23509&#038;t=MOP%20instruye%20revisi%C3%B3n%20de%20pago%20de%20remuneraciones%20a%20trabajadores%20y%20estado%20de%20contratos%20de%20Constructora%20Claro%20Vicu%C3%B1a' aria-hidden='false' data-av_icon='\ue8f3' data-av_iconfont='entypo-fontello' title='' data-avia-related-tooltip='Compartir en Facebook' rel=\"noopener\"><span class='avia_hidden_link_text'>Compartir en Facebook<\/span><\/a><\/li><li class='av-share-link av-social-link-twitter' ><a target=\"_blank\" aria-label=\"Compartir en Twitter\" href='https:\/\/twitter.com\/share?text=MOP%20instruye%20revisi%C3%B3n%20de%20pago%20de%20remuneraciones%20a%20trabajadores%20y%20estado%20de%20contratos%20de%20Constructora%20Claro%20Vicu%C3%B1a&#038;url=https:\/\/radiorevelacionfm.cl\/?p=23509' aria-hidden='false' data-av_icon='\ue8f1' data-av_iconfont='entypo-fontello' title='' data-avia-related-tooltip='Compartir en Twitter' rel=\"noopener\"><span class='avia_hidden_link_text'>Compartir en Twitter<\/span><\/a><\/li><li class='av-share-link av-social-link-whatsapp' ><a target=\"_blank\" aria-label=\"Compartir en Whatsapp\" href='https:\/\/api.whatsapp.com\/send?text=https:\/\/radiorevelacionfm.cl\/?p=23509' aria-hidden='false' data-av_icon='\uf232' data-av_iconfont='entypo-fontello' title='' data-avia-related-tooltip='Compartir en Whatsapp' rel=\"noopener\"><span class='avia_hidden_link_text'>Compartir en Whatsapp<\/span><\/a><\/li><li class='av-share-link av-social-link-linkedin' ><a target=\"_blank\" aria-label=\"Compartir en LinkedIn\" href='https:\/\/linkedin.com\/shareArticle?mini=true&#038;title=MOP%20instruye%20revisi%C3%B3n%20de%20pago%20de%20remuneraciones%20a%20trabajadores%20y%20estado%20de%20contratos%20de%20Constructora%20Claro%20Vicu%C3%B1a&#038;url=https:\/\/radiorevelacionfm.cl\/?p=23509' aria-hidden='false' data-av_icon='\ue8fc' data-av_iconfont='entypo-fontello' title='' data-avia-related-tooltip='Compartir en LinkedIn' rel=\"noopener\"><span class='avia_hidden_link_text'>Compartir en LinkedIn<\/span><\/a><\/li><li class='av-share-link av-social-link-mail' ><a  aria-label=\"Compartir por correo\" href='mailto:?subject=MOP%20instruye%20revisi%C3%B3n%20de%20pago%20de%20remuneraciones%20a%20trabajadores%20y%20estado%20de%20contratos%20de%20Constructora%20Claro%20Vicu%C3%B1a&#038;body=https:\/\/radiorevelacionfm.cl\/?p=23509' aria-hidden='false' data-av_icon='\ue805' data-av_iconfont='entypo-fontello' title='' data-avia-related-tooltip='Compartir por correo'><span class='avia_hidden_link_text'>Compartir por correo<\/span><\/a><\/li><\/ul><\/div><\/div>\n<div  style='height:50px' class='hr hr-invisible   avia-builder-el-8  el_after_av_social_share  el_before_av_comments_list '><span class='hr-inner ' ><span class='hr-inner-style'><\/span><\/span><\/div>\n<div  class='av-buildercomment  av-blog-meta-html-info-disabled av-blog-meta-tag-disabled  '><\/div>\n","protected":false},"excerpt":{"rendered":"","protected":false},"author":1,"featured_media":23512,"comment_status":"open","ping_status":"open","sticky":false,"template":"","format":"standard","meta":{"footnotes":""},"categories":[38],"tags":[],"class_list":["post-23509","post","type-post","status-publish","format-standard","has-post-thumbnail","hentry","category-regional"],"jetpack_featured_media_url":"https:\/\/radiorevelacionfm.cl\/wp-content\/uploads\/2022\/10\/seremi-12-2-1-1.jpg","_links":{"self":[{"href":"https:\/\/radiorevelacionfm.cl\/index.php?rest_route=\/wp\/v2\/posts\/23509","targetHints":{"allow":["GET"]}}],"collection":[{"href":"https:\/\/radiorevelacionfm.cl\/index.php?rest_route=\/wp\/v2\/posts"}],"about":[{"href":"https:\/\/radiorevelacionfm.cl\/index.php?rest_route=\/wp\/v2\/types\/post"}],"author":[{"embeddable":true,"href":"https:\/\/radiorevelacionfm.cl\/index.php?rest_route=\/wp\/v2\/users\/1"}],"replies":[{"embeddable":true,"href":"https:\/\/radiorevelacionfm.cl\/index.php?rest_route=%2Fwp%2Fv2%2Fcomments&post=23509"}],"version-history":[{"count":3,"href":"https:\/\/radiorevelacionfm.cl\/index.php?rest_route=\/wp\/v2\/posts\/23509\/revisions"}],"predecessor-version":[{"id":23514,"href":"https:\/\/radiorevelacionfm.cl\/index.php?rest_route=\/wp\/v2\/posts\/23509\/revisions\/23514"}],"wp:featuredmedia":[{"embeddable":true,"href":"https:\/\/radiorevelacionfm.cl\/index.php?rest_route=\/wp\/v2\/media\/23512"}],"wp:attachment":[{"href":"https:\/\/radiorevelacionfm.cl\/index.php?rest_route=%2Fwp%2Fv2%2Fmedia&parent=23509"}],"wp:term":[{"taxonomy":"category","embeddable":true,"href":"https:\/\/radiorevelacionfm.cl\/index.php?rest_route=%2Fwp%2Fv2%2Fcategories&post=23509"},{"taxonomy":"post_tag","embeddable":true,"href":"https:\/\/radiorevelacionfm.cl\/index.php?rest_route=%2Fwp%2Fv2%2Ftags&post=23509"}],"curies":[{"name":"wp","href":"https:\/\/api.w.org\/{rel}","templated":true}]}}