{"id":23503,"date":"2022-10-26T10:32:01","date_gmt":"2022-10-26T13:32:01","guid":{"rendered":"https:\/\/radiorevelacionfm.cl\/?p=23503"},"modified":"2022-10-26T10:32:01","modified_gmt":"2022-10-26T13:32:01","slug":"en-emotiva-ceremonia-entregan-uniformes-escolares-para-toda-la-comunidad-educativa-de-la-escuela-espana-de-coyhaique","status":"publish","type":"post","link":"https:\/\/radiorevelacionfm.cl\/?p=23503","title":{"rendered":"En emotiva ceremonia entregan uniformes escolares para toda la comunidad educativa de la Escuela Espa\u00f1a de Coyhaique"},"content":{"rendered":"<div class=\"flex_column av_one_full  flex_column_div av-zero-column-padding first  avia-builder-el-0  el_before_av_one_full  avia-builder-el-first  \" style='border-radius:0px; '><div  class='avia-image-container  av-styling-    avia-builder-el-1  avia-builder-el-no-sibling  avia-align-center '  itemprop=\"image\" itemscope=\"itemscope\" itemtype=\"https:\/\/schema.org\/ImageObject\"  ><div class='avia-image-container-inner'><div class='avia-image-overlay-wrap'><img decoding=\"async\" class='wp-image-23504 avia-img-lazy-loading-not-23504 avia_image' src=\"https:\/\/radiorevelacionfm.cl\/wp-content\/uploads\/2022\/10\/Entrega-Uniformes-image-2022-10-25-at-2_optimized.24.47-pm-1-1-1.jpeg\" alt='' title='Entrega Uniformes image-2022-10-25-at-2_optimized.24.47-pm-(1)-(1) (1)' height=\"600\" width=\"977\"  itemprop=\"thumbnailUrl\" srcset=\"https:\/\/radiorevelacionfm.cl\/wp-content\/uploads\/2022\/10\/Entrega-Uniformes-image-2022-10-25-at-2_optimized.24.47-pm-1-1-1.jpeg 977w, https:\/\/radiorevelacionfm.cl\/wp-content\/uploads\/2022\/10\/Entrega-Uniformes-image-2022-10-25-at-2_optimized.24.47-pm-1-1-1-300x184.jpeg 300w, https:\/\/radiorevelacionfm.cl\/wp-content\/uploads\/2022\/10\/Entrega-Uniformes-image-2022-10-25-at-2_optimized.24.47-pm-1-1-1-768x472.jpeg 768w, https:\/\/radiorevelacionfm.cl\/wp-content\/uploads\/2022\/10\/Entrega-Uniformes-image-2022-10-25-at-2_optimized.24.47-pm-1-1-1-705x433.jpeg 705w, https:\/\/radiorevelacionfm.cl\/wp-content\/uploads\/2022\/10\/Entrega-Uniformes-image-2022-10-25-at-2_optimized.24.47-pm-1-1-1-600x368.jpeg 600w\" sizes=\"(max-width: 977px) 100vw, 977px\" \/><\/div><\/div><\/div><\/div><div class=\"flex_column av_one_full  flex_column_div av-zero-column-padding first  avia-builder-el-2  el_after_av_one_full  el_before_av_one_full  column-top-margin\" style='border-radius:0px; '><section class=\"av_textblock_section \"  itemscope=\"itemscope\" itemtype=\"https:\/\/schema.org\/BlogPosting\" itemprop=\"blogPost\" ><div class='avia_textblock  '   itemprop=\"text\" ><p style=\"text-align: center;\"><strong><span style=\"font-size: 18pt;\">En emotiva ceremonia entregan uniformes escolares para toda la comunidad educativa de la Escuela Espa\u00f1a de Coyhaique<\/span><\/strong><\/p>\n<div id=\"gtx-trans\" style=\"position: absolute; left: -50px; top: 4.31534px;\">\n<div class=\"gtx-trans-icon\"><\/div>\n<\/div>\n<\/div><\/section><\/div><div class=\"flex_column av_one_full  flex_column_div av-zero-column-padding first  avia-builder-el-4  el_after_av_one_full  el_before_av_hr  column-top-margin\" style='border-radius:0px; '><section class=\"av_textblock_section \"  itemscope=\"itemscope\" itemtype=\"https:\/\/schema.org\/BlogPosting\" itemprop=\"blogPost\" ><div class='avia_textblock  '   itemprop=\"text\" ><p class=\"v1MsoNormal\" style=\"text-align: justify;\">Una emotiva ceremonia se desarroll\u00f3 la ma\u00f1ana del martes 25, en dependencias de la Escuela Diferencial Espa\u00f1a de Coyhaique, lugar donde la Fundaci\u00f3n \u00abTe Apoyamos\u00bb, del empresario nacional Andr\u00f3nico Luksic, concret\u00f3 la entrega de m\u00e1s de un centenar de uniformes para esta instituci\u00f3n.<\/p>\n<p class=\"v1MsoNormal\" style=\"text-align: justify;\">La entrega de polerones y camisetas, adem\u00e1s de indumentaria para el cuerpo docente y asistentes de la educaci\u00f3n, se concret\u00f3 durante esta jornada.<\/p>\n<p class=\"v1MsoNormal\" style=\"text-align: justify;\">El apoyo fue valorado por la directora del establecimiento, Maciel Acu\u00f1a, quien destac\u00f3 que \u00abla fundaci\u00f3n Te Apoyamos, a trav\u00e9s de don Andr\u00f3nico Luksic, ha generado este importante apoyo, la entrega de estos uniformes, para nuestros alumnos y funcionarios, traspasar los agradecimientos y la alegr\u00eda de los estudiantes, porque uno tiene el contacto m\u00e1s directo con ellos, tienen esa esperanza que les devuelve la dignidad a las personas con discapacidad, que muchas veces quedan marginados\u00bb.<\/p>\n<p class=\"v1MsoNormal\" style=\"text-align: justify;\">La ceremonia tuvo la presencia de estudiantes, funcionarios del establecimiento, padres y apoderados, quienes comenzaron a gestionar la solicitud de ayuda, que se plasm\u00f3 en el aporte de la fundaci\u00f3n Te Apoyamos, hecho relevado por el presidente del Centro General de Padres y Apoderados, Santos M\u00e1rquez, que agradeci\u00f3 la entrega de estos uniformes, indicando que \u00abes un momento emocionante, nos ha costado durante a\u00f1os conseguir muchas cosas, se logr\u00f3 que al menos nuestros alumnos tengan un distintivo, dignificando su educaci\u00f3n\u00bb.<\/p>\n<p class=\"v1MsoNormal\" style=\"text-align: justify;\">Desde la Fundaci\u00f3n Te Apoyamos, Carolina Ubilla se mostr\u00f3 \u00abfeliz de estar compartiendo con la comunidad escolar de la Escuela Espa\u00f1a, sabemos que han presentado muchas dificultades en el \u00faltimo tiempo, contentos de poder aportar con un granito de arena, con el uniforme de los ni\u00f1os, ni\u00f1as y j\u00f3venes, tambi\u00e9n con los polerones para el equipo docente, hemos visto de cerca el gran trabajo, esfuerzo y compromiso de toda la comunidad educativa\u00bb.<\/p>\n<p class=\"v1MsoNormal\" style=\"text-align: justify;\">Nexo clave para la concreci\u00f3n de este aporte fue el ex alcalde de O&#8217;Higgins, Roberto Recabal C\u00e1rcamo, quien valor\u00f3 la entrega de esta ayuda. \u00abEstamos muy contentos de haber atendido una solicitud planteada por el Centro General de Padres de este establecimiento tan emblem\u00e1tico, en este caso puntual, nuestro vecino de la comuna, Andr\u00f3nico Luksic, accedi\u00f3 de forma inmediata, nos alegra much\u00edsimo ver el cari\u00f1o y el afecto de toda esta escuela. Esperamos pr\u00f3ximamente en una nueva estructura para atender a tantos ni\u00f1os de la regi\u00f3n de Ays\u00e9n\u00bb.<\/p>\n<p class=\"v1MsoNormal\" style=\"text-align: justify;\">La ceremonia de entrega de estos uniformes escolares se desarroll\u00f3 en la nueva dependencia de la Escuela Espa\u00f1a, en calle Sargento Aldea de Coyhaique, una ceremonia cargada de emotividad que se desarroll\u00f3 gracias al aporte efectuado por la Fundaci\u00f3n Te Apoyamos, ligada al destacado empresario nacional Andr\u00f3nico Luksic Craig.<\/p>\n<\/div><\/section><\/div><div  style='height:50px' class='hr hr-invisible   avia-builder-el-6  el_after_av_one_full  el_before_av_social_share '><span class='hr-inner ' ><span class='hr-inner-style'><\/span><\/span><\/div><\/p>\n<div  class='av-social-sharing-box  avia-builder-el-7  el_after_av_hr  el_before_av_hr  '><div class='av-share-box'><h5 class='av-share-link-description av-no-toc '>Compartir esta noticia<\/h5><ul class='av-share-box-list noLightbox'><li class='av-share-link av-social-link-facebook' ><a target=\"_blank\" aria-label=\"Compartir en Facebook\" href='https:\/\/www.facebook.com\/sharer.php?u=https:\/\/radiorevelacionfm.cl\/?p=23503&#038;t=En%20emotiva%20ceremonia%20entregan%20uniformes%20escolares%20para%20toda%20la%20comunidad%20educativa%20de%20la%20Escuela%20Espa%C3%B1a%20de%20Coyhaique' aria-hidden='false' data-av_icon='\ue8f3' data-av_iconfont='entypo-fontello' title='' data-avia-related-tooltip='Compartir en Facebook' rel=\"noopener\"><span class='avia_hidden_link_text'>Compartir en Facebook<\/span><\/a><\/li><li class='av-share-link av-social-link-twitter' ><a target=\"_blank\" aria-label=\"Compartir en Twitter\" href='https:\/\/twitter.com\/share?text=En%20emotiva%20ceremonia%20entregan%20uniformes%20escolares%20para%20toda%20la%20comunidad%20educativa%20de%20la%20Escuela%20Espa%C3%B1a%20de%20Coyhaique&#038;url=https:\/\/radiorevelacionfm.cl\/?p=23503' aria-hidden='false' data-av_icon='\ue8f1' data-av_iconfont='entypo-fontello' title='' data-avia-related-tooltip='Compartir en Twitter' rel=\"noopener\"><span class='avia_hidden_link_text'>Compartir en Twitter<\/span><\/a><\/li><li class='av-share-link av-social-link-whatsapp' ><a target=\"_blank\" aria-label=\"Compartir en Whatsapp\" href='https:\/\/api.whatsapp.com\/send?text=https:\/\/radiorevelacionfm.cl\/?p=23503' aria-hidden='false' data-av_icon='\uf232' data-av_iconfont='entypo-fontello' title='' data-avia-related-tooltip='Compartir en Whatsapp' rel=\"noopener\"><span class='avia_hidden_link_text'>Compartir en Whatsapp<\/span><\/a><\/li><li class='av-share-link av-social-link-linkedin' ><a target=\"_blank\" aria-label=\"Compartir en LinkedIn\" href='https:\/\/linkedin.com\/shareArticle?mini=true&#038;title=En%20emotiva%20ceremonia%20entregan%20uniformes%20escolares%20para%20toda%20la%20comunidad%20educativa%20de%20la%20Escuela%20Espa%C3%B1a%20de%20Coyhaique&#038;url=https:\/\/radiorevelacionfm.cl\/?p=23503' aria-hidden='false' data-av_icon='\ue8fc' data-av_iconfont='entypo-fontello' title='' data-avia-related-tooltip='Compartir en LinkedIn' rel=\"noopener\"><span class='avia_hidden_link_text'>Compartir en LinkedIn<\/span><\/a><\/li><li class='av-share-link av-social-link-mail' ><a  aria-label=\"Compartir por correo\" href='mailto:?subject=En%20emotiva%20ceremonia%20entregan%20uniformes%20escolares%20para%20toda%20la%20comunidad%20educativa%20de%20la%20Escuela%20Espa%C3%B1a%20de%20Coyhaique&#038;body=https:\/\/radiorevelacionfm.cl\/?p=23503' aria-hidden='false' data-av_icon='\ue805' data-av_iconfont='entypo-fontello' title='' data-avia-related-tooltip='Compartir por correo'><span class='avia_hidden_link_text'>Compartir por correo<\/span><\/a><\/li><\/ul><\/div><\/div>\n<div  style='height:50px' class='hr hr-invisible   avia-builder-el-8  el_after_av_social_share  el_before_av_comments_list '><span class='hr-inner ' ><span class='hr-inner-style'><\/span><\/span><\/div>\n<div  class='av-buildercomment  av-blog-meta-html-info-disabled av-blog-meta-tag-disabled  '><\/div>\n","protected":false},"excerpt":{"rendered":"","protected":false},"author":1,"featured_media":23504,"comment_status":"open","ping_status":"open","sticky":false,"template":"","format":"standard","meta":{"footnotes":""},"categories":[38],"tags":[],"class_list":["post-23503","post","type-post","status-publish","format-standard","has-post-thumbnail","hentry","category-regional"],"jetpack_featured_media_url":"https:\/\/radiorevelacionfm.cl\/wp-content\/uploads\/2022\/10\/Entrega-Uniformes-image-2022-10-25-at-2_optimized.24.47-pm-1-1-1.jpeg","_links":{"self":[{"href":"https:\/\/radiorevelacionfm.cl\/index.php?rest_route=\/wp\/v2\/posts\/23503","targetHints":{"allow":["GET"]}}],"collection":[{"href":"https:\/\/radiorevelacionfm.cl\/index.php?rest_route=\/wp\/v2\/posts"}],"about":[{"href":"https:\/\/radiorevelacionfm.cl\/index.php?rest_route=\/wp\/v2\/types\/post"}],"author":[{"embeddable":true,"href":"https:\/\/radiorevelacionfm.cl\/index.php?rest_route=\/wp\/v2\/users\/1"}],"replies":[{"embeddable":true,"href":"https:\/\/radiorevelacionfm.cl\/index.php?rest_route=%2Fwp%2Fv2%2Fcomments&post=23503"}],"version-history":[{"count":2,"href":"https:\/\/radiorevelacionfm.cl\/index.php?rest_route=\/wp\/v2\/posts\/23503\/revisions"}],"predecessor-version":[{"id":23523,"href":"https:\/\/radiorevelacionfm.cl\/index.php?rest_route=\/wp\/v2\/posts\/23503\/revisions\/23523"}],"wp:featuredmedia":[{"embeddable":true,"href":"https:\/\/radiorevelacionfm.cl\/index.php?rest_route=\/wp\/v2\/media\/23504"}],"wp:attachment":[{"href":"https:\/\/radiorevelacionfm.cl\/index.php?rest_route=%2Fwp%2Fv2%2Fmedia&parent=23503"}],"wp:term":[{"taxonomy":"category","embeddable":true,"href":"https:\/\/radiorevelacionfm.cl\/index.php?rest_route=%2Fwp%2Fv2%2Fcategories&post=23503"},{"taxonomy":"post_tag","embeddable":true,"href":"https:\/\/radiorevelacionfm.cl\/index.php?rest_route=%2Fwp%2Fv2%2Ftags&post=23503"}],"curies":[{"name":"wp","href":"https:\/\/api.w.org\/{rel}","templated":true}]}}