{"id":23492,"date":"2022-10-25T20:32:26","date_gmt":"2022-10-25T23:32:26","guid":{"rendered":"https:\/\/radiorevelacionfm.cl\/?p=23492"},"modified":"2022-10-25T20:32:26","modified_gmt":"2022-10-25T23:32:26","slug":"ministra-de-justicia-inaugura-oficinas-del-registro-civil-y-caj-en-cochrane","status":"publish","type":"post","link":"https:\/\/radiorevelacionfm.cl\/?p=23492","title":{"rendered":"Ministra de Justicia inaugura oficinas del Registro Civil y CAJ en Cochrane"},"content":{"rendered":"<div class=\"flex_column av_one_full  flex_column_div av-zero-column-padding first  avia-builder-el-0  el_before_av_one_full  avia-builder-el-first  \" style='border-radius:0px; '><div  class='avia-image-container  av-styling-    avia-builder-el-1  avia-builder-el-no-sibling  avia-align-center '  itemprop=\"image\" itemscope=\"itemscope\" itemtype=\"https:\/\/schema.org\/ImageObject\"  ><div class='avia-image-container-inner'><div class='avia-image-overlay-wrap'><img decoding=\"async\" class='wp-image-23493 avia-img-lazy-loading-not-23493 avia_image' src=\"https:\/\/radiorevelacionfm.cl\/wp-content\/uploads\/2022\/10\/inauguracion-registro-civil-1_optimized.jpg\" alt='' title='inauguracion-registro-civil-(1)_optimized' height=\"600\" width=\"800\"  itemprop=\"thumbnailUrl\" srcset=\"https:\/\/radiorevelacionfm.cl\/wp-content\/uploads\/2022\/10\/inauguracion-registro-civil-1_optimized.jpg 800w, https:\/\/radiorevelacionfm.cl\/wp-content\/uploads\/2022\/10\/inauguracion-registro-civil-1_optimized-300x225.jpg 300w, https:\/\/radiorevelacionfm.cl\/wp-content\/uploads\/2022\/10\/inauguracion-registro-civil-1_optimized-768x576.jpg 768w, https:\/\/radiorevelacionfm.cl\/wp-content\/uploads\/2022\/10\/inauguracion-registro-civil-1_optimized-705x529.jpg 705w, https:\/\/radiorevelacionfm.cl\/wp-content\/uploads\/2022\/10\/inauguracion-registro-civil-1_optimized-600x450.jpg 600w\" sizes=\"(max-width: 800px) 100vw, 800px\" \/><\/div><\/div><\/div><\/div><div class=\"flex_column av_one_full  flex_column_div av-zero-column-padding first  avia-builder-el-2  el_after_av_one_full  el_before_av_one_full  column-top-margin\" style='border-radius:0px; '><section class=\"av_textblock_section \"  itemscope=\"itemscope\" itemtype=\"https:\/\/schema.org\/BlogPosting\" itemprop=\"blogPost\" ><div class='avia_textblock  '   itemprop=\"text\" ><p style=\"text-align: center;\"><strong><span style=\"font-size: 18pt;\">Ministra de Justicia inaugura oficinas del Registro Civil y CAJ en Cochrane<\/span><\/strong><\/p>\n<div id=\"gtx-trans\" style=\"position: absolute; left: -50px; top: 4.31534px;\">\n<div class=\"gtx-trans-icon\"><\/div>\n<\/div>\n<\/div><\/section><\/div><div class=\"flex_column av_one_full  flex_column_div av-zero-column-padding first  avia-builder-el-4  el_after_av_one_full  el_before_av_hr  column-top-margin\" style='border-radius:0px; '><section class=\"av_textblock_section \"  itemscope=\"itemscope\" itemtype=\"https:\/\/schema.org\/BlogPosting\" itemprop=\"blogPost\" ><div class='avia_textblock  '   itemprop=\"text\" ><p style=\"text-align: justify;\">Hasta la comuna de Cochrane se traslad\u00f3 recientemente la Ministra de Justicia y Derechos Humanos Marcela R\u00edos Tobar para participar en la inauguraci\u00f3n de dos importantes oficinas dependientes del sector Justicia, por un lado, las nuevas oficinas del Servicio de Registro Civil e Identificaci\u00f3n y en segundo lugar el Consultorio Jur\u00eddico de la Corporaci\u00f3n de Asistencia Judicial del B\u00edo B\u00edo, el que se traslad\u00f3 a las dependencias de la Delegaci\u00f3n Provincial de Capit\u00e1n Prat.<\/p>\n<p style=\"text-align: justify;\">Ambas actividades contaron con la presencia de autoridades regionales, provinciales y comunales, adem\u00e1s de dirigentes vecinales, quienes destacaron la presencia de la autoridad nacional, qui\u00e9n se traslad\u00f3 v\u00eda terrestre hasta la comuna de Cochrane, siendo la primera ministra del Gobierno del Presidente Boric en llegar a la zona.<\/p>\n<p style=\"text-align: justify;\">As\u00ed lo destac\u00f3 el dirigente vecinal Ren\u00e9 Z\u00fa\u00f1iga, qui\u00e9n se\u00f1al\u00f3 que \u201ces tremendamente importante de todo punto de vista, desde que nosotros tenemos conocimiento en Cochrane siempre estuvo bajo el alero f\u00edsico de la gobernaci\u00f3n, hoy delegaci\u00f3n, y ahora como oficina independiente no deja de ser interesante para los vecinos porque es mucho m\u00e1s expeditos, son instalaciones que pudimos apreciar y que son de primer nivel y no tiene nada que envidiarle a oficinas del resto del pa\u00eds, lo que significa que las cosas se est\u00e1n haciendo con la gente y para la gente, lo que tiene un plus tremendamente valioso para nosotros como comunidad Cochranina y porque no decirlo es el reflejo de lo que se est\u00e1 haciendo a nivel pa\u00eds de descentralizaci\u00f3n y eso es s\u00faper importante\u201d.<\/p>\n<p style=\"text-align: justify;\">En la oportunidad, la Ministra de Justicia y Derechos Humanos, Marcela R\u00edos Tobar indic\u00f3 que \u201cestamos muy contentos porque acabamos de inaugurar la remodelaci\u00f3n y la entrega de una nueva oficina del Registro Civil ac\u00e1 en la comuna de Cochrane, nos vinimos por tierra disfrutando de todo el paisaje, pero esto es muy importante, el Presidente Gabriel Boric nos ha pedido que acerquemos el Estado a la ciudadan\u00eda, estar en terreno, estar en todas las regiones, en esta oficina se pueden hacer todos los tr\u00e1mites que se hacen en cualquier oficina del pa\u00eds y tambi\u00e9n tiene una linda sala de ceremonias, igualmente estamos ac\u00e1 para inaugurar una oficina de la Corporaci\u00f3n de Asistencia Judicial que va a estar en las instalaciones de la delegaci\u00f3n provincial en la plaza de Cochrane entregando asistencia jur\u00eddica para toda la comuna, muy contenta de estar ac\u00e1 y orgullosa de ser la primera ministra del gobierno del Presidente Boric que visita la comuna de Cochrane\u201d.<\/p>\n<p style=\"text-align: justify;\">Respecto a las nuevas oficinas con las que cuenta la Corporaci\u00f3n de Asistencia Judicial en Cochrane, su Directora Regional (s) Mar\u00eda Francisca Vilches G\u00e1lvez explic\u00f3 que \u201cven\u00edamos esperando hace bastante tiempo para que esto pudiera concretarse, y a trav\u00e9s de la firma de un convenio con la delegaci\u00f3n provincial en el mes de septiembre poder trasladar nuestras oficinas a estas nuevas dependencias, donde nuestra funcionarias van a estar mucho m\u00e1s c\u00f3modas y nuestros usuarios mejor atendidos, permitiendo que el acceso a la Justicia para ellos sea de mejor calidad\u201d.<\/p>\n<p style=\"text-align: justify;\">Por su parte, la delegada Presidencial de la Provincia Capit\u00e1n Prat Marta Montiel se mostr\u00f3 muy contenta por esta actividades realizadas en Cochrane se\u00f1alando\u201d se realizaron dos inauguraciones de dos servicios que est\u00e1n presentes en la comuna, uno que es de hace mucho tiempo como la \u00a0oficina del Registro Civil, y que brinda todas las atenciones que tiene el servicio ac\u00e1 en Cochrane contando hoy con un espacio mucho m\u00e1s amplio y c\u00f3modo para los usuarios y funcionarias que se desempe\u00f1an en este servicio, si bien estuvo muchos a\u00f1os en la delegaci\u00f3n hoy cuenta con un espacio propio y eso es valorado, tambi\u00e9n nos encontramos con inauguraci\u00f3n de nueva casa de la Corporaci\u00f3n de Asistencia Judicial, este consultorio jur\u00eddico que recorre toda la provincia y hoy d\u00eda est\u00e1 en dependencias de la delegaci\u00f3n, sale el registro civil y se remozan las instalaciones para recibir a la CAJ, hoy con mucha alegr\u00eda estamos en estas inauguraciones de nuevas dependencias de dos servicios fundamentales del Ministerio de Justicia y Derechos Humanos, agradecemos significativamente el tiempo y agenda de la ministra Marcela R\u00edos quien se ha acercado hasta Cochrane para estar presente en estas dos actividades\u201d.<\/p>\n<p style=\"text-align: justify;\">Finalmente, el Seremi de Justicia y Derechos Humanos, Samuel Navarro Castro se\u00f1al\u00f3 que \u201crelevar la importancia de mejorar la infraestructura de nuestros distintos servicios p\u00fablicos de la cartera de Justicia, se realz\u00f3 esta inauguraci\u00f3n de las nuevas dependencias del Registro Civil en Cochrane que cumplen el m\u00e1s alto est\u00e1ndar de las oficinas del Registro Civil con la tecnolog\u00eda de siempre, con acceso universal, se realz\u00f3 esta inauguraci\u00f3n con la presencia en terreno de la Ministra de Justicia y DD.HH Marcela R\u00edos una de las primeras ministras del Gabinete del Presidente Boric que visita la regi\u00f3n y la primera ministra de Justicia que haya visitado la comuna de Cochrane, a su vez se inauguraron las dependencias de la Corporaci\u00f3n de Asistencia Judicial que estaba en condiciones bastante precarias, y nos permite no solamente que funcionarias y funcionarios puedan desarrollar de mejores espacios para desarrollar su labor la atenci\u00f3n jur\u00eddica gratuita que se hace a la comunidad sobretodo en sectores alejados\u201d.<\/p>\n<\/div><\/section><\/div><div  style='height:50px' class='hr hr-invisible   avia-builder-el-6  el_after_av_one_full  el_before_av_social_share '><span class='hr-inner ' ><span class='hr-inner-style'><\/span><\/span><\/div><\/p>\n<div  class='av-social-sharing-box  avia-builder-el-7  el_after_av_hr  el_before_av_hr  '><div class='av-share-box'><h5 class='av-share-link-description av-no-toc '>Compartir esta noticia<\/h5><ul class='av-share-box-list noLightbox'><li class='av-share-link av-social-link-facebook' ><a target=\"_blank\" aria-label=\"Compartir en Facebook\" href='https:\/\/www.facebook.com\/sharer.php?u=https:\/\/radiorevelacionfm.cl\/?p=23492&#038;t=Ministra%20de%20Justicia%20inaugura%20oficinas%20del%20Registro%20Civil%20y%20CAJ%20en%20Cochrane' aria-hidden='false' data-av_icon='\ue8f3' data-av_iconfont='entypo-fontello' title='' data-avia-related-tooltip='Compartir en Facebook' rel=\"noopener\"><span class='avia_hidden_link_text'>Compartir en Facebook<\/span><\/a><\/li><li class='av-share-link av-social-link-twitter' ><a target=\"_blank\" aria-label=\"Compartir en Twitter\" href='https:\/\/twitter.com\/share?text=Ministra%20de%20Justicia%20inaugura%20oficinas%20del%20Registro%20Civil%20y%20CAJ%20en%20Cochrane&#038;url=https:\/\/radiorevelacionfm.cl\/?p=23492' aria-hidden='false' data-av_icon='\ue8f1' data-av_iconfont='entypo-fontello' title='' data-avia-related-tooltip='Compartir en Twitter' rel=\"noopener\"><span class='avia_hidden_link_text'>Compartir en Twitter<\/span><\/a><\/li><li class='av-share-link av-social-link-whatsapp' ><a target=\"_blank\" aria-label=\"Compartir en Whatsapp\" href='https:\/\/api.whatsapp.com\/send?text=https:\/\/radiorevelacionfm.cl\/?p=23492' aria-hidden='false' data-av_icon='\uf232' data-av_iconfont='entypo-fontello' title='' data-avia-related-tooltip='Compartir en Whatsapp' rel=\"noopener\"><span class='avia_hidden_link_text'>Compartir en Whatsapp<\/span><\/a><\/li><li class='av-share-link av-social-link-linkedin' ><a target=\"_blank\" aria-label=\"Compartir en LinkedIn\" href='https:\/\/linkedin.com\/shareArticle?mini=true&#038;title=Ministra%20de%20Justicia%20inaugura%20oficinas%20del%20Registro%20Civil%20y%20CAJ%20en%20Cochrane&#038;url=https:\/\/radiorevelacionfm.cl\/?p=23492' aria-hidden='false' data-av_icon='\ue8fc' data-av_iconfont='entypo-fontello' title='' data-avia-related-tooltip='Compartir en LinkedIn' rel=\"noopener\"><span class='avia_hidden_link_text'>Compartir en LinkedIn<\/span><\/a><\/li><li class='av-share-link av-social-link-mail' ><a  aria-label=\"Compartir por correo\" href='mailto:?subject=Ministra%20de%20Justicia%20inaugura%20oficinas%20del%20Registro%20Civil%20y%20CAJ%20en%20Cochrane&#038;body=https:\/\/radiorevelacionfm.cl\/?p=23492' aria-hidden='false' data-av_icon='\ue805' data-av_iconfont='entypo-fontello' title='' data-avia-related-tooltip='Compartir por correo'><span class='avia_hidden_link_text'>Compartir por correo<\/span><\/a><\/li><\/ul><\/div><\/div>\n<div  style='height:50px' class='hr hr-invisible   avia-builder-el-8  el_after_av_social_share  el_before_av_comments_list '><span class='hr-inner ' ><span class='hr-inner-style'><\/span><\/span><\/div>\n<div  class='av-buildercomment  av-blog-meta-html-info-disabled av-blog-meta-tag-disabled  '><\/div>\n","protected":false},"excerpt":{"rendered":"","protected":false},"author":1,"featured_media":23493,"comment_status":"open","ping_status":"open","sticky":false,"template":"","format":"standard","meta":{"footnotes":""},"categories":[55],"tags":[],"class_list":["post-23492","post","type-post","status-publish","format-standard","has-post-thumbnail","hentry","category-justicia"],"jetpack_featured_media_url":"https:\/\/radiorevelacionfm.cl\/wp-content\/uploads\/2022\/10\/inauguracion-registro-civil-1_optimized.jpg","_links":{"self":[{"href":"https:\/\/radiorevelacionfm.cl\/index.php?rest_route=\/wp\/v2\/posts\/23492","targetHints":{"allow":["GET"]}}],"collection":[{"href":"https:\/\/radiorevelacionfm.cl\/index.php?rest_route=\/wp\/v2\/posts"}],"about":[{"href":"https:\/\/radiorevelacionfm.cl\/index.php?rest_route=\/wp\/v2\/types\/post"}],"author":[{"embeddable":true,"href":"https:\/\/radiorevelacionfm.cl\/index.php?rest_route=\/wp\/v2\/users\/1"}],"replies":[{"embeddable":true,"href":"https:\/\/radiorevelacionfm.cl\/index.php?rest_route=%2Fwp%2Fv2%2Fcomments&post=23492"}],"version-history":[{"count":2,"href":"https:\/\/radiorevelacionfm.cl\/index.php?rest_route=\/wp\/v2\/posts\/23492\/revisions"}],"predecessor-version":[{"id":23508,"href":"https:\/\/radiorevelacionfm.cl\/index.php?rest_route=\/wp\/v2\/posts\/23492\/revisions\/23508"}],"wp:featuredmedia":[{"embeddable":true,"href":"https:\/\/radiorevelacionfm.cl\/index.php?rest_route=\/wp\/v2\/media\/23493"}],"wp:attachment":[{"href":"https:\/\/radiorevelacionfm.cl\/index.php?rest_route=%2Fwp%2Fv2%2Fmedia&parent=23492"}],"wp:term":[{"taxonomy":"category","embeddable":true,"href":"https:\/\/radiorevelacionfm.cl\/index.php?rest_route=%2Fwp%2Fv2%2Fcategories&post=23492"},{"taxonomy":"post_tag","embeddable":true,"href":"https:\/\/radiorevelacionfm.cl\/index.php?rest_route=%2Fwp%2Fv2%2Ftags&post=23492"}],"curies":[{"name":"wp","href":"https:\/\/api.w.org\/{rel}","templated":true}]}}