{"id":23489,"date":"2022-10-26T10:01:07","date_gmt":"2022-10-26T13:01:07","guid":{"rendered":"https:\/\/radiorevelacionfm.cl\/?p=23489"},"modified":"2022-10-26T10:01:07","modified_gmt":"2022-10-26T13:01:07","slug":"el-acordeon-y-las-tradiciones-en-voz-de-ninas-y-ninos-de-coyhaique-y-chiloe","status":"publish","type":"post","link":"https:\/\/radiorevelacionfm.cl\/?p=23489","title":{"rendered":"El acorde\u00f3n y las tradiciones en voz de ni\u00f1as y ni\u00f1os de Coyhaique y Chilo\u00e9"},"content":{"rendered":"<div class=\"flex_column av_one_full  flex_column_div av-zero-column-padding first  avia-builder-el-0  el_before_av_one_full  avia-builder-el-first  \" style='border-radius:0px; '><div  class='avia-image-container  av-styling-    avia-builder-el-1  avia-builder-el-no-sibling  avia-align-center '  itemprop=\"image\" itemscope=\"itemscope\" itemtype=\"https:\/\/schema.org\/ImageObject\"  ><div class='avia-image-container-inner'><div class='avia-image-overlay-wrap'><img decoding=\"async\" class='wp-image-23490 avia-img-lazy-loading-not-23490 avia_image' src=\"https:\/\/radiorevelacionfm.cl\/wp-content\/uploads\/2022\/10\/04-8-2_optimized.jpg\" alt='' title='04-(8)-(2)_optimized' height=\"600\" width=\"1139\"  itemprop=\"thumbnailUrl\" srcset=\"https:\/\/radiorevelacionfm.cl\/wp-content\/uploads\/2022\/10\/04-8-2_optimized.jpg 1139w, https:\/\/radiorevelacionfm.cl\/wp-content\/uploads\/2022\/10\/04-8-2_optimized-300x158.jpg 300w, https:\/\/radiorevelacionfm.cl\/wp-content\/uploads\/2022\/10\/04-8-2_optimized-1030x543.jpg 1030w, https:\/\/radiorevelacionfm.cl\/wp-content\/uploads\/2022\/10\/04-8-2_optimized-768x405.jpg 768w, https:\/\/radiorevelacionfm.cl\/wp-content\/uploads\/2022\/10\/04-8-2_optimized-710x375.jpg 710w, https:\/\/radiorevelacionfm.cl\/wp-content\/uploads\/2022\/10\/04-8-2_optimized-705x371.jpg 705w, https:\/\/radiorevelacionfm.cl\/wp-content\/uploads\/2022\/10\/04-8-2_optimized-600x316.jpg 600w\" sizes=\"(max-width: 1139px) 100vw, 1139px\" \/><\/div><\/div><\/div><\/div><div class=\"flex_column av_one_full  flex_column_div av-zero-column-padding first  avia-builder-el-2  el_after_av_one_full  el_before_av_one_full  column-top-margin\" style='border-radius:0px; '><section class=\"av_textblock_section \"  itemscope=\"itemscope\" itemtype=\"https:\/\/schema.org\/BlogPosting\" itemprop=\"blogPost\" ><div class='avia_textblock  '   itemprop=\"text\" ><p style=\"text-align: center;\"><span style=\"font-size: 18pt;\"><b>El acorde\u00f3n y las tradiciones en voz de ni\u00f1as y ni\u00f1os de Coyhaique y Chilo\u00e9<\/b><\/span><\/p>\n<div id=\"gtx-trans\" style=\"position: absolute; left: -50px; top: 4.31534px;\">\n<div class=\"gtx-trans-icon\"><\/div>\n<\/div>\n<\/div><\/section><\/div><div class=\"flex_column av_one_full  flex_column_div av-zero-column-padding first  avia-builder-el-4  el_after_av_one_full  el_before_av_hr  column-top-margin\" style='border-radius:0px; '><section class=\"av_textblock_section \"  itemscope=\"itemscope\" itemtype=\"https:\/\/schema.org\/BlogPosting\" itemprop=\"blogPost\" ><div class='avia_textblock  '   itemprop=\"text\" ><p style=\"font-weight: 400; text-align: justify;\">Sesiones en La Ruta del Acorde\u00f3n\u00a0es el t\u00edtulo de una serie de encuentros que este proyecto ha venido organizando hace algunos meses, con la finalidad de despertar en las y los estudiantes el inter\u00e9s por aprender un poco m\u00e1s sobre la influencia del acorde\u00f3n en la identidad chilota y patagona.<\/p>\n<p style=\"font-weight: 400; text-align: justify;\">Este jueves 27 de octubre las ni\u00f1as y ni\u00f1os de la Comunidad Educativa Casa Waldorf Newen, en la ciudad de Castro, Chilo\u00e9, tendr\u00e1n un quiebre en su rutina para conversar con Pascal, que a mil kil\u00f3metros de distancia estar\u00e1 conectada para compartir su experiencia en la m\u00fasica y espec\u00edficamente en el acorde\u00f3n.<\/p>\n<p style=\"font-weight: 400; text-align: justify;\">A Pascal le toc\u00f3 crecer en un entorno musical, ya que su abuelo es quien le ha ido ense\u00f1ando a tocar el acorde\u00f3n, igual como le ense\u00f1\u00f3 a su hermano mayor. Hace tres a\u00f1os tanto ella, como su abuelo y su hermano, fueron entrevistados para la serie documental Viento Acorde, en la que demostr\u00f3 su temprana habilidad con el acorde\u00f3n. Hoy busca incentivar a que m\u00e1s ni\u00f1as y ni\u00f1os se acerquen y descubran este instrumento.<\/p>\n<p style=\"font-weight: 400; text-align: justify;\">Ariel Sotomayor, profesor de la Casa Waldorf Newen, coment\u00f3 respecto a sus expectativas con este encuentro: \u201cMe gustar\u00eda que las ni\u00f1as y ni\u00f1os se identifiquen y emocionen con el patrimonio de su territorio, ya que relevar la importancia en torno a la identidad es muy significativo en el proceso de aprendizaje que se encuentran los ni\u00f1os, ni\u00f1as y adolescentes\u201d.<\/p>\n<p style=\"font-weight: 400; text-align: justify;\">Por su parte, Alberto Gajardo, director del proyecto\u00a0La Ruta del Acorde\u00f3n, coment\u00f3: \u201cPara mantener vivas las tradiciones, es fundamental empoderar a las nuevas generaciones respecto a su cultura y sus identidades locales, y en este proceso, creemos que es muy importante valorar y validar entre sus pares a ni\u00f1as y ni\u00f1os que practiquen y mantengan tradiciones, como en este caso, el acorde\u00f3n\u201d.<\/p>\n<p style=\"font-weight: 400; text-align: justify;\">Cabe destacar que todas las actividades que realiza La Ruta del Acorde\u00f3n se difunden a trav\u00e9s de sus redes sociales en Facebook, Instagram y TikTok. Adem\u00e1s, todo el contenido desarrollado por el proyecto se puede encontrar en<a href=\"http:\/\/www.larutadelacordeon.cl\/\" data-saferedirecturl=\"https:\/\/www.google.com\/url?q=http:\/\/www.larutadelacordeon.cl\/&amp;source=gmail&amp;ust=1666812635489000&amp;usg=AOvVaw3wEg7zOgVBd8kB8pN0FuuH\">\u00a0www.larutadelacordeon.cl<\/a>.<\/p>\n<\/div><\/section><\/div><div  style='height:50px' class='hr hr-invisible   avia-builder-el-6  el_after_av_one_full  el_before_av_social_share '><span class='hr-inner ' ><span class='hr-inner-style'><\/span><\/span><\/div><\/p>\n<div  class='av-social-sharing-box  avia-builder-el-7  el_after_av_hr  el_before_av_hr  '><div class='av-share-box'><h5 class='av-share-link-description av-no-toc '>Compartir esta noticia<\/h5><ul class='av-share-box-list noLightbox'><li class='av-share-link av-social-link-facebook' ><a target=\"_blank\" aria-label=\"Compartir en Facebook\" href='https:\/\/www.facebook.com\/sharer.php?u=https:\/\/radiorevelacionfm.cl\/?p=23489&#038;t=El%20acorde%C3%B3n%20y%20las%20tradiciones%20en%20voz%20de%20ni%C3%B1as%20y%20ni%C3%B1os%20de%20Coyhaique%20y%20Chilo%C3%A9' aria-hidden='false' data-av_icon='\ue8f3' data-av_iconfont='entypo-fontello' title='' data-avia-related-tooltip='Compartir en Facebook' rel=\"noopener\"><span class='avia_hidden_link_text'>Compartir en Facebook<\/span><\/a><\/li><li class='av-share-link av-social-link-twitter' ><a target=\"_blank\" aria-label=\"Compartir en Twitter\" href='https:\/\/twitter.com\/share?text=El%20acorde%C3%B3n%20y%20las%20tradiciones%20en%20voz%20de%20ni%C3%B1as%20y%20ni%C3%B1os%20de%20Coyhaique%20y%20Chilo%C3%A9&#038;url=https:\/\/radiorevelacionfm.cl\/?p=23489' aria-hidden='false' data-av_icon='\ue8f1' data-av_iconfont='entypo-fontello' title='' data-avia-related-tooltip='Compartir en Twitter' rel=\"noopener\"><span class='avia_hidden_link_text'>Compartir en Twitter<\/span><\/a><\/li><li class='av-share-link av-social-link-whatsapp' ><a target=\"_blank\" aria-label=\"Compartir en Whatsapp\" href='https:\/\/api.whatsapp.com\/send?text=https:\/\/radiorevelacionfm.cl\/?p=23489' aria-hidden='false' data-av_icon='\uf232' data-av_iconfont='entypo-fontello' title='' data-avia-related-tooltip='Compartir en Whatsapp' rel=\"noopener\"><span class='avia_hidden_link_text'>Compartir en Whatsapp<\/span><\/a><\/li><li class='av-share-link av-social-link-linkedin' ><a target=\"_blank\" aria-label=\"Compartir en LinkedIn\" href='https:\/\/linkedin.com\/shareArticle?mini=true&#038;title=El%20acorde%C3%B3n%20y%20las%20tradiciones%20en%20voz%20de%20ni%C3%B1as%20y%20ni%C3%B1os%20de%20Coyhaique%20y%20Chilo%C3%A9&#038;url=https:\/\/radiorevelacionfm.cl\/?p=23489' aria-hidden='false' data-av_icon='\ue8fc' data-av_iconfont='entypo-fontello' title='' data-avia-related-tooltip='Compartir en LinkedIn' rel=\"noopener\"><span class='avia_hidden_link_text'>Compartir en LinkedIn<\/span><\/a><\/li><li class='av-share-link av-social-link-mail' ><a  aria-label=\"Compartir por correo\" href='mailto:?subject=El%20acorde%C3%B3n%20y%20las%20tradiciones%20en%20voz%20de%20ni%C3%B1as%20y%20ni%C3%B1os%20de%20Coyhaique%20y%20Chilo%C3%A9&#038;body=https:\/\/radiorevelacionfm.cl\/?p=23489' aria-hidden='false' data-av_icon='\ue805' data-av_iconfont='entypo-fontello' title='' data-avia-related-tooltip='Compartir por correo'><span class='avia_hidden_link_text'>Compartir por correo<\/span><\/a><\/li><\/ul><\/div><\/div>\n<div  style='height:50px' class='hr hr-invisible   avia-builder-el-8  el_after_av_social_share  el_before_av_comments_list '><span class='hr-inner ' ><span class='hr-inner-style'><\/span><\/span><\/div>\n<div  class='av-buildercomment  av-blog-meta-html-info-disabled av-blog-meta-tag-disabled  '><\/div>\n","protected":false},"excerpt":{"rendered":"","protected":false},"author":1,"featured_media":23490,"comment_status":"open","ping_status":"open","sticky":false,"template":"","format":"standard","meta":{"footnotes":""},"categories":[43],"tags":[],"class_list":["post-23489","post","type-post","status-publish","format-standard","has-post-thumbnail","hentry","category-musica"],"jetpack_featured_media_url":"https:\/\/radiorevelacionfm.cl\/wp-content\/uploads\/2022\/10\/04-8-2_optimized.jpg","_links":{"self":[{"href":"https:\/\/radiorevelacionfm.cl\/index.php?rest_route=\/wp\/v2\/posts\/23489","targetHints":{"allow":["GET"]}}],"collection":[{"href":"https:\/\/radiorevelacionfm.cl\/index.php?rest_route=\/wp\/v2\/posts"}],"about":[{"href":"https:\/\/radiorevelacionfm.cl\/index.php?rest_route=\/wp\/v2\/types\/post"}],"author":[{"embeddable":true,"href":"https:\/\/radiorevelacionfm.cl\/index.php?rest_route=\/wp\/v2\/users\/1"}],"replies":[{"embeddable":true,"href":"https:\/\/radiorevelacionfm.cl\/index.php?rest_route=%2Fwp%2Fv2%2Fcomments&post=23489"}],"version-history":[{"count":2,"href":"https:\/\/radiorevelacionfm.cl\/index.php?rest_route=\/wp\/v2\/posts\/23489\/revisions"}],"predecessor-version":[{"id":23516,"href":"https:\/\/radiorevelacionfm.cl\/index.php?rest_route=\/wp\/v2\/posts\/23489\/revisions\/23516"}],"wp:featuredmedia":[{"embeddable":true,"href":"https:\/\/radiorevelacionfm.cl\/index.php?rest_route=\/wp\/v2\/media\/23490"}],"wp:attachment":[{"href":"https:\/\/radiorevelacionfm.cl\/index.php?rest_route=%2Fwp%2Fv2%2Fmedia&parent=23489"}],"wp:term":[{"taxonomy":"category","embeddable":true,"href":"https:\/\/radiorevelacionfm.cl\/index.php?rest_route=%2Fwp%2Fv2%2Fcategories&post=23489"},{"taxonomy":"post_tag","embeddable":true,"href":"https:\/\/radiorevelacionfm.cl\/index.php?rest_route=%2Fwp%2Fv2%2Ftags&post=23489"}],"curies":[{"name":"wp","href":"https:\/\/api.w.org\/{rel}","templated":true}]}}