{"id":23485,"date":"2022-10-25T17:01:17","date_gmt":"2022-10-25T20:01:17","guid":{"rendered":"https:\/\/radiorevelacionfm.cl\/?p=23485"},"modified":"2022-10-25T17:01:17","modified_gmt":"2022-10-25T20:01:17","slug":"diez-familias-de-rio-ibanez-mejoran-condiciones-de-habitabilidad-de-sus-viviendas","status":"publish","type":"post","link":"https:\/\/radiorevelacionfm.cl\/?p=23485","title":{"rendered":"Diez familias de R\u00edo Ib\u00e1\u00f1ez mejoran condiciones de habitabilidad de sus viviendas"},"content":{"rendered":"<div class=\"flex_column av_one_full  flex_column_div av-zero-column-padding first  avia-builder-el-0  el_before_av_one_full  avia-builder-el-first  \" style='border-radius:0px; '><div  class='avia-image-container  av-styling-    avia-builder-el-1  avia-builder-el-no-sibling  avia-align-center '  itemprop=\"image\" itemscope=\"itemscope\" itemtype=\"https:\/\/schema.org\/ImageObject\"  ><div class='avia-image-container-inner'><div class='avia-image-overlay-wrap'><img decoding=\"async\" class='wp-image-23486 avia-img-lazy-loading-not-23486 avia_image' src=\"https:\/\/radiorevelacionfm.cl\/wp-content\/uploads\/2022\/10\/hrioibanez1-1-1_optimized-1.jpg\" alt='' title='hr\u00edoib\u00e1\u00f1ez1-1-(1)_optimized (1)' height=\"600\" width=\"1324\"  itemprop=\"thumbnailUrl\" srcset=\"https:\/\/radiorevelacionfm.cl\/wp-content\/uploads\/2022\/10\/hrioibanez1-1-1_optimized-1.jpg 1324w, https:\/\/radiorevelacionfm.cl\/wp-content\/uploads\/2022\/10\/hrioibanez1-1-1_optimized-1-300x136.jpg 300w, https:\/\/radiorevelacionfm.cl\/wp-content\/uploads\/2022\/10\/hrioibanez1-1-1_optimized-1-1030x467.jpg 1030w, https:\/\/radiorevelacionfm.cl\/wp-content\/uploads\/2022\/10\/hrioibanez1-1-1_optimized-1-768x348.jpg 768w, https:\/\/radiorevelacionfm.cl\/wp-content\/uploads\/2022\/10\/hrioibanez1-1-1_optimized-1-705x319.jpg 705w, https:\/\/radiorevelacionfm.cl\/wp-content\/uploads\/2022\/10\/hrioibanez1-1-1_optimized-1-600x272.jpg 600w\" sizes=\"(max-width: 1324px) 100vw, 1324px\" \/><\/div><\/div><\/div><\/div><div class=\"flex_column av_one_full  flex_column_div av-zero-column-padding first  avia-builder-el-2  el_after_av_one_full  el_before_av_one_full  column-top-margin\" style='border-radius:0px; '><section class=\"av_textblock_section \"  itemscope=\"itemscope\" itemtype=\"https:\/\/schema.org\/BlogPosting\" itemprop=\"blogPost\" ><div class='avia_textblock  '   itemprop=\"text\" ><p style=\"text-align: center;\"><strong><span style=\"font-size: 18pt;\">Diez familias de R\u00edo Ib\u00e1\u00f1ez mejoran condiciones de habitabilidad de sus viviendas<\/span><\/strong><\/p>\n<div id=\"gtx-trans\" style=\"position: absolute; left: -50px; top: 4.31534px;\">\n<div class=\"gtx-trans-icon\"><\/div>\n<\/div>\n<\/div><\/section><\/div><div class=\"flex_column av_one_full  flex_column_div av-zero-column-padding first  avia-builder-el-4  el_after_av_one_full  el_before_av_hr  column-top-margin\" style='border-radius:0px; '><section class=\"av_textblock_section \"  itemscope=\"itemscope\" itemtype=\"https:\/\/schema.org\/BlogPosting\" itemprop=\"blogPost\" ><div class='avia_textblock  '   itemprop=\"text\" ><p style=\"text-align: justify;\">El programa de Habitabilidad actualmente interviene un total de 80 familias de las comunas de Coyhaique, Ays\u00e9n, Cisnes, R\u00edo Ib\u00e1\u00f1ez, Cochrane y Chile Chico; gracias al financiamiento del Ministerio de Desarrollo Social y Familia, la asistencia t\u00e9cnica del Fondo de Solidaridad e Inversi\u00f3n Social, FOSIS y la ejecuci\u00f3n de las Municipalidades.<\/p>\n<p style=\"text-align: justify;\">Esta instancia program\u00e1tica entregar apoyo integral a familias vulnerables, con soluciones constructivas para el mejoramiento de la vivienda; generando condiciones de confortabilidad, accesibilidad, servicios b\u00e1sicos y equipamiento; junto con talleres para fortalecer h\u00e1bitos saludables en el uso y mantenci\u00f3n de la vivienda.<\/p>\n<p style=\"text-align: justify;\">Fernanda Leiva, Directora Regional del FOSIS en Ays\u00e9n, asegur\u00f3 que \u201cestamos muy contentos como FOSIS de estar, junto al Alcalde, en la comuna de R\u00edo Ib\u00e1\u00f1ez conociendo a las familias beneficiarias del programa de Habitabilidad, viendo en terreno c\u00f3mo la conjunci\u00f3n de los trabajos logra mejorar la calidad de vida de las Familias. Nos vamos felices de poder ver que est\u00e1n finalizando este proceso, que ya se han entregado la mayor parte de trabajos e insumos que se les dan a las familias de acuerdo con la realidad y necesidad de cada una. Estamos muy agradecidos del trabajo que cada uno cumple para lograr que este programa se exitoso.\u201d<\/p>\n<p style=\"text-align: justify;\">El Alcalde de R\u00edo Ib\u00e1\u00f1ez, Marcelo Santana, destac\u00f3 la ejecuci\u00f3n del programa de Habitabilidad en su comuna y agreg\u00f3 que \u201cestamos cerrando un programa muy importante que nos ha permitido mejorar las condiciones de habitabilidad de 10 familias de la comuna, con una inversi\u00f3n cercana a los cuarenta millones de pesos y que nos permite entregar esta colaboraci\u00f3n en pos de mejorar la habitabilidad de nuestros vecinos. Agradecemos a FOSIS, a la Directora, su disposici\u00f3n y la voluntad que nos ha permitido traer estos recursos a la comuna para ir en directa ayuda de nuestros vecinos.\u201d<\/p>\n<p style=\"text-align: justify;\">Ana Villagr\u00e1n, campesina del sector el Maitenal en la comuna e R\u00edo Ib\u00e1\u00f1ez, se mostr\u00f3 contenta por la intervenci\u00f3n del programa en su vivienda. \u201cQuiero agradecer el apoyo que han brindado a nuestra familia, las capacitaciones fueron s\u00faper buenas y el equipamiento que me entregaron fue una cama completa con cobertor, s\u00e1banas y almohadas; arreglaron y pintaron el dormitorio, lo cual nos sirve para mejorar nuestra vivienda. Estamos muy agradecidos por el apoyo que nos dieron.\u201d<\/p>\n<p style=\"text-align: justify;\">El programa de Habitabilidad no es postulable y prioriza a familias que son parte de los programas Familias, Calle, Camino y V\u00ednculos, del Subsistema de Seguridades y Oportunidades.<\/p>\n<\/div><\/section><\/div><div  style='height:50px' class='hr hr-invisible   avia-builder-el-6  el_after_av_one_full  el_before_av_social_share '><span class='hr-inner ' ><span class='hr-inner-style'><\/span><\/span><\/div><\/p>\n<div  class='av-social-sharing-box  avia-builder-el-7  el_after_av_hr  el_before_av_hr  '><div class='av-share-box'><h5 class='av-share-link-description av-no-toc '>Compartir esta noticia<\/h5><ul class='av-share-box-list noLightbox'><li class='av-share-link av-social-link-facebook' ><a target=\"_blank\" aria-label=\"Compartir en Facebook\" href='https:\/\/www.facebook.com\/sharer.php?u=https:\/\/radiorevelacionfm.cl\/?p=23485&#038;t=Diez%20familias%20de%20R%C3%ADo%20Ib%C3%A1%C3%B1ez%20mejoran%20condiciones%20de%20habitabilidad%20de%20sus%20viviendas' aria-hidden='false' data-av_icon='\ue8f3' data-av_iconfont='entypo-fontello' title='' data-avia-related-tooltip='Compartir en Facebook' rel=\"noopener\"><span class='avia_hidden_link_text'>Compartir en Facebook<\/span><\/a><\/li><li class='av-share-link av-social-link-twitter' ><a target=\"_blank\" aria-label=\"Compartir en Twitter\" href='https:\/\/twitter.com\/share?text=Diez%20familias%20de%20R%C3%ADo%20Ib%C3%A1%C3%B1ez%20mejoran%20condiciones%20de%20habitabilidad%20de%20sus%20viviendas&#038;url=https:\/\/radiorevelacionfm.cl\/?p=23485' aria-hidden='false' data-av_icon='\ue8f1' data-av_iconfont='entypo-fontello' title='' data-avia-related-tooltip='Compartir en Twitter' rel=\"noopener\"><span class='avia_hidden_link_text'>Compartir en Twitter<\/span><\/a><\/li><li class='av-share-link av-social-link-whatsapp' ><a target=\"_blank\" aria-label=\"Compartir en Whatsapp\" href='https:\/\/api.whatsapp.com\/send?text=https:\/\/radiorevelacionfm.cl\/?p=23485' aria-hidden='false' data-av_icon='\uf232' data-av_iconfont='entypo-fontello' title='' data-avia-related-tooltip='Compartir en Whatsapp' rel=\"noopener\"><span class='avia_hidden_link_text'>Compartir en Whatsapp<\/span><\/a><\/li><li class='av-share-link av-social-link-linkedin' ><a target=\"_blank\" aria-label=\"Compartir en LinkedIn\" href='https:\/\/linkedin.com\/shareArticle?mini=true&#038;title=Diez%20familias%20de%20R%C3%ADo%20Ib%C3%A1%C3%B1ez%20mejoran%20condiciones%20de%20habitabilidad%20de%20sus%20viviendas&#038;url=https:\/\/radiorevelacionfm.cl\/?p=23485' aria-hidden='false' data-av_icon='\ue8fc' data-av_iconfont='entypo-fontello' title='' data-avia-related-tooltip='Compartir en LinkedIn' rel=\"noopener\"><span class='avia_hidden_link_text'>Compartir en LinkedIn<\/span><\/a><\/li><li class='av-share-link av-social-link-mail' ><a  aria-label=\"Compartir por correo\" href='mailto:?subject=Diez%20familias%20de%20R%C3%ADo%20Ib%C3%A1%C3%B1ez%20mejoran%20condiciones%20de%20habitabilidad%20de%20sus%20viviendas&#038;body=https:\/\/radiorevelacionfm.cl\/?p=23485' aria-hidden='false' data-av_icon='\ue805' data-av_iconfont='entypo-fontello' title='' data-avia-related-tooltip='Compartir por correo'><span class='avia_hidden_link_text'>Compartir por correo<\/span><\/a><\/li><\/ul><\/div><\/div>\n<div  style='height:50px' class='hr hr-invisible   avia-builder-el-8  el_after_av_social_share  el_before_av_comments_list '><span class='hr-inner ' ><span class='hr-inner-style'><\/span><\/span><\/div>\n<div  class='av-buildercomment  av-blog-meta-html-info-disabled av-blog-meta-tag-disabled  '><\/div>\n","protected":false},"excerpt":{"rendered":"","protected":false},"author":1,"featured_media":23486,"comment_status":"open","ping_status":"open","sticky":false,"template":"","format":"standard","meta":{"footnotes":""},"categories":[38],"tags":[],"class_list":["post-23485","post","type-post","status-publish","format-standard","has-post-thumbnail","hentry","category-regional"],"jetpack_featured_media_url":"https:\/\/radiorevelacionfm.cl\/wp-content\/uploads\/2022\/10\/hrioibanez1-1-1_optimized-1.jpg","_links":{"self":[{"href":"https:\/\/radiorevelacionfm.cl\/index.php?rest_route=\/wp\/v2\/posts\/23485","targetHints":{"allow":["GET"]}}],"collection":[{"href":"https:\/\/radiorevelacionfm.cl\/index.php?rest_route=\/wp\/v2\/posts"}],"about":[{"href":"https:\/\/radiorevelacionfm.cl\/index.php?rest_route=\/wp\/v2\/types\/post"}],"author":[{"embeddable":true,"href":"https:\/\/radiorevelacionfm.cl\/index.php?rest_route=\/wp\/v2\/users\/1"}],"replies":[{"embeddable":true,"href":"https:\/\/radiorevelacionfm.cl\/index.php?rest_route=%2Fwp%2Fv2%2Fcomments&post=23485"}],"version-history":[{"count":2,"href":"https:\/\/radiorevelacionfm.cl\/index.php?rest_route=\/wp\/v2\/posts\/23485\/revisions"}],"predecessor-version":[{"id":23488,"href":"https:\/\/radiorevelacionfm.cl\/index.php?rest_route=\/wp\/v2\/posts\/23485\/revisions\/23488"}],"wp:featuredmedia":[{"embeddable":true,"href":"https:\/\/radiorevelacionfm.cl\/index.php?rest_route=\/wp\/v2\/media\/23486"}],"wp:attachment":[{"href":"https:\/\/radiorevelacionfm.cl\/index.php?rest_route=%2Fwp%2Fv2%2Fmedia&parent=23485"}],"wp:term":[{"taxonomy":"category","embeddable":true,"href":"https:\/\/radiorevelacionfm.cl\/index.php?rest_route=%2Fwp%2Fv2%2Fcategories&post=23485"},{"taxonomy":"post_tag","embeddable":true,"href":"https:\/\/radiorevelacionfm.cl\/index.php?rest_route=%2Fwp%2Fv2%2Ftags&post=23485"}],"curies":[{"name":"wp","href":"https:\/\/api.w.org\/{rel}","templated":true}]}}