{"id":23479,"date":"2022-10-25T18:54:26","date_gmt":"2022-10-25T21:54:26","guid":{"rendered":"https:\/\/radiorevelacionfm.cl\/?p=23479"},"modified":"2022-10-25T18:54:26","modified_gmt":"2022-10-25T21:54:26","slug":"se-inicio-rescate-de-archivos-historicos-de-la-seremi-bienes-nacionales-aysen","status":"publish","type":"post","link":"https:\/\/radiorevelacionfm.cl\/?p=23479","title":{"rendered":"Se inici\u00f3 rescate de archivos hist\u00f3ricos de la Seremi Bienes Nacionales Ays\u00e9n"},"content":{"rendered":"<div class=\"flex_column av_one_full  flex_column_div av-zero-column-padding first  avia-builder-el-0  el_before_av_one_full  avia-builder-el-first  \" style='border-radius:0px; '><div  class='avia-image-container  av-styling-    avia-builder-el-1  avia-builder-el-no-sibling  avia-align-center '  itemprop=\"image\" itemscope=\"itemscope\" itemtype=\"https:\/\/schema.org\/ImageObject\"  ><div class='avia-image-container-inner'><div class='avia-image-overlay-wrap'><img decoding=\"async\" class='wp-image-23480 avia-img-lazy-loading-not-23480 avia_image' src=\"https:\/\/radiorevelacionfm.cl\/wp-content\/uploads\/2022\/10\/IMG_6849-1-1.jpg\" alt='' title='IMG_6849 (1) (1)' height=\"600\" width=\"800\"  itemprop=\"thumbnailUrl\" srcset=\"https:\/\/radiorevelacionfm.cl\/wp-content\/uploads\/2022\/10\/IMG_6849-1-1.jpg 800w, https:\/\/radiorevelacionfm.cl\/wp-content\/uploads\/2022\/10\/IMG_6849-1-1-300x225.jpg 300w, https:\/\/radiorevelacionfm.cl\/wp-content\/uploads\/2022\/10\/IMG_6849-1-1-768x576.jpg 768w, https:\/\/radiorevelacionfm.cl\/wp-content\/uploads\/2022\/10\/IMG_6849-1-1-705x529.jpg 705w, https:\/\/radiorevelacionfm.cl\/wp-content\/uploads\/2022\/10\/IMG_6849-1-1-600x450.jpg 600w\" sizes=\"(max-width: 800px) 100vw, 800px\" \/><\/div><\/div><\/div><\/div><div class=\"flex_column av_one_full  flex_column_div av-zero-column-padding first  avia-builder-el-2  el_after_av_one_full  el_before_av_one_full  column-top-margin\" style='border-radius:0px; '><section class=\"av_textblock_section \"  itemscope=\"itemscope\" itemtype=\"https:\/\/schema.org\/BlogPosting\" itemprop=\"blogPost\" ><div class='avia_textblock  '   itemprop=\"text\" ><p style=\"text-align: center;\"><span style=\"font-size: 18pt;\"><strong>Se inici\u00f3 rescate de archivos hist\u00f3ricos de la Seremi Bienes Nacionales Ays\u00e9n<\/strong><\/span><\/p>\n<div id=\"gtx-trans\" style=\"position: absolute; left: -50px; top: 4.31534px;\">\n<div class=\"gtx-trans-icon\"><\/div>\n<\/div>\n<\/div><\/section><\/div><div class=\"flex_column av_one_full  flex_column_div av-zero-column-padding first  avia-builder-el-4  el_after_av_one_full  el_before_av_hr  column-top-margin\" style='border-radius:0px; '><section class=\"av_textblock_section \"  itemscope=\"itemscope\" itemtype=\"https:\/\/schema.org\/BlogPosting\" itemprop=\"blogPost\" ><div class='avia_textblock  '   itemprop=\"text\" ><p style=\"text-align: justify;\">Desde el inicio de la actual administraci\u00f3n, que es liderada por Irina Morend, se ha dado prioridad al rescate de los archivos hist\u00f3ricos del Ministerio y se ha relevado su importancia documental en la colonizaci\u00f3n de la regi\u00f3n de Ays\u00e9n.<\/p>\n<p style=\"text-align: justify;\">Es as\u00ed que en mayo de este a\u00f1o se iniciaron las primeras conversaciones con los servicios ligados al patrimonio y la cultura, donde se evaluaron las posibilidades y procedimientos que permitan realizar un diagn\u00f3stico del estado de los archivos y c\u00f3mo iniciar la conservaci\u00f3n preventiva de \u00e9stos.<\/p>\n<p style=\"text-align: justify;\">En estas primeras conversaciones se logr\u00f3 establecer una alianza con la Universidad de Ays\u00e9n, a trav\u00e9s de los ejecutores del proyecto, \u201cIdentificaci\u00f3n y registro del patrimonio bibliogr\u00e1fico y documental de Ays\u00e9n para implementar un repositorio digital de acceso p\u00fablico\u201d, que es financiado por el Fondo del Patrimonio Cultural, concurso regional. Equipo de investigadores que a principio de octubre inici\u00f3 el trabajo de rescate de los archivos m\u00e1s deteriorados y que se encontraban en antiguas bodegas de la Seremi de Bienes Nacionales Ays\u00e9n.<\/p>\n<p style=\"text-align: justify;\">\u201cLo que estamos haciendo es salvaguardar los archivos que est\u00e1n en mayor riesgo de perderse. En esta primera etapa, los dejaremos en cajas de cart\u00f3n, orden\u00e1ndolos de tal manera de evitar que se dispersen, esto es agruparlos, por ejemplo, por a\u00f1o, o tipo de tr\u00e1mite: ventas, arriendos, concesiones, etc. Para luego llevarlos a un lugar donde puedan ser conservados en mejores condiciones, dentro de las mismas instalaciones de la Seremi. Posteriormente la idea es poder darle continuidad a este primer trabajo a trav\u00e9s de un proyecto del Fondo Innovaci\u00f3n para la Competitividad del Gobierno Regional,\u00a0 al cual estamos postulando, con miras a digitalizar la informaci\u00f3n para ponerla a disposici\u00f3n del propio servicio, de la comunidad local, nacional y por qu\u00e9 no internacional\u201d, detall\u00f3 Camila Molettieri, quien, junto a Mauricio Osorio, Manuel Mu\u00f1oz y Sebasti\u00e1n Saavedra, conforman el equipo de investigadores.<\/p>\n<p style=\"text-align: justify;\">\u201cSin lugar a dudas el Ministerio de Bienes Nacionales -anteriormente el Ministerio de Tierras y Colonizaci\u00f3n- ha tenido un rol protag\u00f3nico en la colonizaci\u00f3n de la regi\u00f3n de Ays\u00e9n y en el ordenamiento de los primeros poblados, procesos de asentamiento desarrollados a trav\u00e9s de diversos mecanismos administrativos de Estado. Muchos de esos actos, plasmados en documentos, a\u00fan permanecen en nuestras oficinas, piezas de memoria e historia de la regi\u00f3n. Entre ellos, encontramos: decretos de t\u00edtulos de propiedad, planos, libretas de apuntes de los top\u00f3grafos, libros de partes, entre muchos otros. Material de gran valor que debemos recuperar para ponerlos a disposici\u00f3n de la comunidad\u201d, puntualiz\u00f3 la Seremi Irina Morend Valdebenito.<\/p>\n<p style=\"text-align: justify;\">Esta iniciativa de rescate tambi\u00e9n ha contado con el apoyo de la Seremi de las Culturas las Artes y el Patrimonio Ays\u00e9n, la Direcci\u00f3n Regional del Servicio Nacional del Patrimonio Cultural, Archivo Nacional de Chile y el Museo Regional de Ays\u00e9n, con quienes se han evaluado las v\u00edas que permitan cumplir con el objetivo final de resguardo y puesta en valor de los documentos.<\/p>\n<\/div><\/section><\/div><div  style='height:50px' class='hr hr-invisible   avia-builder-el-6  el_after_av_one_full  el_before_av_social_share '><span class='hr-inner ' ><span class='hr-inner-style'><\/span><\/span><\/div><\/p>\n<div  class='av-social-sharing-box  avia-builder-el-7  el_after_av_hr  el_before_av_hr  '><div class='av-share-box'><h5 class='av-share-link-description av-no-toc '>Compartir esta noticia<\/h5><ul class='av-share-box-list noLightbox'><li class='av-share-link av-social-link-facebook' ><a target=\"_blank\" aria-label=\"Compartir en Facebook\" href='https:\/\/www.facebook.com\/sharer.php?u=https:\/\/radiorevelacionfm.cl\/?p=23479&#038;t=Se%20inici%C3%B3%20rescate%20de%20archivos%20hist%C3%B3ricos%20de%20la%20Seremi%20Bienes%20Nacionales%20Ays%C3%A9n' aria-hidden='false' data-av_icon='\ue8f3' data-av_iconfont='entypo-fontello' title='' data-avia-related-tooltip='Compartir en Facebook' rel=\"noopener\"><span class='avia_hidden_link_text'>Compartir en Facebook<\/span><\/a><\/li><li class='av-share-link av-social-link-twitter' ><a target=\"_blank\" aria-label=\"Compartir en Twitter\" href='https:\/\/twitter.com\/share?text=Se%20inici%C3%B3%20rescate%20de%20archivos%20hist%C3%B3ricos%20de%20la%20Seremi%20Bienes%20Nacionales%20Ays%C3%A9n&#038;url=https:\/\/radiorevelacionfm.cl\/?p=23479' aria-hidden='false' data-av_icon='\ue8f1' data-av_iconfont='entypo-fontello' title='' data-avia-related-tooltip='Compartir en Twitter' rel=\"noopener\"><span class='avia_hidden_link_text'>Compartir en Twitter<\/span><\/a><\/li><li class='av-share-link av-social-link-whatsapp' ><a target=\"_blank\" aria-label=\"Compartir en Whatsapp\" href='https:\/\/api.whatsapp.com\/send?text=https:\/\/radiorevelacionfm.cl\/?p=23479' aria-hidden='false' data-av_icon='\uf232' data-av_iconfont='entypo-fontello' title='' data-avia-related-tooltip='Compartir en Whatsapp' rel=\"noopener\"><span class='avia_hidden_link_text'>Compartir en Whatsapp<\/span><\/a><\/li><li class='av-share-link av-social-link-linkedin' ><a target=\"_blank\" aria-label=\"Compartir en LinkedIn\" href='https:\/\/linkedin.com\/shareArticle?mini=true&#038;title=Se%20inici%C3%B3%20rescate%20de%20archivos%20hist%C3%B3ricos%20de%20la%20Seremi%20Bienes%20Nacionales%20Ays%C3%A9n&#038;url=https:\/\/radiorevelacionfm.cl\/?p=23479' aria-hidden='false' data-av_icon='\ue8fc' data-av_iconfont='entypo-fontello' title='' data-avia-related-tooltip='Compartir en LinkedIn' rel=\"noopener\"><span class='avia_hidden_link_text'>Compartir en LinkedIn<\/span><\/a><\/li><li class='av-share-link av-social-link-mail' ><a  aria-label=\"Compartir por correo\" href='mailto:?subject=Se%20inici%C3%B3%20rescate%20de%20archivos%20hist%C3%B3ricos%20de%20la%20Seremi%20Bienes%20Nacionales%20Ays%C3%A9n&#038;body=https:\/\/radiorevelacionfm.cl\/?p=23479' aria-hidden='false' data-av_icon='\ue805' data-av_iconfont='entypo-fontello' title='' data-avia-related-tooltip='Compartir por correo'><span class='avia_hidden_link_text'>Compartir por correo<\/span><\/a><\/li><\/ul><\/div><\/div>\n<div  style='height:50px' class='hr hr-invisible   avia-builder-el-8  el_after_av_social_share  el_before_av_comments_list '><span class='hr-inner ' ><span class='hr-inner-style'><\/span><\/span><\/div>\n<div  class='av-buildercomment  av-blog-meta-html-info-disabled av-blog-meta-tag-disabled  '><\/div>\n","protected":false},"excerpt":{"rendered":"","protected":false},"author":1,"featured_media":23480,"comment_status":"open","ping_status":"open","sticky":false,"template":"","format":"standard","meta":{"footnotes":""},"categories":[38],"tags":[],"class_list":["post-23479","post","type-post","status-publish","format-standard","has-post-thumbnail","hentry","category-regional"],"jetpack_featured_media_url":"https:\/\/radiorevelacionfm.cl\/wp-content\/uploads\/2022\/10\/IMG_6849-1-1.jpg","_links":{"self":[{"href":"https:\/\/radiorevelacionfm.cl\/index.php?rest_route=\/wp\/v2\/posts\/23479","targetHints":{"allow":["GET"]}}],"collection":[{"href":"https:\/\/radiorevelacionfm.cl\/index.php?rest_route=\/wp\/v2\/posts"}],"about":[{"href":"https:\/\/radiorevelacionfm.cl\/index.php?rest_route=\/wp\/v2\/types\/post"}],"author":[{"embeddable":true,"href":"https:\/\/radiorevelacionfm.cl\/index.php?rest_route=\/wp\/v2\/users\/1"}],"replies":[{"embeddable":true,"href":"https:\/\/radiorevelacionfm.cl\/index.php?rest_route=%2Fwp%2Fv2%2Fcomments&post=23479"}],"version-history":[{"count":2,"href":"https:\/\/radiorevelacionfm.cl\/index.php?rest_route=\/wp\/v2\/posts\/23479\/revisions"}],"predecessor-version":[{"id":23506,"href":"https:\/\/radiorevelacionfm.cl\/index.php?rest_route=\/wp\/v2\/posts\/23479\/revisions\/23506"}],"wp:featuredmedia":[{"embeddable":true,"href":"https:\/\/radiorevelacionfm.cl\/index.php?rest_route=\/wp\/v2\/media\/23480"}],"wp:attachment":[{"href":"https:\/\/radiorevelacionfm.cl\/index.php?rest_route=%2Fwp%2Fv2%2Fmedia&parent=23479"}],"wp:term":[{"taxonomy":"category","embeddable":true,"href":"https:\/\/radiorevelacionfm.cl\/index.php?rest_route=%2Fwp%2Fv2%2Fcategories&post=23479"},{"taxonomy":"post_tag","embeddable":true,"href":"https:\/\/radiorevelacionfm.cl\/index.php?rest_route=%2Fwp%2Fv2%2Ftags&post=23479"}],"curies":[{"name":"wp","href":"https:\/\/api.w.org\/{rel}","templated":true}]}}