{"id":23474,"date":"2022-10-25T16:23:52","date_gmt":"2022-10-25T19:23:52","guid":{"rendered":"https:\/\/radiorevelacionfm.cl\/?p=23474"},"modified":"2022-10-25T16:24:15","modified_gmt":"2022-10-25T19:24:15","slug":"adultos-mayores-cierran-su-mes-con-gran-fiesta-de-bailes-y-concursos","status":"publish","type":"post","link":"https:\/\/radiorevelacionfm.cl\/?p=23474","title":{"rendered":"Adultos mayores cierran su mes con gran fiesta de bailes y concursos"},"content":{"rendered":"<div class=\"flex_column av_one_full  flex_column_div av-zero-column-padding first  avia-builder-el-0  el_before_av_one_full  avia-builder-el-first  \" style='border-radius:0px; '><div  class='avia-image-container  av-styling-    avia-builder-el-1  avia-builder-el-no-sibling  avia-align-center '  itemprop=\"image\" itemscope=\"itemscope\" itemtype=\"https:\/\/schema.org\/ImageObject\"  ><div class='avia-image-container-inner'><div class='avia-image-overlay-wrap'><img decoding=\"async\" class='wp-image-23475 avia-img-lazy-loading-not-23475 avia_image' src=\"https:\/\/radiorevelacionfm.cl\/wp-content\/uploads\/2022\/10\/celebracion-4-1_optimized-1.jpg\" alt='' title='celebraci\u00f3n-4-(1)_optimized (1)' height=\"600\" width=\"1065\"  itemprop=\"thumbnailUrl\" srcset=\"https:\/\/radiorevelacionfm.cl\/wp-content\/uploads\/2022\/10\/celebracion-4-1_optimized-1.jpg 1065w, https:\/\/radiorevelacionfm.cl\/wp-content\/uploads\/2022\/10\/celebracion-4-1_optimized-1-300x169.jpg 300w, https:\/\/radiorevelacionfm.cl\/wp-content\/uploads\/2022\/10\/celebracion-4-1_optimized-1-1030x580.jpg 1030w, https:\/\/radiorevelacionfm.cl\/wp-content\/uploads\/2022\/10\/celebracion-4-1_optimized-1-768x433.jpg 768w, https:\/\/radiorevelacionfm.cl\/wp-content\/uploads\/2022\/10\/celebracion-4-1_optimized-1-705x397.jpg 705w, https:\/\/radiorevelacionfm.cl\/wp-content\/uploads\/2022\/10\/celebracion-4-1_optimized-1-600x338.jpg 600w\" sizes=\"(max-width: 1065px) 100vw, 1065px\" \/><\/div><\/div><\/div><\/div><div class=\"flex_column av_one_full  flex_column_div av-zero-column-padding first  avia-builder-el-2  el_after_av_one_full  el_before_av_one_full  column-top-margin\" style='border-radius:0px; '><section class=\"av_textblock_section \"  itemscope=\"itemscope\" itemtype=\"https:\/\/schema.org\/BlogPosting\" itemprop=\"blogPost\" ><div class='avia_textblock  '   itemprop=\"text\" ><p style=\"text-align: center;\"><strong><span style=\"font-size: 18pt;\">Adultos mayores cierran su mes con gran fiesta de bailes y concursos<\/span><\/strong><\/p>\n<div id=\"gtx-trans\" style=\"position: absolute; left: -50px; top: 4.31534px;\">\n<div class=\"gtx-trans-icon\"><\/div>\n<\/div>\n<\/div><\/section><\/div><\/p>\n<div class=\"flex_column av_one_full  flex_column_div av-zero-column-padding first  avia-builder-el-4  el_after_av_one_full  el_before_av_hr  column-top-margin\" style='border-radius:0px; '><section class=\"av_textblock_section \"  itemscope=\"itemscope\" itemtype=\"https:\/\/schema.org\/BlogPosting\" itemprop=\"blogPost\" ><div class='avia_textblock  '   itemprop=\"text\" ><p style=\"text-align: justify;\">Una actividad organizada por la Uni\u00f3n Comunal de Adultos Mayores (UCAM): Baquedano de Coyhaique, la SEREMI de Desarrollo Social y Familia, junto al SENAMA Ays\u00e9n y diversas instituciones del Estado, como la Municipalidad de Coyhaique, Gobierno Regional, la SEREMI del Deporte, Gobierno, Trabajo, Conaf, Elige Vivir Sano, entre otras fueron el escenario en que m\u00e1s de 200 personas mayores dieron el cierre a su mes celebraci\u00f3n. La actividad desarrollada en el Liceo Josefina Aguirre, fue la oportunidad para realizar una serie de concursos de baile adem\u00e1s de diversas actividades y difundir modelos de vida saludable.<\/p>\n<p style=\"text-align: justify;\">Para Manuel Vivallo P\u00e9rez, presidente de la UCAM Baquedano de Coyhaique, esta instancia es un hito toda vez que por primera vez se planifica y desarrolla una actividad en conjunto entre las organizaciones de adultos mayores y la institucionalidad del Estado. \u201cEsta actividad es muy positiva, no s\u00f3lo porque demuestra un tremendo compromiso que tienen las nuevas autoridades con los adultos mayores de Coyhaique y la regi\u00f3n, sino porque adem\u00e1s por primera vez que se hace entre organizaciones e instituciones. Agradecemos a las autoridades asistentes: a la SEREMI de Desarrollo Social, el haber aprovechado de presentar al nuevo coordinado de SENAMA, Nicol\u00e1s Quilodr\u00e1n y agradecer la entrega del comodato de nuestra sede por parte del Alcalde de Coyhaique\u201d.<\/p>\n<p style=\"text-align: justify;\">Por su parte, Karina Acevedo Auad, SEREMI de Desarrollo Social y Familia y presidenta del Comit\u00e9 Regional del Adulto Mayor, explic\u00f3 que esta actividad que congreg\u00f3 a m\u00e1s de 200 personas y m\u00e1s de 10 servicio p\u00fablicos, adem\u00e1s de una serie de concursos y bailes, encabezados por la SEREMI del Deporte, Mar\u00eda Eugenia Duran, \u201cse gesta a partir de una conversaci\u00f3n con la UCAM de Adulto Mayores, una actividad que tienen como objetivo dar alegr\u00eda y diversi\u00f3n a los adultos mayores. Es una expresi\u00f3n del compromiso que ha asumido el Presidente Gabriel Boric con la personas mayores, estar presentes y escuch\u00e1ndolas. Hemos empe\u00f1ado nuestra palabra y estamos trabajando para ustedes \u2013 las personas mayores\u201d.<\/p>\n<p style=\"text-align: justify;\">Una de las asistentes que destac\u00f3 la actividad fue Margarita Ule Calisto, secretaria de la UCAM Baquedano, quien dijo estar \u201cmuy contenta y agradecida porque tenemos m\u00e1s de 200 adultos mayores disfrutando de los chamam\u00e9s, corridos y la cueca, muchas cosas entretenidas para nosotros\u201d. No obstante la dirigente record\u00f3 que \u201ca\u00fan falta mucho, que nos escuchen y m\u00e1s preocupaci\u00f3n por los adultos mayores, pero ahora los estamos pasando muy bien\u201d. Por su parte el nuevo coordinador de SENAMA Ays\u00e9n, Nicol\u00e1s Quilodr\u00e1n, dijo estar muy satisfecho \u201cpor la participaci\u00f3n intersectorial del Estado, por la asistencia y motivaci\u00f3n de los adultos mayores. Esta es la forma como debemos que trabajar, todos juntos y unidos en torno a las personas mayores\u201d.<\/p>\n<p style=\"text-align: justify;\">Finalmente, Carlos Gatica, alcalde de Coyhaique que entreg\u00f3 un documento comodato para la Sede de la UCAM Baquedano, destac\u00f3 que esta actividad\u00a0 \u201ces una muestra del trabajo que hacemos entre instituciones, aqu\u00ed es donde el Estado act\u00faa en conjunto para poder compartir, formar mayor comunidad y a seguir en este trabajo conjunto que nos permite ofrecer mejor calidad de vida, dignidad, salud y recreaci\u00f3n. A seguir trabajando entre sectores y ofreciendo este tipo de actividades: hoy el cierre del mes del adulto mayor\u201d.<\/p>\n<\/div><\/section><\/div>\n<div  style='height:50px' class='hr hr-invisible   avia-builder-el-6  el_after_av_one_full  el_before_av_social_share '><span class='hr-inner ' ><span class='hr-inner-style'><\/span><\/span><\/div>\n<div  class='av-social-sharing-box  avia-builder-el-7  el_after_av_hr  el_before_av_hr  '><div class='av-share-box'><h5 class='av-share-link-description av-no-toc '>Compartir esta noticia<\/h5><ul class='av-share-box-list noLightbox'><li class='av-share-link av-social-link-facebook' ><a target=\"_blank\" aria-label=\"Compartir en Facebook\" href='https:\/\/www.facebook.com\/sharer.php?u=https:\/\/radiorevelacionfm.cl\/?p=23474&#038;t=Adultos%20mayores%20cierran%20su%20mes%20con%20gran%20fiesta%20de%20bailes%20y%20concursos' aria-hidden='false' data-av_icon='\ue8f3' data-av_iconfont='entypo-fontello' title='' data-avia-related-tooltip='Compartir en Facebook' rel=\"noopener\"><span class='avia_hidden_link_text'>Compartir en Facebook<\/span><\/a><\/li><li class='av-share-link av-social-link-twitter' ><a target=\"_blank\" aria-label=\"Compartir en Twitter\" href='https:\/\/twitter.com\/share?text=Adultos%20mayores%20cierran%20su%20mes%20con%20gran%20fiesta%20de%20bailes%20y%20concursos&#038;url=https:\/\/radiorevelacionfm.cl\/?p=23474' aria-hidden='false' data-av_icon='\ue8f1' data-av_iconfont='entypo-fontello' title='' data-avia-related-tooltip='Compartir en Twitter' rel=\"noopener\"><span class='avia_hidden_link_text'>Compartir en Twitter<\/span><\/a><\/li><li class='av-share-link av-social-link-whatsapp' ><a target=\"_blank\" aria-label=\"Compartir en Whatsapp\" href='https:\/\/api.whatsapp.com\/send?text=https:\/\/radiorevelacionfm.cl\/?p=23474' aria-hidden='false' data-av_icon='\uf232' data-av_iconfont='entypo-fontello' title='' data-avia-related-tooltip='Compartir en Whatsapp' rel=\"noopener\"><span class='avia_hidden_link_text'>Compartir en Whatsapp<\/span><\/a><\/li><li class='av-share-link av-social-link-linkedin' ><a target=\"_blank\" aria-label=\"Compartir en LinkedIn\" href='https:\/\/linkedin.com\/shareArticle?mini=true&#038;title=Adultos%20mayores%20cierran%20su%20mes%20con%20gran%20fiesta%20de%20bailes%20y%20concursos&#038;url=https:\/\/radiorevelacionfm.cl\/?p=23474' aria-hidden='false' data-av_icon='\ue8fc' data-av_iconfont='entypo-fontello' title='' data-avia-related-tooltip='Compartir en LinkedIn' rel=\"noopener\"><span class='avia_hidden_link_text'>Compartir en LinkedIn<\/span><\/a><\/li><li class='av-share-link av-social-link-mail' ><a  aria-label=\"Compartir por correo\" href='mailto:?subject=Adultos%20mayores%20cierran%20su%20mes%20con%20gran%20fiesta%20de%20bailes%20y%20concursos&#038;body=https:\/\/radiorevelacionfm.cl\/?p=23474' aria-hidden='false' data-av_icon='\ue805' data-av_iconfont='entypo-fontello' title='' data-avia-related-tooltip='Compartir por correo'><span class='avia_hidden_link_text'>Compartir por correo<\/span><\/a><\/li><\/ul><\/div><\/div>\n<div  style='height:50px' class='hr hr-invisible   avia-builder-el-8  el_after_av_social_share  el_before_av_comments_list '><span class='hr-inner ' ><span class='hr-inner-style'><\/span><\/span><\/div>\n<div  class='av-buildercomment  av-blog-meta-html-info-disabled av-blog-meta-tag-disabled  '><\/div>\n","protected":false},"excerpt":{"rendered":"","protected":false},"author":1,"featured_media":23475,"comment_status":"open","ping_status":"open","sticky":false,"template":"","format":"standard","meta":{"footnotes":""},"categories":[38],"tags":[],"class_list":["post-23474","post","type-post","status-publish","format-standard","has-post-thumbnail","hentry","category-regional"],"jetpack_featured_media_url":"https:\/\/radiorevelacionfm.cl\/wp-content\/uploads\/2022\/10\/celebracion-4-1_optimized-1.jpg","_links":{"self":[{"href":"https:\/\/radiorevelacionfm.cl\/index.php?rest_route=\/wp\/v2\/posts\/23474","targetHints":{"allow":["GET"]}}],"collection":[{"href":"https:\/\/radiorevelacionfm.cl\/index.php?rest_route=\/wp\/v2\/posts"}],"about":[{"href":"https:\/\/radiorevelacionfm.cl\/index.php?rest_route=\/wp\/v2\/types\/post"}],"author":[{"embeddable":true,"href":"https:\/\/radiorevelacionfm.cl\/index.php?rest_route=\/wp\/v2\/users\/1"}],"replies":[{"embeddable":true,"href":"https:\/\/radiorevelacionfm.cl\/index.php?rest_route=%2Fwp%2Fv2%2Fcomments&post=23474"}],"version-history":[{"count":3,"href":"https:\/\/radiorevelacionfm.cl\/index.php?rest_route=\/wp\/v2\/posts\/23474\/revisions"}],"predecessor-version":[{"id":23477,"href":"https:\/\/radiorevelacionfm.cl\/index.php?rest_route=\/wp\/v2\/posts\/23474\/revisions\/23477"}],"wp:featuredmedia":[{"embeddable":true,"href":"https:\/\/radiorevelacionfm.cl\/index.php?rest_route=\/wp\/v2\/media\/23475"}],"wp:attachment":[{"href":"https:\/\/radiorevelacionfm.cl\/index.php?rest_route=%2Fwp%2Fv2%2Fmedia&parent=23474"}],"wp:term":[{"taxonomy":"category","embeddable":true,"href":"https:\/\/radiorevelacionfm.cl\/index.php?rest_route=%2Fwp%2Fv2%2Fcategories&post=23474"},{"taxonomy":"post_tag","embeddable":true,"href":"https:\/\/radiorevelacionfm.cl\/index.php?rest_route=%2Fwp%2Fv2%2Ftags&post=23474"}],"curies":[{"name":"wp","href":"https:\/\/api.w.org\/{rel}","templated":true}]}}