{"id":23471,"date":"2022-11-02T10:58:23","date_gmt":"2022-11-02T13:58:23","guid":{"rendered":"https:\/\/radiorevelacionfm.cl\/?p=23471"},"modified":"2022-11-02T10:58:23","modified_gmt":"2022-11-02T13:58:23","slug":"iniciativa-social-busca-hacer-visibles-a-heroes-invisibles","status":"publish","type":"post","link":"https:\/\/radiorevelacionfm.cl\/?p=23471","title":{"rendered":"Iniciativa social busca hacer visibles a h\u00e9roes invisibles"},"content":{"rendered":"<div class=\"flex_column av_one_full  flex_column_div av-zero-column-padding first  avia-builder-el-0  el_before_av_one_full  avia-builder-el-first  \" style='border-radius:0px; '><div  class='avia-image-container  av-styling-    avia-builder-el-1  avia-builder-el-no-sibling  avia-align-center '  itemprop=\"image\" itemscope=\"itemscope\" itemtype=\"https:\/\/schema.org\/ImageObject\"  ><div class='avia-image-container-inner'><div class='avia-image-overlay-wrap'><img decoding=\"async\" class='wp-image-23472 avia-img-lazy-loading-not-23472 avia_image' src=\"https:\/\/radiorevelacionfm.cl\/wp-content\/uploads\/2022\/10\/aurora-ubeira-nuevos-heroes-3-1_optimized-1.jpg\" alt='' title='aurora-ubeira,-nuevos-heroes-(3)-(1)_optimized (1)' height=\"600\" width=\"1770\"  itemprop=\"thumbnailUrl\" srcset=\"https:\/\/radiorevelacionfm.cl\/wp-content\/uploads\/2022\/10\/aurora-ubeira-nuevos-heroes-3-1_optimized-1.jpg 1770w, https:\/\/radiorevelacionfm.cl\/wp-content\/uploads\/2022\/10\/aurora-ubeira-nuevos-heroes-3-1_optimized-1-300x102.jpg 300w, https:\/\/radiorevelacionfm.cl\/wp-content\/uploads\/2022\/10\/aurora-ubeira-nuevos-heroes-3-1_optimized-1-1030x349.jpg 1030w, https:\/\/radiorevelacionfm.cl\/wp-content\/uploads\/2022\/10\/aurora-ubeira-nuevos-heroes-3-1_optimized-1-768x260.jpg 768w, https:\/\/radiorevelacionfm.cl\/wp-content\/uploads\/2022\/10\/aurora-ubeira-nuevos-heroes-3-1_optimized-1-1536x521.jpg 1536w, https:\/\/radiorevelacionfm.cl\/wp-content\/uploads\/2022\/10\/aurora-ubeira-nuevos-heroes-3-1_optimized-1-1500x508.jpg 1500w, https:\/\/radiorevelacionfm.cl\/wp-content\/uploads\/2022\/10\/aurora-ubeira-nuevos-heroes-3-1_optimized-1-705x239.jpg 705w, https:\/\/radiorevelacionfm.cl\/wp-content\/uploads\/2022\/10\/aurora-ubeira-nuevos-heroes-3-1_optimized-1-600x203.jpg 600w\" sizes=\"(max-width: 1770px) 100vw, 1770px\" \/><\/div><\/div><\/div><\/div><div class=\"flex_column av_one_full  flex_column_div av-zero-column-padding first  avia-builder-el-2  el_after_av_one_full  el_before_av_one_full  column-top-margin\" style='border-radius:0px; '><section class=\"av_textblock_section \"  itemscope=\"itemscope\" itemtype=\"https:\/\/schema.org\/BlogPosting\" itemprop=\"blogPost\" ><div class='avia_textblock  '   itemprop=\"text\" ><p style=\"text-align: center;\"><span style=\"font-size: 18pt;\"><b><span lang=\"ES\">Iniciativa social busca hacer visibles a h\u00e9roes invisibles<\/span><\/b><\/span><\/p>\n<div id=\"gtx-trans\" style=\"position: absolute; left: -50px; top: 4.31534px;\">\n<div class=\"gtx-trans-icon\"><\/div>\n<\/div>\n<\/div><\/section><\/div><div class=\"flex_column av_one_full  flex_column_div av-zero-column-padding first  avia-builder-el-4  el_after_av_one_full  el_before_av_hr  column-top-margin\" style='border-radius:0px; '><section class=\"av_textblock_section \"  itemscope=\"itemscope\" itemtype=\"https:\/\/schema.org\/BlogPosting\" itemprop=\"blogPost\" ><div class='avia_textblock  '   itemprop=\"text\" ><p class=\"v1MsoNormal\" style=\"text-align: justify;\"><span lang=\"ES\">\u00abBuscamos nuevos h\u00e9roes que dan todo sin esperar nada a cambio. Hagamos visibles a h\u00e9roes invisibles\u00bb, es la consigna con la que Caja Los H\u00e9roes, saldr\u00e1 en la b\u00fasqueda de los Nuevos H\u00e9roes de Chile.<\/span><\/p>\n<p class=\"v1MsoNormal\" style=\"text-align: justify;\"><span lang=\"ES\">\u00abNuevos H\u00e9roes\u00bb se encuentra en la cuenta regresiva para las postulaciones de aquellas personas que realizan un aporte extraordinario a sus comunidades a trav\u00e9s de acciones desinteresadas y que, hasta ahora, caminan entre nosotros en el anonimato.<\/span><\/p>\n<p class=\"v1MsoNormal\" style=\"text-align: justify;\"><span lang=\"ES\">El lunes 14 de noviembre es la fecha l\u00edmite para postular a esos nuevos h\u00e9roes que dan todo sin esperar nada a cambio; adem\u00e1s es un proceso muy simple que puede hacerse en el sitio web\u00a0<\/span><span lang=\"ES\"><a href=\"http:\/\/www.nuevosheroes.cl\/\" target=\"_blank\" rel=\"noopener noreferrer\">www.nuevosheroes.cl<\/a><\/span><span lang=\"ES\">\u00a0o bien a trav\u00e9s de las 160 sucursales de Caja Los H\u00e9roes a lo largo del pa\u00eds.<\/span><\/p>\n<p class=\"v1MsoNormal\" style=\"text-align: justify;\"><span lang=\"ES\">Las historias que postulen ser\u00e1n revisadas y seleccionadas por un jurado &#8211; compuesto por autoridades, l\u00edderes de los \u00e1mbitos social y comunicacional, adem\u00e1s de ganadores de versiones anteriores- que definir\u00e1 a 3 finalistas que representar\u00e1n tres categor\u00edas diferentes (zona norte, zona central y zona sur*) y elegir\u00e1n al Nuevo H\u00e9roe 2022.<\/span><\/p>\n<p class=\"v1MsoNormal\" style=\"text-align: justify;\"><span lang=\"ES\">La invitaci\u00f3n es a ser parte de esta iniciativa y reconocer a ese h\u00e9roe invisible, para que se transforme en visible.<\/span><\/p>\n<\/div><\/section><\/div><div  style='height:50px' class='hr hr-invisible   avia-builder-el-6  el_after_av_one_full  el_before_av_social_share '><span class='hr-inner ' ><span class='hr-inner-style'><\/span><\/span><\/div><\/p>\n<div  class='av-social-sharing-box  avia-builder-el-7  el_after_av_hr  el_before_av_hr  '><div class='av-share-box'><h5 class='av-share-link-description av-no-toc '>Compartir esta noticia<\/h5><ul class='av-share-box-list noLightbox'><li class='av-share-link av-social-link-facebook' ><a target=\"_blank\" aria-label=\"Compartir en Facebook\" href='https:\/\/www.facebook.com\/sharer.php?u=https:\/\/radiorevelacionfm.cl\/?p=23471&#038;t=Iniciativa%20social%20busca%20hacer%20visibles%20a%20h%C3%A9roes%20invisibles' aria-hidden='false' data-av_icon='\ue8f3' data-av_iconfont='entypo-fontello' title='' data-avia-related-tooltip='Compartir en Facebook' rel=\"noopener\"><span class='avia_hidden_link_text'>Compartir en Facebook<\/span><\/a><\/li><li class='av-share-link av-social-link-twitter' ><a target=\"_blank\" aria-label=\"Compartir en Twitter\" href='https:\/\/twitter.com\/share?text=Iniciativa%20social%20busca%20hacer%20visibles%20a%20h%C3%A9roes%20invisibles&#038;url=https:\/\/radiorevelacionfm.cl\/?p=23471' aria-hidden='false' data-av_icon='\ue8f1' data-av_iconfont='entypo-fontello' title='' data-avia-related-tooltip='Compartir en Twitter' rel=\"noopener\"><span class='avia_hidden_link_text'>Compartir en Twitter<\/span><\/a><\/li><li class='av-share-link av-social-link-whatsapp' ><a target=\"_blank\" aria-label=\"Compartir en Whatsapp\" href='https:\/\/api.whatsapp.com\/send?text=https:\/\/radiorevelacionfm.cl\/?p=23471' aria-hidden='false' data-av_icon='\uf232' data-av_iconfont='entypo-fontello' title='' data-avia-related-tooltip='Compartir en Whatsapp' rel=\"noopener\"><span class='avia_hidden_link_text'>Compartir en Whatsapp<\/span><\/a><\/li><li class='av-share-link av-social-link-linkedin' ><a target=\"_blank\" aria-label=\"Compartir en LinkedIn\" href='https:\/\/linkedin.com\/shareArticle?mini=true&#038;title=Iniciativa%20social%20busca%20hacer%20visibles%20a%20h%C3%A9roes%20invisibles&#038;url=https:\/\/radiorevelacionfm.cl\/?p=23471' aria-hidden='false' data-av_icon='\ue8fc' data-av_iconfont='entypo-fontello' title='' data-avia-related-tooltip='Compartir en LinkedIn' rel=\"noopener\"><span class='avia_hidden_link_text'>Compartir en LinkedIn<\/span><\/a><\/li><li class='av-share-link av-social-link-mail' ><a  aria-label=\"Compartir por correo\" href='mailto:?subject=Iniciativa%20social%20busca%20hacer%20visibles%20a%20h%C3%A9roes%20invisibles&#038;body=https:\/\/radiorevelacionfm.cl\/?p=23471' aria-hidden='false' data-av_icon='\ue805' data-av_iconfont='entypo-fontello' title='' data-avia-related-tooltip='Compartir por correo'><span class='avia_hidden_link_text'>Compartir por correo<\/span><\/a><\/li><\/ul><\/div><\/div>\n<div  style='height:50px' class='hr hr-invisible   avia-builder-el-8  el_after_av_social_share  el_before_av_comments_list '><span class='hr-inner ' ><span class='hr-inner-style'><\/span><\/span><\/div>\n<div  class='av-buildercomment  av-blog-meta-html-info-disabled av-blog-meta-tag-disabled  '><\/div>\n","protected":false},"excerpt":{"rendered":"","protected":false},"author":1,"featured_media":23472,"comment_status":"open","ping_status":"open","sticky":false,"template":"","format":"standard","meta":{"footnotes":""},"categories":[61],"tags":[],"class_list":["post-23471","post","type-post","status-publish","format-standard","has-post-thumbnail","hentry","category-nacional"],"jetpack_featured_media_url":"https:\/\/radiorevelacionfm.cl\/wp-content\/uploads\/2022\/10\/aurora-ubeira-nuevos-heroes-3-1_optimized-1.jpg","_links":{"self":[{"href":"https:\/\/radiorevelacionfm.cl\/index.php?rest_route=\/wp\/v2\/posts\/23471","targetHints":{"allow":["GET"]}}],"collection":[{"href":"https:\/\/radiorevelacionfm.cl\/index.php?rest_route=\/wp\/v2\/posts"}],"about":[{"href":"https:\/\/radiorevelacionfm.cl\/index.php?rest_route=\/wp\/v2\/types\/post"}],"author":[{"embeddable":true,"href":"https:\/\/radiorevelacionfm.cl\/index.php?rest_route=\/wp\/v2\/users\/1"}],"replies":[{"embeddable":true,"href":"https:\/\/radiorevelacionfm.cl\/index.php?rest_route=%2Fwp%2Fv2%2Fcomments&post=23471"}],"version-history":[{"count":2,"href":"https:\/\/radiorevelacionfm.cl\/index.php?rest_route=\/wp\/v2\/posts\/23471\/revisions"}],"predecessor-version":[{"id":23708,"href":"https:\/\/radiorevelacionfm.cl\/index.php?rest_route=\/wp\/v2\/posts\/23471\/revisions\/23708"}],"wp:featuredmedia":[{"embeddable":true,"href":"https:\/\/radiorevelacionfm.cl\/index.php?rest_route=\/wp\/v2\/media\/23472"}],"wp:attachment":[{"href":"https:\/\/radiorevelacionfm.cl\/index.php?rest_route=%2Fwp%2Fv2%2Fmedia&parent=23471"}],"wp:term":[{"taxonomy":"category","embeddable":true,"href":"https:\/\/radiorevelacionfm.cl\/index.php?rest_route=%2Fwp%2Fv2%2Fcategories&post=23471"},{"taxonomy":"post_tag","embeddable":true,"href":"https:\/\/radiorevelacionfm.cl\/index.php?rest_route=%2Fwp%2Fv2%2Ftags&post=23471"}],"curies":[{"name":"wp","href":"https:\/\/api.w.org\/{rel}","templated":true}]}}