{"id":23467,"date":"2022-10-25T14:36:58","date_gmt":"2022-10-25T17:36:58","guid":{"rendered":"https:\/\/radiorevelacionfm.cl\/?p=23467"},"modified":"2022-10-25T14:36:58","modified_gmt":"2022-10-25T17:36:58","slug":"encuentro-regional-con-identidad-de-aysen-congrega-a-organizaciones-culturales-y-artistas-del-territorio-austral","status":"publish","type":"post","link":"https:\/\/radiorevelacionfm.cl\/?p=23467","title":{"rendered":"Encuentro Regional con Identidad de Ays\u00e9n congrega a organizaciones culturales y artistas del territorio austral"},"content":{"rendered":"<div class=\"flex_column av_one_full  flex_column_div av-zero-column-padding first  avia-builder-el-0  el_before_av_one_full  avia-builder-el-first  \" style='border-radius:0px; '><div  class='avia-image-container  av-styling-    avia-builder-el-1  avia-builder-el-no-sibling  avia-align-center '  itemprop=\"image\" itemscope=\"itemscope\" itemtype=\"https:\/\/schema.org\/ImageObject\"  ><div class='avia-image-container-inner'><div class='avia-image-overlay-wrap'><img decoding=\"async\" class='wp-image-23468 avia-img-lazy-loading-not-23468 avia_image' src=\"https:\/\/radiorevelacionfm.cl\/wp-content\/uploads\/2022\/10\/encuentro-06-1-1.jpeg\" alt='' title='encuentro 06 (1) (1)' height=\"600\" width=\"899\"  itemprop=\"thumbnailUrl\" srcset=\"https:\/\/radiorevelacionfm.cl\/wp-content\/uploads\/2022\/10\/encuentro-06-1-1.jpeg 899w, https:\/\/radiorevelacionfm.cl\/wp-content\/uploads\/2022\/10\/encuentro-06-1-1-300x200.jpeg 300w, https:\/\/radiorevelacionfm.cl\/wp-content\/uploads\/2022\/10\/encuentro-06-1-1-768x513.jpeg 768w, https:\/\/radiorevelacionfm.cl\/wp-content\/uploads\/2022\/10\/encuentro-06-1-1-705x471.jpeg 705w, https:\/\/radiorevelacionfm.cl\/wp-content\/uploads\/2022\/10\/encuentro-06-1-1-600x400.jpeg 600w\" sizes=\"(max-width: 899px) 100vw, 899px\" \/><\/div><\/div><\/div><\/div><div class=\"flex_column av_one_full  flex_column_div av-zero-column-padding first  avia-builder-el-2  el_after_av_one_full  el_before_av_one_full  column-top-margin\" style='border-radius:0px; '><section class=\"av_textblock_section \"  itemscope=\"itemscope\" itemtype=\"https:\/\/schema.org\/BlogPosting\" itemprop=\"blogPost\" ><div class='avia_textblock  '   itemprop=\"text\" ><p style=\"text-align: center;\"><span style=\"font-size: 18pt;\"><b>Encuentro Regional con Identidad de Ays\u00e9n congrega a organizaciones culturales y artistas del territorio austral<\/b><\/span><\/p>\n<div id=\"gtx-trans\" style=\"position: absolute; left: -50px; top: 4.31534px;\">\n<div class=\"gtx-trans-icon\"><\/div>\n<\/div>\n<\/div><\/section><\/div><div class=\"flex_column av_one_full  flex_column_div av-zero-column-padding first  avia-builder-el-4  el_after_av_one_full  el_before_av_hr  column-top-margin\" style='border-radius:0px; '><section class=\"av_textblock_section \"  itemscope=\"itemscope\" itemtype=\"https:\/\/schema.org\/BlogPosting\" itemprop=\"blogPost\" ><div class='avia_textblock  '   itemprop=\"text\" ><p class=\"v1p4\" style=\"text-align: justify;\">Representantes de las diez comunas se reunieron para exponer vivencias en relaci\u00f3n a la gesti\u00f3n comunitaria, el acceso a las artes en sectores lejanos de la capital regional y la relevancia de coordinar esfuerzos para descentralizar los distintos lenguajes art\u00edsticos.<\/p>\n<p class=\"v1p4 v1ContentPasted0\" style=\"text-align: justify;\">Con excelente acogida cerr\u00f3 el Encuentro Regional con Identidad organizado por los programas Red Cultura y de Fortalecimiento a la Identidad Cultural Regional, del departamento de Ciudadan\u00eda de la Seremi de las Culturas, las Artes y el Patrimonio de Ays\u00e9n. La instancia efectuada entre los d\u00edas 20 y 22 de octubre, en la Casa de la Cultura de Puerto Ays\u00e9n, reuni\u00f3 a creadores\/as, artesanas, artesanos y representantes de organizaciones culturales comunitarias provenientes de toda la regi\u00f3n.<\/p>\n<p class=\"v1p4 v1ContentPasted0\" style=\"text-align: justify;\">En base a un nutrido cronograma, las y los asistentes, incluidos la Agrupaci\u00f3n Arte y Vida, de \u00d1uble; el Centro Cultural Comunitario Kimun Mapu, de Los Lagos; y Malotun Ortiga, de Ays\u00e9n, compartieron experiencias y proyectos para favorecer el intercambio de saberes entre agentes locales, potenciar alianzas, junto a la entrega de herramientas destinadas a la gesti\u00f3n cultural y cultura viva comunitaria, algo que se visibiliz\u00f3 en las Mesas Territoriales de la zona norte y sur.<\/p>\n<p class=\"v1p4 v1ContentPasted0\" style=\"text-align: justify;\">Las jornadas contaron con la gu\u00eda de M\u00f3nica Mel\u00e9ndez, consultora metodol\u00f3gica, quien prepar\u00f3 una din\u00e1mica participativa en bloques, el plenario \u00abGesti\u00f3n de organizaciones e intervenci\u00f3n cultural en los territorios\u00bb, y un espacio para la convivencia y planificaci\u00f3n del bien com\u00fan, con el objetivo de profundizar en las acciones efectuadas hasta la fecha.<span class=\"v1Apple-converted-space v1ContentPasted0\">\u00a0<\/span><\/p>\n<p class=\"v1p4 v1ContentPasted0\" style=\"text-align: justify;\">Adem\u00e1s, desde la Seremi, mediante la ponencia de Camila Guerra, antrop\u00f3loga del nivel central de Red Cultura, se procedi\u00f3 a la presentaci\u00f3n de Puntos de Cultura Comunitaria, programa presentado por el presidente Gabriel Boric, elaborado conforme a tres pilares de ejecuci\u00f3n: visibilizaci\u00f3n y autorreconocimiento, financiamiento y articulaci\u00f3n territorial. Frente a esa antesala, la profesional destac\u00f3 el fortalecimiento regional. \u00abEs una dimensi\u00f3n muy relevante para la instalaci\u00f3n de un futuro programa Puntos de Cultura, que no solamente tiene relaci\u00f3n con fortalecer a una organizaci\u00f3n de manera puntual, sino que generar justamente estas articulaciones que permiten reconocer los aportes del territorio\u00bb, detall\u00f3 Guerra.<\/p>\n<p class=\"v1p4 v1ContentPasted0\" style=\"text-align: justify;\">En tanto, el seremi de las Culturas, las Artes y el Patrimonio, Felipe Quiroz, destac\u00f3 la relevancia de retrornar a la presencialidad. \u00abSon instancias en las cuales podemos dialogar con respecto a los ejes de trabajo desarrollado, al trabajo de Ciudadan\u00eda Cultural y Red Cultura, a trav\u00e9s de iniciativas culturales asociativas\u00bb. Asimismo, valor\u00f3 los frutos obtenidos por las organizaciones gracias al compromiso latente de cada integrante.<\/p>\n<p class=\"v1p4 v1ContentPasted0\" style=\"text-align: justify;\">Algo que desde los asistentes no pas\u00f3 inadvertido. \u00abEs enriquecedor saber que hay personas trabajando en cada extremo de nuestra regi\u00f3n por hacer y crear espacios de arte, de demostraciones art\u00edsticas del movimiento, de lo que es nuestra realidad ac\u00e1\u00bb, manifest\u00f3 Cynthia Bulher, perteneciente a la Agrupaci\u00f3n Entre R\u00edos y Monta\u00f1as, de Villa Amengual, comuna de Lago Verde.<\/p>\n<p class=\"v1p4 v1ContentPasted0\" style=\"text-align: justify;\">Mientras que Ver\u00f3nica Ibieta, de la Agrupaci\u00f3n Cultural Malotun Ortiga, se sum\u00f3 a las palabras de Bulher. \u00abEs s\u00faper importante la labor que desarrolla Red Cultura al abrir estos espacios que hoy nos re\u00fane en Puerto Ays\u00e9n, no en la capital regional con organizaciones de distintas partes de la regi\u00f3n, del litoral, tambi\u00e9n desde Villa O&#8217;Higgins. Eso nos permite articularnos, generar redes y qui\u00e9n sabe, a futuro poder establecer alianzas m\u00e1s profundas como para desarrollar nuestras iniciativas de maneras colaborativas\u00bb.<\/p>\n<p class=\"v1p4 v1ContentPasted0\" style=\"text-align: justify;\">Cabe destacar que el cierre del Encuentro Regional con Identidad fue una Muestra Art\u00edstica, feria que permiti\u00f3 un momento familiar en torno a las artes visuales, artesan\u00edas de la zona y la interpretaci\u00f3n de un variado repertorio por parte del m\u00fasico Fabi\u00e1n Vidal, el conjunto Los Capic\u00faas y Las Perlas del Litoral de Puerto Cisnes.<\/p>\n<\/div><\/section><\/div><div  style='height:50px' class='hr hr-invisible   avia-builder-el-6  el_after_av_one_full  el_before_av_social_share '><span class='hr-inner ' ><span class='hr-inner-style'><\/span><\/span><\/div><\/p>\n<div  class='av-social-sharing-box  avia-builder-el-7  el_after_av_hr  el_before_av_hr  '><div class='av-share-box'><h5 class='av-share-link-description av-no-toc '>Compartir esta noticia<\/h5><ul class='av-share-box-list noLightbox'><li class='av-share-link av-social-link-facebook' ><a target=\"_blank\" aria-label=\"Compartir en Facebook\" href='https:\/\/www.facebook.com\/sharer.php?u=https:\/\/radiorevelacionfm.cl\/?p=23467&#038;t=Encuentro%20Regional%20con%20Identidad%20de%20Ays%C3%A9n%20congrega%20a%20organizaciones%20culturales%20y%20artistas%20del%20territorio%20austral' aria-hidden='false' data-av_icon='\ue8f3' data-av_iconfont='entypo-fontello' title='' data-avia-related-tooltip='Compartir en Facebook' rel=\"noopener\"><span class='avia_hidden_link_text'>Compartir en Facebook<\/span><\/a><\/li><li class='av-share-link av-social-link-twitter' ><a target=\"_blank\" aria-label=\"Compartir en Twitter\" href='https:\/\/twitter.com\/share?text=Encuentro%20Regional%20con%20Identidad%20de%20Ays%C3%A9n%20congrega%20a%20organizaciones%20culturales%20y%20artistas%20del%20territorio%20austral&#038;url=https:\/\/radiorevelacionfm.cl\/?p=23467' aria-hidden='false' data-av_icon='\ue8f1' data-av_iconfont='entypo-fontello' title='' data-avia-related-tooltip='Compartir en Twitter' rel=\"noopener\"><span class='avia_hidden_link_text'>Compartir en Twitter<\/span><\/a><\/li><li class='av-share-link av-social-link-whatsapp' ><a target=\"_blank\" aria-label=\"Compartir en Whatsapp\" href='https:\/\/api.whatsapp.com\/send?text=https:\/\/radiorevelacionfm.cl\/?p=23467' aria-hidden='false' data-av_icon='\uf232' data-av_iconfont='entypo-fontello' title='' data-avia-related-tooltip='Compartir en Whatsapp' rel=\"noopener\"><span class='avia_hidden_link_text'>Compartir en Whatsapp<\/span><\/a><\/li><li class='av-share-link av-social-link-linkedin' ><a target=\"_blank\" aria-label=\"Compartir en LinkedIn\" href='https:\/\/linkedin.com\/shareArticle?mini=true&#038;title=Encuentro%20Regional%20con%20Identidad%20de%20Ays%C3%A9n%20congrega%20a%20organizaciones%20culturales%20y%20artistas%20del%20territorio%20austral&#038;url=https:\/\/radiorevelacionfm.cl\/?p=23467' aria-hidden='false' data-av_icon='\ue8fc' data-av_iconfont='entypo-fontello' title='' data-avia-related-tooltip='Compartir en LinkedIn' rel=\"noopener\"><span class='avia_hidden_link_text'>Compartir en LinkedIn<\/span><\/a><\/li><li class='av-share-link av-social-link-mail' ><a  aria-label=\"Compartir por correo\" href='mailto:?subject=Encuentro%20Regional%20con%20Identidad%20de%20Ays%C3%A9n%20congrega%20a%20organizaciones%20culturales%20y%20artistas%20del%20territorio%20austral&#038;body=https:\/\/radiorevelacionfm.cl\/?p=23467' aria-hidden='false' data-av_icon='\ue805' data-av_iconfont='entypo-fontello' title='' data-avia-related-tooltip='Compartir por correo'><span class='avia_hidden_link_text'>Compartir por correo<\/span><\/a><\/li><\/ul><\/div><\/div>\n<div  style='height:50px' class='hr hr-invisible   avia-builder-el-8  el_after_av_social_share  el_before_av_comments_list '><span class='hr-inner ' ><span class='hr-inner-style'><\/span><\/span><\/div>\n<div  class='av-buildercomment  av-blog-meta-html-info-disabled av-blog-meta-tag-disabled  '><\/div>\n","protected":false},"excerpt":{"rendered":"","protected":false},"author":1,"featured_media":23468,"comment_status":"open","ping_status":"open","sticky":false,"template":"","format":"standard","meta":{"footnotes":""},"categories":[52],"tags":[],"class_list":["post-23467","post","type-post","status-publish","format-standard","has-post-thumbnail","hentry","category-cultura"],"jetpack_featured_media_url":"https:\/\/radiorevelacionfm.cl\/wp-content\/uploads\/2022\/10\/encuentro-06-1-1.jpeg","_links":{"self":[{"href":"https:\/\/radiorevelacionfm.cl\/index.php?rest_route=\/wp\/v2\/posts\/23467","targetHints":{"allow":["GET"]}}],"collection":[{"href":"https:\/\/radiorevelacionfm.cl\/index.php?rest_route=\/wp\/v2\/posts"}],"about":[{"href":"https:\/\/radiorevelacionfm.cl\/index.php?rest_route=\/wp\/v2\/types\/post"}],"author":[{"embeddable":true,"href":"https:\/\/radiorevelacionfm.cl\/index.php?rest_route=\/wp\/v2\/users\/1"}],"replies":[{"embeddable":true,"href":"https:\/\/radiorevelacionfm.cl\/index.php?rest_route=%2Fwp%2Fv2%2Fcomments&post=23467"}],"version-history":[{"count":2,"href":"https:\/\/radiorevelacionfm.cl\/index.php?rest_route=\/wp\/v2\/posts\/23467\/revisions"}],"predecessor-version":[{"id":23470,"href":"https:\/\/radiorevelacionfm.cl\/index.php?rest_route=\/wp\/v2\/posts\/23467\/revisions\/23470"}],"wp:featuredmedia":[{"embeddable":true,"href":"https:\/\/radiorevelacionfm.cl\/index.php?rest_route=\/wp\/v2\/media\/23468"}],"wp:attachment":[{"href":"https:\/\/radiorevelacionfm.cl\/index.php?rest_route=%2Fwp%2Fv2%2Fmedia&parent=23467"}],"wp:term":[{"taxonomy":"category","embeddable":true,"href":"https:\/\/radiorevelacionfm.cl\/index.php?rest_route=%2Fwp%2Fv2%2Fcategories&post=23467"},{"taxonomy":"post_tag","embeddable":true,"href":"https:\/\/radiorevelacionfm.cl\/index.php?rest_route=%2Fwp%2Fv2%2Ftags&post=23467"}],"curies":[{"name":"wp","href":"https:\/\/api.w.org\/{rel}","templated":true}]}}