{"id":23462,"date":"2022-10-25T17:22:07","date_gmt":"2022-10-25T20:22:07","guid":{"rendered":"https:\/\/radiorevelacionfm.cl\/?p=23462"},"modified":"2022-10-25T17:22:07","modified_gmt":"2022-10-25T20:22:07","slug":"seremi-de-gobierno-relevo-copago-cero-desde-el-1-de-septiembre-la-salud-publica-es-gratuita-para-quienes-pertenecen-a-fonasa","status":"publish","type":"post","link":"https:\/\/radiorevelacionfm.cl\/?p=23462","title":{"rendered":"Seremi de Gobierno relev\u00f3 Copago Cero: \u00abDesde el 1 de septiembre la Salud P\u00fablica es gratuita para quienes pertenecen a Fonasa\u00bb"},"content":{"rendered":"<div class=\"flex_column av_one_full  flex_column_div av-zero-column-padding first  avia-builder-el-0  el_before_av_one_full  avia-builder-el-first  \" style='border-radius:0px; '><div  class='avia-image-container  av-styling-    avia-builder-el-1  avia-builder-el-no-sibling  avia-align-center '  itemprop=\"image\" itemscope=\"itemscope\" itemtype=\"https:\/\/schema.org\/ImageObject\"  ><div class='avia-image-container-inner'><div class='avia-image-overlay-wrap'><img decoding=\"async\" class='wp-image-23464 avia-img-lazy-loading-not-23464 avia_image' src=\"https:\/\/radiorevelacionfm.cl\/wp-content\/uploads\/2022\/10\/foto-2-19-1_optimized.jpeg\" alt='' title='foto-2-(19)-(1)_optimized' height=\"600\" width=\"976\"  itemprop=\"thumbnailUrl\" srcset=\"https:\/\/radiorevelacionfm.cl\/wp-content\/uploads\/2022\/10\/foto-2-19-1_optimized.jpeg 976w, https:\/\/radiorevelacionfm.cl\/wp-content\/uploads\/2022\/10\/foto-2-19-1_optimized-300x184.jpeg 300w, https:\/\/radiorevelacionfm.cl\/wp-content\/uploads\/2022\/10\/foto-2-19-1_optimized-768x472.jpeg 768w, https:\/\/radiorevelacionfm.cl\/wp-content\/uploads\/2022\/10\/foto-2-19-1_optimized-705x433.jpeg 705w, https:\/\/radiorevelacionfm.cl\/wp-content\/uploads\/2022\/10\/foto-2-19-1_optimized-600x369.jpeg 600w\" sizes=\"(max-width: 976px) 100vw, 976px\" \/><\/div><\/div><\/div><\/div><div class=\"flex_column av_one_full  flex_column_div av-zero-column-padding first  avia-builder-el-2  el_after_av_one_full  el_before_av_one_full  column-top-margin\" style='border-radius:0px; '><section class=\"av_textblock_section \"  itemscope=\"itemscope\" itemtype=\"https:\/\/schema.org\/BlogPosting\" itemprop=\"blogPost\" ><div class='avia_textblock  '   itemprop=\"text\" ><p class=\"v1MsoNormal\" style=\"text-align: center;\"><span style=\"font-size: 18pt;\"><b>Seremi de Gobierno relev\u00f3 Copago Cero: \u00ab<\/b><b>Desde el 1 de septiembre la Salud P\u00fablica es gratuita para quienes pertenecen a Fonasa\u00bb<\/b><\/span><\/p>\n<div id=\"gtx-trans\" style=\"position: absolute; left: -50px; top: 4.31534px;\">\n<div class=\"gtx-trans-icon\"><\/div>\n<\/div>\n<\/div><\/section><\/div><div class=\"flex_column av_one_full  flex_column_div av-zero-column-padding first  avia-builder-el-4  el_after_av_one_full  el_before_av_hr  column-top-margin\" style='border-radius:0px; '><section class=\"av_textblock_section \"  itemscope=\"itemscope\" itemtype=\"https:\/\/schema.org\/BlogPosting\" itemprop=\"blogPost\" ><div class='avia_textblock  '   itemprop=\"text\" ><p class=\"v1MsoNormal\" style=\"text-align: justify;\">La Vocera de Gobierno de Ays\u00e9n, Tatiana Pl\u00e1 \u00c1lvarez, destac\u00f3 la entrada en vigencia del \u00abCopago Cero\u00bb para las personas pertenecientes a los tramos C y D de Fonasa, y asegur\u00f3 que la medida beneficiar\u00e1 a m\u00e1s de 5 millones de personas, alcanzando as\u00ed una cobertura superior a los 15 millones de personas a lo largo de todo el pa\u00eds.<\/p>\n<p class=\"v1MsoNormal\" style=\"text-align: justify;\">\u00abEstos han sido a\u00f1os dif\u00edciles para Chile y el mundo. Por lo mismo, estamos trabajando para resolver concretamente los problemas de las personas y para que Chile tenga Seguridad Econ\u00f3mica, Seguridad Ciudadana y Seguridad Social. Es por eso que nuestro primer presupuesto apunta a reactivar la econom\u00eda y dar esas seguridades\u00bb, se\u00f1al\u00f3 la vocera.<\/p>\n<p class=\"v1MsoNormal\" style=\"text-align: justify;\">\u00abDurante estos 7 meses, nuestro Gobierno ha avanzado logrando importantes avances para mejorar la vida de las personas, entre ellos el Sueldo m\u00ednimo hist\u00f3rico, Chile Apoya, el programa M\u00e1s Seguridad M\u00e1s Comunidad, y el Copago Cero, que hoy queremos relevar, y recordarle a todas las personas que son beneficiarios de Fonasa que desde septiembre de este a\u00f1o ya no tienen que desembolsar dinero por la atenci\u00f3n en la red p\u00fablica de salud\u00bb, agreg\u00f3.<\/p>\n<p class=\"v1MsoNormal\" style=\"text-align: justify;\">En ese sentido, Tatiana Pl\u00e1 \u00a0destac\u00f3 que desde hace muchos a\u00f1os en el pa\u00eds no se hab\u00eda realizado un anuncio tan importante en t\u00e9rminos de financiamiento de la salud. \u00abEl Copago Cero beneficia a un grupo de personas que potencialmente se empobrece por gastos de salud. En Chile, lamentablemente, el 2% de la poblaci\u00f3n cae en pobreza por copagos de salud y el 14% sufre gastos catastr\u00f3ficos, eso significa que tiene impactos significativos en los bolsillos familiares, que les impide destinar esos recursos a otros bienes. En tiempos de inflaci\u00f3n esto se vuelve a\u00fan m\u00e1s relevante. Como Gobierno estamos muy felices de poder concretar este esfuerzo pol\u00edtico, fiscal, presupuestario, que da esta posibilidad a las familias chilenas\u00bb, detall\u00f3.<\/p>\n<p class=\"v1MsoNormal\" style=\"text-align: justify;\">\u00abY es que si bien se proyecta que la actividad econ\u00f3mica decrecer\u00e1 el pr\u00f3ximo a\u00f1o, desde el Gobierno estamos respondiendo con un aumento de gasto del #Presupuesto2023 que tiene un importante componente de inversi\u00f3n p\u00fablica y que da seguridad econ\u00f3mica. Adem\u00e1s incluye ejes prioritarios en seguridad ciudadana y protecci\u00f3n social\u00bb, agreg\u00f3.<\/p>\n<p class=\"v1MsoNormal\" style=\"text-align: justify;\">En este sentido, la portavoz aprovech\u00f3 de recordar que desde el 15 de octubre se encuentra disponible el \u00a0sitio web\u00a0<a href=\"http:\/\/www.chileavanzando.cl\/\" target=\"_blank\" rel=\"noopener noreferrer\">www.chileavanzando.cl<\/a>, donde se pueden conocer los avances del Gobierno durante estos 7 meses de administraci\u00f3n, por meses o categor\u00edas como seguridad, econom\u00eda, beneficios, calidad de vida, salud, trabajo, educaci\u00f3n y medio ambiente, y donde tambi\u00e9n es posible postular a diferentes beneficios del Estado.<\/p>\n<\/div><\/section><\/div><div  style='height:50px' class='hr hr-invisible   avia-builder-el-6  el_after_av_one_full  el_before_av_social_share '><span class='hr-inner ' ><span class='hr-inner-style'><\/span><\/span><\/div><\/p>\n<div  class='av-social-sharing-box  avia-builder-el-7  el_after_av_hr  el_before_av_hr  '><div class='av-share-box'><h5 class='av-share-link-description av-no-toc '>Compartir esta noticia<\/h5><ul class='av-share-box-list noLightbox'><li class='av-share-link av-social-link-facebook' ><a target=\"_blank\" aria-label=\"Compartir en Facebook\" href='https:\/\/www.facebook.com\/sharer.php?u=https:\/\/radiorevelacionfm.cl\/?p=23462&#038;t=Seremi%20de%20Gobierno%20relev%C3%B3%20Copago%20Cero%3A%20%C2%ABDesde%20el%201%20de%20septiembre%20la%20Salud%20P%C3%BAblica%20es%20gratuita%20para%20quienes%20pertenecen%20a%20Fonasa%C2%BB' aria-hidden='false' data-av_icon='\ue8f3' data-av_iconfont='entypo-fontello' title='' data-avia-related-tooltip='Compartir en Facebook' rel=\"noopener\"><span class='avia_hidden_link_text'>Compartir en Facebook<\/span><\/a><\/li><li class='av-share-link av-social-link-twitter' ><a target=\"_blank\" aria-label=\"Compartir en Twitter\" href='https:\/\/twitter.com\/share?text=Seremi%20de%20Gobierno%20relev%C3%B3%20Copago%20Cero%3A%20%C2%ABDesde%20el%201%20de%20septiembre%20la%20Salud%20P%C3%BAblica%20es%20gratuita%20para%20quienes%20pertenecen%20a%20Fonasa%C2%BB&#038;url=https:\/\/radiorevelacionfm.cl\/?p=23462' aria-hidden='false' data-av_icon='\ue8f1' data-av_iconfont='entypo-fontello' title='' data-avia-related-tooltip='Compartir en Twitter' rel=\"noopener\"><span class='avia_hidden_link_text'>Compartir en Twitter<\/span><\/a><\/li><li class='av-share-link av-social-link-whatsapp' ><a target=\"_blank\" aria-label=\"Compartir en Whatsapp\" href='https:\/\/api.whatsapp.com\/send?text=https:\/\/radiorevelacionfm.cl\/?p=23462' aria-hidden='false' data-av_icon='\uf232' data-av_iconfont='entypo-fontello' title='' data-avia-related-tooltip='Compartir en Whatsapp' rel=\"noopener\"><span class='avia_hidden_link_text'>Compartir en Whatsapp<\/span><\/a><\/li><li class='av-share-link av-social-link-linkedin' ><a target=\"_blank\" aria-label=\"Compartir en LinkedIn\" href='https:\/\/linkedin.com\/shareArticle?mini=true&#038;title=Seremi%20de%20Gobierno%20relev%C3%B3%20Copago%20Cero%3A%20%C2%ABDesde%20el%201%20de%20septiembre%20la%20Salud%20P%C3%BAblica%20es%20gratuita%20para%20quienes%20pertenecen%20a%20Fonasa%C2%BB&#038;url=https:\/\/radiorevelacionfm.cl\/?p=23462' aria-hidden='false' data-av_icon='\ue8fc' data-av_iconfont='entypo-fontello' title='' data-avia-related-tooltip='Compartir en LinkedIn' rel=\"noopener\"><span class='avia_hidden_link_text'>Compartir en LinkedIn<\/span><\/a><\/li><li class='av-share-link av-social-link-mail' ><a  aria-label=\"Compartir por correo\" href='mailto:?subject=Seremi%20de%20Gobierno%20relev%C3%B3%20Copago%20Cero%3A%20%C2%ABDesde%20el%201%20de%20septiembre%20la%20Salud%20P%C3%BAblica%20es%20gratuita%20para%20quienes%20pertenecen%20a%20Fonasa%C2%BB&#038;body=https:\/\/radiorevelacionfm.cl\/?p=23462' aria-hidden='false' data-av_icon='\ue805' data-av_iconfont='entypo-fontello' title='' data-avia-related-tooltip='Compartir por correo'><span class='avia_hidden_link_text'>Compartir por correo<\/span><\/a><\/li><\/ul><\/div><\/div>\n<div  style='height:50px' class='hr hr-invisible   avia-builder-el-8  el_after_av_social_share  el_before_av_comments_list '><span class='hr-inner ' ><span class='hr-inner-style'><\/span><\/span><\/div>\n<div  class='av-buildercomment  av-blog-meta-html-info-disabled av-blog-meta-tag-disabled  '><\/div>\n","protected":false},"excerpt":{"rendered":"","protected":false},"author":1,"featured_media":23464,"comment_status":"open","ping_status":"open","sticky":false,"template":"","format":"standard","meta":{"footnotes":""},"categories":[38],"tags":[],"class_list":["post-23462","post","type-post","status-publish","format-standard","has-post-thumbnail","hentry","category-regional"],"jetpack_featured_media_url":"https:\/\/radiorevelacionfm.cl\/wp-content\/uploads\/2022\/10\/foto-2-19-1_optimized.jpeg","_links":{"self":[{"href":"https:\/\/radiorevelacionfm.cl\/index.php?rest_route=\/wp\/v2\/posts\/23462","targetHints":{"allow":["GET"]}}],"collection":[{"href":"https:\/\/radiorevelacionfm.cl\/index.php?rest_route=\/wp\/v2\/posts"}],"about":[{"href":"https:\/\/radiorevelacionfm.cl\/index.php?rest_route=\/wp\/v2\/types\/post"}],"author":[{"embeddable":true,"href":"https:\/\/radiorevelacionfm.cl\/index.php?rest_route=\/wp\/v2\/users\/1"}],"replies":[{"embeddable":true,"href":"https:\/\/radiorevelacionfm.cl\/index.php?rest_route=%2Fwp%2Fv2%2Fcomments&post=23462"}],"version-history":[{"count":2,"href":"https:\/\/radiorevelacionfm.cl\/index.php?rest_route=\/wp\/v2\/posts\/23462\/revisions"}],"predecessor-version":[{"id":23495,"href":"https:\/\/radiorevelacionfm.cl\/index.php?rest_route=\/wp\/v2\/posts\/23462\/revisions\/23495"}],"wp:featuredmedia":[{"embeddable":true,"href":"https:\/\/radiorevelacionfm.cl\/index.php?rest_route=\/wp\/v2\/media\/23464"}],"wp:attachment":[{"href":"https:\/\/radiorevelacionfm.cl\/index.php?rest_route=%2Fwp%2Fv2%2Fmedia&parent=23462"}],"wp:term":[{"taxonomy":"category","embeddable":true,"href":"https:\/\/radiorevelacionfm.cl\/index.php?rest_route=%2Fwp%2Fv2%2Fcategories&post=23462"},{"taxonomy":"post_tag","embeddable":true,"href":"https:\/\/radiorevelacionfm.cl\/index.php?rest_route=%2Fwp%2Fv2%2Ftags&post=23462"}],"curies":[{"name":"wp","href":"https:\/\/api.w.org\/{rel}","templated":true}]}}