{"id":23457,"date":"2022-10-28T11:55:35","date_gmt":"2022-10-28T14:55:35","guid":{"rendered":"https:\/\/radiorevelacionfm.cl\/?p=23457"},"modified":"2022-10-28T11:55:35","modified_gmt":"2022-10-28T14:55:35","slug":"alta-participacion-tuvo-conversatorio-sobre-el-autismo","status":"publish","type":"post","link":"https:\/\/radiorevelacionfm.cl\/?p=23457","title":{"rendered":"Alta participaci\u00f3n tuvo Conversatorio sobre el Autismo"},"content":{"rendered":"<div class=\"flex_column av_one_full  flex_column_div av-zero-column-padding first  avia-builder-el-0  el_before_av_one_full  avia-builder-el-first  \" style='border-radius:0px; '><div  class='avia-image-container  av-styling-    avia-builder-el-1  avia-builder-el-no-sibling  avia-align-center '  itemprop=\"image\" itemscope=\"itemscope\" itemtype=\"https:\/\/schema.org\/ImageObject\"  ><div class='avia-image-container-inner'><div class='avia-image-overlay-wrap'><img decoding=\"async\" class='wp-image-23458 avia-img-lazy-loading-not-23458 avia_image' src=\"https:\/\/radiorevelacionfm.cl\/wp-content\/uploads\/2022\/10\/IMG_1186-min-1-1.jpg\" alt='' title='IMG_1186-min (1) (1)' height=\"600\" width=\"902\"  itemprop=\"thumbnailUrl\" srcset=\"https:\/\/radiorevelacionfm.cl\/wp-content\/uploads\/2022\/10\/IMG_1186-min-1-1.jpg 902w, https:\/\/radiorevelacionfm.cl\/wp-content\/uploads\/2022\/10\/IMG_1186-min-1-1-300x200.jpg 300w, https:\/\/radiorevelacionfm.cl\/wp-content\/uploads\/2022\/10\/IMG_1186-min-1-1-768x511.jpg 768w, https:\/\/radiorevelacionfm.cl\/wp-content\/uploads\/2022\/10\/IMG_1186-min-1-1-705x469.jpg 705w, https:\/\/radiorevelacionfm.cl\/wp-content\/uploads\/2022\/10\/IMG_1186-min-1-1-600x399.jpg 600w\" sizes=\"(max-width: 902px) 100vw, 902px\" \/><\/div><\/div><\/div><\/div><div class=\"flex_column av_one_full  flex_column_div av-zero-column-padding first  avia-builder-el-2  el_after_av_one_full  el_before_av_one_full  column-top-margin\" style='border-radius:0px; '><section class=\"av_textblock_section \"  itemscope=\"itemscope\" itemtype=\"https:\/\/schema.org\/BlogPosting\" itemprop=\"blogPost\" ><div class='avia_textblock  '   itemprop=\"text\" ><p style=\"text-align: center;\"><strong><span style=\"font-size: 18pt;\">Alta participaci\u00f3n tuvo Conversatorio sobre el Autismo<\/span><\/strong><\/p>\n<div id=\"gtx-trans\" style=\"position: absolute; left: -50px; top: 4.31534px;\">\n<div class=\"gtx-trans-icon\"><\/div>\n<\/div>\n<\/div><\/section><\/div><div class=\"flex_column av_one_full  flex_column_div av-zero-column-padding first  avia-builder-el-4  el_after_av_one_full  el_before_av_hr  column-top-margin\" style='border-radius:0px; '><section class=\"av_textblock_section \"  itemscope=\"itemscope\" itemtype=\"https:\/\/schema.org\/BlogPosting\" itemprop=\"blogPost\" ><div class='avia_textblock  '   itemprop=\"text\" ><p style=\"font-weight: 400; text-align: justify;\">Este fin de semana se desarroll\u00f3 en Coyhaique el conversatorio \u201cRompiendo mitos y construyendo esperanza en el autismo\u201d, jornada de sensibilizaci\u00f3n que cont\u00f3 con un marco importante de familias, organizaciones y personas interesadas en esta tem\u00e1tica, en la que se pudo dialogar y reflexionar respecto a temas relacionados con el desarrollo y atenci\u00f3n temprana de ni\u00f1os y ni\u00f1as con condici\u00f3n del espectro autista.<\/p>\n<p style=\"font-weight: 400; text-align: justify;\">Leticia Araya Norambuena, directora regional de Fundaci\u00f3n Integra, tras el t\u00e9rmino del conversatorio destac\u00f3 que \u201cestos conversatorios permiten generar redes y que nos sigamos reuniendo y hablando de estos temas\u201d. Al mismo tiempo enfatiza que \u201clos ni\u00f1os y las ni\u00f1as nos dan pruebas constantes de inclusi\u00f3n porque ellos no hacen estas distinciones como s\u00ed lo hacemos los adultos, de querer normalizar todo cuando lo normal es lo distinto y eso hace que seamos personas y que podamos construir una sociedad que sea m\u00e1s igualitaria\u201d.<\/p>\n<p style=\"font-weight: 400; text-align: justify;\">La actividad organizada por el Programa de Atenci\u00f3n Temprana (PAT) y en conjunto con Fundaci\u00f3n Integra de la regi\u00f3n de Ays\u00e9n\u00a0cont\u00f3 con un panel de profesionales diagnosticados con la condici\u00f3n de espectro autista, as\u00ed como tambi\u00e9n con profesionales que desarrollan actividades dirigidas hacia ni\u00f1os y ni\u00f1as con Trastorno del Espectro Autista (TEA), adem\u00e1s de padres con hijos diagnosticados con esta condici\u00f3n y que actualmente forman parte de la educaci\u00f3n regular.<\/p>\n<p style=\"font-weight: 400; text-align: justify;\">Juana\u00a0Vargas, una de las profesionales del PAT destac\u00f3 que \u201cfue bastante emotivo y logramos hacer catarsis con las familias y que pudieran darse cuenta de la importancia de la detecci\u00f3n temprana, de la estimulaci\u00f3n en forma oportuna y de su diagn\u00f3stico\u201d. A la vez recalc\u00f3 la importancia de \u201cpoder recibir los apoyos complementarios de forma adecuada y que este proceso sea lo m\u00e1s ameno posible, en relaci\u00f3n a ciertos hitos del desarrollo\u201d.<\/p>\n<p style=\"font-weight: 400; text-align: justify;\">Por su parte, Claudia Mar\u00edn,\u00a0Profesional de Inclusi\u00f3n de Fundaci\u00f3n Integra manifest\u00f3 que fue una actividad \u00abcon buena convocatoria, con foco en la sensibilizaci\u00f3n respecto de la condici\u00f3n del espectro autista, que adem\u00e1s foment\u00f3 la participaci\u00f3n de las familias y asociaciones que trabajan esta materia\u201d. Adem\u00e1s, recalc\u00f3 que \u201ces importante generar estos espacios de conversaci\u00f3n y conocer los procesos que enfrentan, en distintos \u00e1mbitos de la vida, quienes presentan esta condici\u00f3n\u201d.<\/p>\n<p style=\"font-weight: 400; text-align: justify;\">Dentro de las acciones desarrolladas en este conversatorio destaca la denominada \u201cCabina Sensorial\u201d, la que busc\u00f3 que cada participante pudiera percibir situaciones de la vida diaria, pero visualizada y sentida desde la perspectiva de un ni\u00f1o con TEA, teniendo en cuenta como estos se convierten en agentes obstaculizadores en el desarrollo integral de ni\u00f1os y ni\u00f1as<\/p>\n<p style=\"font-weight: 400; text-align: justify;\">Franco Adio, uno de los asistentes a este conversatorio destac\u00f3 que \u201cmientras m\u00e1s nos acerquemos a la primera infancia con estos temas tenemos mayores oportunidades de poder mejorar. Hay un camino largo que recorrer como sociedad y mientras m\u00e1s nos aproximemos al inicio de la vida, las oportunidades van a ser mayores\u201d. Del mismo modo recalc\u00f3 que es bueno que Fundaci\u00f3n \u201cIntegra est\u00e9 realizando este tipo de encuentros ya que es una oportunidad de que mejoremos como sociedad y que todos seamos part\u00edcipes de un desarrollo conjunto porque ellos tienen valores muy interesantes que debemos rescatar\u201d.<\/p>\n<p style=\"font-weight: 400; text-align: justify;\">Cabe se\u00f1alar que este Programa es posible gracias a un convenio entre el Servicio Nacional de la Discapacidad (Senadis) y Fundaci\u00f3n Integra para este 2022 y que tiene por\u00a0objetivo reducir las barreras de inclusi\u00f3n social y educativa de ni\u00f1os y ni\u00f1as de 0 a 6 a\u00f1os con discapacidad y\/o rezago del desarrollo de ni\u00f1as y ni\u00f1as que asisten a los establecimientos de Fundaci\u00f3n Integra en la regi\u00f3n de Ays\u00e9n.<\/p>\n<p style=\"font-weight: 400; text-align: justify;\">Finalmente, es importante se\u00f1alar que el PAT actualmente est\u00e1 trabajando con 12 jardines infantiles de Fundaci\u00f3n Integra de la regi\u00f3n de Ays\u00e9n en las comunas de Coyhaique, Ays\u00e9n y R\u00edo Ib\u00e1\u00f1ez beneficiando tanto a los ni\u00f1os, ni\u00f1as, familias, equipos educativos como tambi\u00e9n a las redes con quienes trabajan.<\/p>\n<\/div><\/section><\/div><div  style='height:50px' class='hr hr-invisible   avia-builder-el-6  el_after_av_one_full  el_before_av_social_share '><span class='hr-inner ' ><span class='hr-inner-style'><\/span><\/span><\/div><\/p>\n<div  class='av-social-sharing-box  avia-builder-el-7  el_after_av_hr  el_before_av_hr  '><div class='av-share-box'><h5 class='av-share-link-description av-no-toc '>Compartir esta noticia<\/h5><ul class='av-share-box-list noLightbox'><li class='av-share-link av-social-link-facebook' ><a target=\"_blank\" aria-label=\"Compartir en Facebook\" href='https:\/\/www.facebook.com\/sharer.php?u=https:\/\/radiorevelacionfm.cl\/?p=23457&#038;t=Alta%20participaci%C3%B3n%20tuvo%20Conversatorio%20sobre%20el%20Autismo' aria-hidden='false' data-av_icon='\ue8f3' data-av_iconfont='entypo-fontello' title='' data-avia-related-tooltip='Compartir en Facebook' rel=\"noopener\"><span class='avia_hidden_link_text'>Compartir en Facebook<\/span><\/a><\/li><li class='av-share-link av-social-link-twitter' ><a target=\"_blank\" aria-label=\"Compartir en Twitter\" href='https:\/\/twitter.com\/share?text=Alta%20participaci%C3%B3n%20tuvo%20Conversatorio%20sobre%20el%20Autismo&#038;url=https:\/\/radiorevelacionfm.cl\/?p=23457' aria-hidden='false' data-av_icon='\ue8f1' data-av_iconfont='entypo-fontello' title='' data-avia-related-tooltip='Compartir en Twitter' rel=\"noopener\"><span class='avia_hidden_link_text'>Compartir en Twitter<\/span><\/a><\/li><li class='av-share-link av-social-link-whatsapp' ><a target=\"_blank\" aria-label=\"Compartir en Whatsapp\" href='https:\/\/api.whatsapp.com\/send?text=https:\/\/radiorevelacionfm.cl\/?p=23457' aria-hidden='false' data-av_icon='\uf232' data-av_iconfont='entypo-fontello' title='' data-avia-related-tooltip='Compartir en Whatsapp' rel=\"noopener\"><span class='avia_hidden_link_text'>Compartir en Whatsapp<\/span><\/a><\/li><li class='av-share-link av-social-link-linkedin' ><a target=\"_blank\" aria-label=\"Compartir en LinkedIn\" href='https:\/\/linkedin.com\/shareArticle?mini=true&#038;title=Alta%20participaci%C3%B3n%20tuvo%20Conversatorio%20sobre%20el%20Autismo&#038;url=https:\/\/radiorevelacionfm.cl\/?p=23457' aria-hidden='false' data-av_icon='\ue8fc' data-av_iconfont='entypo-fontello' title='' data-avia-related-tooltip='Compartir en LinkedIn' rel=\"noopener\"><span class='avia_hidden_link_text'>Compartir en LinkedIn<\/span><\/a><\/li><li class='av-share-link av-social-link-mail' ><a  aria-label=\"Compartir por correo\" href='mailto:?subject=Alta%20participaci%C3%B3n%20tuvo%20Conversatorio%20sobre%20el%20Autismo&#038;body=https:\/\/radiorevelacionfm.cl\/?p=23457' aria-hidden='false' data-av_icon='\ue805' data-av_iconfont='entypo-fontello' title='' data-avia-related-tooltip='Compartir por correo'><span class='avia_hidden_link_text'>Compartir por correo<\/span><\/a><\/li><\/ul><\/div><\/div>\n<div  style='height:50px' class='hr hr-invisible   avia-builder-el-8  el_after_av_social_share  el_before_av_comments_list '><span class='hr-inner ' ><span class='hr-inner-style'><\/span><\/span><\/div>\n<div  class='av-buildercomment  av-blog-meta-html-info-disabled av-blog-meta-tag-disabled  '><\/div>\n","protected":false},"excerpt":{"rendered":"","protected":false},"author":1,"featured_media":23458,"comment_status":"open","ping_status":"open","sticky":false,"template":"","format":"standard","meta":{"footnotes":""},"categories":[38],"tags":[],"class_list":["post-23457","post","type-post","status-publish","format-standard","has-post-thumbnail","hentry","category-regional"],"jetpack_featured_media_url":"https:\/\/radiorevelacionfm.cl\/wp-content\/uploads\/2022\/10\/IMG_1186-min-1-1.jpg","_links":{"self":[{"href":"https:\/\/radiorevelacionfm.cl\/index.php?rest_route=\/wp\/v2\/posts\/23457","targetHints":{"allow":["GET"]}}],"collection":[{"href":"https:\/\/radiorevelacionfm.cl\/index.php?rest_route=\/wp\/v2\/posts"}],"about":[{"href":"https:\/\/radiorevelacionfm.cl\/index.php?rest_route=\/wp\/v2\/types\/post"}],"author":[{"embeddable":true,"href":"https:\/\/radiorevelacionfm.cl\/index.php?rest_route=\/wp\/v2\/users\/1"}],"replies":[{"embeddable":true,"href":"https:\/\/radiorevelacionfm.cl\/index.php?rest_route=%2Fwp%2Fv2%2Fcomments&post=23457"}],"version-history":[{"count":2,"href":"https:\/\/radiorevelacionfm.cl\/index.php?rest_route=\/wp\/v2\/posts\/23457\/revisions"}],"predecessor-version":[{"id":23622,"href":"https:\/\/radiorevelacionfm.cl\/index.php?rest_route=\/wp\/v2\/posts\/23457\/revisions\/23622"}],"wp:featuredmedia":[{"embeddable":true,"href":"https:\/\/radiorevelacionfm.cl\/index.php?rest_route=\/wp\/v2\/media\/23458"}],"wp:attachment":[{"href":"https:\/\/radiorevelacionfm.cl\/index.php?rest_route=%2Fwp%2Fv2%2Fmedia&parent=23457"}],"wp:term":[{"taxonomy":"category","embeddable":true,"href":"https:\/\/radiorevelacionfm.cl\/index.php?rest_route=%2Fwp%2Fv2%2Fcategories&post=23457"},{"taxonomy":"post_tag","embeddable":true,"href":"https:\/\/radiorevelacionfm.cl\/index.php?rest_route=%2Fwp%2Fv2%2Ftags&post=23457"}],"curies":[{"name":"wp","href":"https:\/\/api.w.org\/{rel}","templated":true}]}}