{"id":23453,"date":"2022-10-25T10:11:23","date_gmt":"2022-10-25T13:11:23","guid":{"rendered":"https:\/\/radiorevelacionfm.cl\/?p=23453"},"modified":"2022-10-25T10:11:23","modified_gmt":"2022-10-25T13:11:23","slug":"con-pleno-exito-se-desarrollo-jornada-de-atencion-en-terreno-organizada-por-el-minvu","status":"publish","type":"post","link":"https:\/\/radiorevelacionfm.cl\/?p=23453","title":{"rendered":"Con pleno \u00e9xito se desarroll\u00f3 Jornada de Atenci\u00f3n en Terreno organizada por el Minvu"},"content":{"rendered":"<div class=\"flex_column av_one_full  flex_column_div av-zero-column-padding first  avia-builder-el-0  el_before_av_one_full  avia-builder-el-first  \" style='border-radius:0px; '><div  class='avia-image-container  av-styling-    avia-builder-el-1  avia-builder-el-no-sibling  avia-align-center '  itemprop=\"image\" itemscope=\"itemscope\" itemtype=\"https:\/\/schema.org\/ImageObject\"  ><div class='avia-image-container-inner'><div class='avia-image-overlay-wrap'><img decoding=\"async\" class='wp-image-23454 avia-img-lazy-loading-not-23454 avia_image' src=\"https:\/\/radiorevelacionfm.cl\/wp-content\/uploads\/2022\/10\/joranda-atencion-terreno-1_optimized.jpg\" alt='' title='joranda-atenci\u00f3n-terreno-(1)_optimized' height=\"600\" width=\"901\"  itemprop=\"thumbnailUrl\" srcset=\"https:\/\/radiorevelacionfm.cl\/wp-content\/uploads\/2022\/10\/joranda-atencion-terreno-1_optimized.jpg 901w, https:\/\/radiorevelacionfm.cl\/wp-content\/uploads\/2022\/10\/joranda-atencion-terreno-1_optimized-300x200.jpg 300w, https:\/\/radiorevelacionfm.cl\/wp-content\/uploads\/2022\/10\/joranda-atencion-terreno-1_optimized-768x511.jpg 768w, https:\/\/radiorevelacionfm.cl\/wp-content\/uploads\/2022\/10\/joranda-atencion-terreno-1_optimized-705x469.jpg 705w, https:\/\/radiorevelacionfm.cl\/wp-content\/uploads\/2022\/10\/joranda-atencion-terreno-1_optimized-600x400.jpg 600w\" sizes=\"(max-width: 901px) 100vw, 901px\" \/><\/div><\/div><\/div><\/div><div class=\"flex_column av_one_full  flex_column_div av-zero-column-padding first  avia-builder-el-2  el_after_av_one_full  el_before_av_one_full  column-top-margin\" style='border-radius:0px; '><section class=\"av_textblock_section \"  itemscope=\"itemscope\" itemtype=\"https:\/\/schema.org\/BlogPosting\" itemprop=\"blogPost\" ><div class='avia_textblock  '   itemprop=\"text\" ><p style=\"text-align: center;\"><strong><span style=\"font-size: 18pt;\">Con pleno \u00e9xito se desarroll\u00f3 Jornada de Atenci\u00f3n en Terreno organizada por el Minvu <\/span><\/strong><\/p>\n<div id=\"gtx-trans\" style=\"position: absolute; left: -50px; top: 4.31534px;\">\n<div class=\"gtx-trans-icon\"><\/div>\n<\/div>\n<\/div><\/section><\/div><div class=\"flex_column av_one_full  flex_column_div av-zero-column-padding first  avia-builder-el-4  el_after_av_one_full  el_before_av_hr  column-top-margin\" style='border-radius:0px; '><section class=\"av_textblock_section \"  itemscope=\"itemscope\" itemtype=\"https:\/\/schema.org\/BlogPosting\" itemprop=\"blogPost\" ><div class='avia_textblock  '   itemprop=\"text\" ><p style=\"text-align: justify;\">Con una gran participaci\u00f3n y concurrencia de vecinos y vecinas de Coyhaique se desarroll\u00f3 recientemente en Coyhaique una jornada de atenci\u00f3n en terreno organizada por el Ministerio de Vivienda y Urbanismo (Minvu) a trav\u00e9s de su Programa de Asentamientos Precarios, actividad en la que adem\u00e1s participaron activamente funcionarios de una decena de servicios p\u00fablicos de la regi\u00f3n.<\/p>\n<p style=\"text-align: justify;\">La atenci\u00f3n en terreno se hizo efectiva en la sede y plazoleta de la poblaci\u00f3n Pedro Aguirre Cerda, hasta donde llegaron las familias para hacer consultas y realizar tr\u00e1mites en algunos servicios como Serviu, Junji, Conaf, Instituto de Previsi\u00f3n Social (IPS), Corporaci\u00f3n de Asistencia Judicial, Seremis de Salud, Vivienda, Trabajo, Desarrollo Social, Registro Civil, Subsecretar\u00eda de Prevenci\u00f3n del Delito y municipalidad de Coyhaique, entre otros.<\/p>\n<p style=\"text-align: justify;\">La Seremi de Vivienda, Paulina Ruz, destac\u00f3 la importancia de poder descentralizar la atenci\u00f3n llev\u00e1ndola hasta las poblaciones, sobre todo ahora que la pandemia por Covid 19 est\u00e1 m\u00e1s controlada. \u201cTambi\u00e9n est\u00e1 aqu\u00ed la gente que habita el campamento Err\u00e1zuriz, as\u00ed que agradecemos la convocatoria tanto de las familias que est\u00e1n ac\u00e1 requiriendo informaci\u00f3n, atendi\u00e9ndose, como tambi\u00e9n de todos los servicios p\u00fablicos que est\u00e1n involucrados junto a las autoridades presentes. Esperamos seguir realizando estas actividades y de hecho para noviembre tenemos presupuestada otra atenci\u00f3n en terreno cerca del Galp\u00f3n Municipal. La idea es seguir con este tipo de iniciativas en lo que queda del a\u00f1o y ya para el 2023 armar una hoja de ruta que implique llevar este tipo de acciones tambi\u00e9n a otras comunas de la regi\u00f3n\u201d, precis\u00f3.<\/p>\n<p style=\"text-align: justify;\">El Director (S) del Serviu, Eduardo Navarro, valor\u00f3 tambi\u00e9n la realizaci\u00f3n del encuentro que va en directo beneficio de la comunidad. \u201cEste tipo de actividades en terreno son muy importantes porque no todos los vecinos tienen la posibilidad de acercarse a los servicios que est\u00e1n ubicados en el centro de Coyhaique. Adem\u00e1s, el d\u00eda nos acompa\u00f1a, se ve harto \u00e1nimo, muchos ni\u00f1os y una participaci\u00f3n casi masiva de la gente del sector. Creo que esta actividad se deber\u00eda seguir repitiendo y ojal\u00e1 con una mayor cantidad de servicios participantes\u201d, acot\u00f3.<\/p>\n<p style=\"text-align: justify;\">Por su parte la dirigenta del campamento Err\u00e1zuriz, Ruth A\u00f1asco, agradeci\u00f3 a los funcionarios y funcionarias que llegaron para responder dudas y atender diversos tr\u00e1mites. \u201cEs bueno que trajeron a todos estos servicios p\u00fablicos, nos gust\u00f3 mucho y ahora vamos a hacer un puerta a puerta para que la gente venga. Ojal\u00e1 aprovechen bien porque todo es gratis, hay una gran variedad de servicios y ojal\u00e1 se repita otra vez en el futuro\u201d, manifest\u00f3.<\/p>\n<p style=\"text-align: justify;\">Tras finalizar su tr\u00e1mite con el Serviu, la vecina Iris Villarroel tambi\u00e9n se refiri\u00f3 a esta convocatoria.\u00a0 \u201cComo vecinos y vecinas nos parece muy bueno que se haga esto cerca de la casa de uno tambi\u00e9n, ya que as\u00ed no tiene tantos problemas como ir a la oficina, donde tiene que tener locomoci\u00f3n, as\u00ed que me alegro que esto se haga ac\u00e1 y que sea expedito, ya que yo hice mi tr\u00e1mite para un subsidio de arriendo sin ning\u00fan problema\u201d, afirm\u00f3.<\/p>\n<p style=\"text-align: justify;\">Finalmente, la Seremi de Gobierno, Tatiana Pl\u00e1, expres\u00f3 su satisfacci\u00f3n por ser parte de esta atenci\u00f3n en terreno, que refleja la visi\u00f3n y la misi\u00f3n del Gobierno para estar cada vez m\u00e1s cerca de las comunidades. \u201cHay un compromiso grande de los diferentes Servicios por acercar la oferta program\u00e1tica que tenemos. As\u00ed que estamos muy contentos, hemos hecho difusi\u00f3n para que los vecinos y vecinas puedan acompa\u00f1arnos y realizar sus tr\u00e1mites, como el Registro Social de Hogares o postular a las pensiones b\u00e1sicas que tiene el IPS. De igual forma est\u00e1n disponibles los puntos de la Seremi de Salud, de la Mujer y en general un sinf\u00edn de servicios que esperamos sean un beneficio para la comunidad, aqu\u00ed en la poblaci\u00f3n, que es donde queremos estar cumpliendo el compromiso de nuestro Gobierno de estar en el territorio\u201d, concluy\u00f3.<\/p>\n<\/div><\/section><\/div><div  style='height:50px' class='hr hr-invisible   avia-builder-el-6  el_after_av_one_full  el_before_av_social_share '><span class='hr-inner ' ><span class='hr-inner-style'><\/span><\/span><\/div><\/p>\n<div  class='av-social-sharing-box  avia-builder-el-7  el_after_av_hr  el_before_av_hr  '><div class='av-share-box'><h5 class='av-share-link-description av-no-toc '>Compartir esta noticia<\/h5><ul class='av-share-box-list noLightbox'><li class='av-share-link av-social-link-facebook' ><a target=\"_blank\" aria-label=\"Compartir en Facebook\" href='https:\/\/www.facebook.com\/sharer.php?u=https:\/\/radiorevelacionfm.cl\/?p=23453&#038;t=Con%20pleno%20%C3%A9xito%20se%20desarroll%C3%B3%20Jornada%20de%20Atenci%C3%B3n%20en%20Terreno%20organizada%20por%20el%20Minvu' aria-hidden='false' data-av_icon='\ue8f3' data-av_iconfont='entypo-fontello' title='' data-avia-related-tooltip='Compartir en Facebook' rel=\"noopener\"><span class='avia_hidden_link_text'>Compartir en Facebook<\/span><\/a><\/li><li class='av-share-link av-social-link-twitter' ><a target=\"_blank\" aria-label=\"Compartir en Twitter\" href='https:\/\/twitter.com\/share?text=Con%20pleno%20%C3%A9xito%20se%20desarroll%C3%B3%20Jornada%20de%20Atenci%C3%B3n%20en%20Terreno%20organizada%20por%20el%20Minvu&#038;url=https:\/\/radiorevelacionfm.cl\/?p=23453' aria-hidden='false' data-av_icon='\ue8f1' data-av_iconfont='entypo-fontello' title='' data-avia-related-tooltip='Compartir en Twitter' rel=\"noopener\"><span class='avia_hidden_link_text'>Compartir en Twitter<\/span><\/a><\/li><li class='av-share-link av-social-link-whatsapp' ><a target=\"_blank\" aria-label=\"Compartir en Whatsapp\" href='https:\/\/api.whatsapp.com\/send?text=https:\/\/radiorevelacionfm.cl\/?p=23453' aria-hidden='false' data-av_icon='\uf232' data-av_iconfont='entypo-fontello' title='' data-avia-related-tooltip='Compartir en Whatsapp' rel=\"noopener\"><span class='avia_hidden_link_text'>Compartir en Whatsapp<\/span><\/a><\/li><li class='av-share-link av-social-link-linkedin' ><a target=\"_blank\" aria-label=\"Compartir en LinkedIn\" href='https:\/\/linkedin.com\/shareArticle?mini=true&#038;title=Con%20pleno%20%C3%A9xito%20se%20desarroll%C3%B3%20Jornada%20de%20Atenci%C3%B3n%20en%20Terreno%20organizada%20por%20el%20Minvu&#038;url=https:\/\/radiorevelacionfm.cl\/?p=23453' aria-hidden='false' data-av_icon='\ue8fc' data-av_iconfont='entypo-fontello' title='' data-avia-related-tooltip='Compartir en LinkedIn' rel=\"noopener\"><span class='avia_hidden_link_text'>Compartir en LinkedIn<\/span><\/a><\/li><li class='av-share-link av-social-link-mail' ><a  aria-label=\"Compartir por correo\" href='mailto:?subject=Con%20pleno%20%C3%A9xito%20se%20desarroll%C3%B3%20Jornada%20de%20Atenci%C3%B3n%20en%20Terreno%20organizada%20por%20el%20Minvu&#038;body=https:\/\/radiorevelacionfm.cl\/?p=23453' aria-hidden='false' data-av_icon='\ue805' data-av_iconfont='entypo-fontello' title='' data-avia-related-tooltip='Compartir por correo'><span class='avia_hidden_link_text'>Compartir por correo<\/span><\/a><\/li><\/ul><\/div><\/div>\n<div  style='height:50px' class='hr hr-invisible   avia-builder-el-8  el_after_av_social_share  el_before_av_comments_list '><span class='hr-inner ' ><span class='hr-inner-style'><\/span><\/span><\/div>\n<div  class='av-buildercomment  av-blog-meta-html-info-disabled av-blog-meta-tag-disabled  '><\/div>\n","protected":false},"excerpt":{"rendered":"","protected":false},"author":1,"featured_media":23454,"comment_status":"open","ping_status":"open","sticky":false,"template":"","format":"standard","meta":{"footnotes":""},"categories":[57],"tags":[],"class_list":["post-23453","post","type-post","status-publish","format-standard","has-post-thumbnail","hentry","category-vivienda"],"jetpack_featured_media_url":"https:\/\/radiorevelacionfm.cl\/wp-content\/uploads\/2022\/10\/joranda-atencion-terreno-1_optimized.jpg","_links":{"self":[{"href":"https:\/\/radiorevelacionfm.cl\/index.php?rest_route=\/wp\/v2\/posts\/23453","targetHints":{"allow":["GET"]}}],"collection":[{"href":"https:\/\/radiorevelacionfm.cl\/index.php?rest_route=\/wp\/v2\/posts"}],"about":[{"href":"https:\/\/radiorevelacionfm.cl\/index.php?rest_route=\/wp\/v2\/types\/post"}],"author":[{"embeddable":true,"href":"https:\/\/radiorevelacionfm.cl\/index.php?rest_route=\/wp\/v2\/users\/1"}],"replies":[{"embeddable":true,"href":"https:\/\/radiorevelacionfm.cl\/index.php?rest_route=%2Fwp%2Fv2%2Fcomments&post=23453"}],"version-history":[{"count":2,"href":"https:\/\/radiorevelacionfm.cl\/index.php?rest_route=\/wp\/v2\/posts\/23453\/revisions"}],"predecessor-version":[{"id":23456,"href":"https:\/\/radiorevelacionfm.cl\/index.php?rest_route=\/wp\/v2\/posts\/23453\/revisions\/23456"}],"wp:featuredmedia":[{"embeddable":true,"href":"https:\/\/radiorevelacionfm.cl\/index.php?rest_route=\/wp\/v2\/media\/23454"}],"wp:attachment":[{"href":"https:\/\/radiorevelacionfm.cl\/index.php?rest_route=%2Fwp%2Fv2%2Fmedia&parent=23453"}],"wp:term":[{"taxonomy":"category","embeddable":true,"href":"https:\/\/radiorevelacionfm.cl\/index.php?rest_route=%2Fwp%2Fv2%2Fcategories&post=23453"},{"taxonomy":"post_tag","embeddable":true,"href":"https:\/\/radiorevelacionfm.cl\/index.php?rest_route=%2Fwp%2Fv2%2Ftags&post=23453"}],"curies":[{"name":"wp","href":"https:\/\/api.w.org\/{rel}","templated":true}]}}