{"id":23448,"date":"2022-10-25T12:04:20","date_gmt":"2022-10-25T15:04:20","guid":{"rendered":"https:\/\/radiorevelacionfm.cl\/?p=23448"},"modified":"2022-10-25T12:04:20","modified_gmt":"2022-10-25T15:04:20","slug":"junta-de-vecinos-jose-miguel-carrera-de-coyhaique-concreto-mejoramiento-de-su-sede-tras-importante-aporte","status":"publish","type":"post","link":"https:\/\/radiorevelacionfm.cl\/?p=23448","title":{"rendered":"Junta de Vecinos Jos\u00e9 Miguel Carrera de Coyhaique concret\u00f3 mejoramiento de su sede tras importante aporte"},"content":{"rendered":"<div class=\"flex_column av_one_full  flex_column_div av-zero-column-padding first  avia-builder-el-0  el_before_av_one_full  avia-builder-el-first  \" style='border-radius:0px; '><div  class='avia-image-container  av-styling-    avia-builder-el-1  avia-builder-el-no-sibling  avia-align-center '  itemprop=\"image\" itemscope=\"itemscope\" itemtype=\"https:\/\/schema.org\/ImageObject\"  ><div class='avia-image-container-inner'><div class='avia-image-overlay-wrap'><img decoding=\"async\" class='wp-image-23449 avia-img-lazy-loading-not-23449 avia_image' src=\"https:\/\/radiorevelacionfm.cl\/wp-content\/uploads\/2022\/10\/IMG_20221024_154236-1-1.jpg\" alt='' title='IMG_20221024_154236 (1) (1)' height=\"600\" width=\"800\"  itemprop=\"thumbnailUrl\" srcset=\"https:\/\/radiorevelacionfm.cl\/wp-content\/uploads\/2022\/10\/IMG_20221024_154236-1-1.jpg 800w, https:\/\/radiorevelacionfm.cl\/wp-content\/uploads\/2022\/10\/IMG_20221024_154236-1-1-300x225.jpg 300w, https:\/\/radiorevelacionfm.cl\/wp-content\/uploads\/2022\/10\/IMG_20221024_154236-1-1-768x576.jpg 768w, https:\/\/radiorevelacionfm.cl\/wp-content\/uploads\/2022\/10\/IMG_20221024_154236-1-1-705x529.jpg 705w, https:\/\/radiorevelacionfm.cl\/wp-content\/uploads\/2022\/10\/IMG_20221024_154236-1-1-600x450.jpg 600w\" sizes=\"(max-width: 800px) 100vw, 800px\" \/><\/div><\/div><\/div><\/div><div class=\"flex_column av_one_full  flex_column_div av-zero-column-padding first  avia-builder-el-2  el_after_av_one_full  el_before_av_one_full  column-top-margin\" style='border-radius:0px; '><section class=\"av_textblock_section \"  itemscope=\"itemscope\" itemtype=\"https:\/\/schema.org\/BlogPosting\" itemprop=\"blogPost\" ><div class='avia_textblock  '   itemprop=\"text\" ><p style=\"text-align: center;\"><strong><span style=\"font-size: 18pt;\">Junta de Vecinos Jos\u00e9 Miguel Carrera de Coyhaique concret\u00f3 mejoramiento de su sede tras importante aporte<\/span><\/strong><\/p>\n<div id=\"gtx-trans\" style=\"position: absolute; left: -50px; top: 4.31534px;\">\n<div class=\"gtx-trans-icon\"><\/div>\n<\/div>\n<\/div><\/section><\/div><div class=\"flex_column av_one_full  flex_column_div av-zero-column-padding first  avia-builder-el-4  el_after_av_one_full  el_before_av_hr  column-top-margin\" style='border-radius:0px; '><section class=\"av_textblock_section \"  itemscope=\"itemscope\" itemtype=\"https:\/\/schema.org\/BlogPosting\" itemprop=\"blogPost\" ><div class='avia_textblock  '   itemprop=\"text\" ><p class=\"v1MsoNormal\" style=\"text-align: justify;\"><span lang=\"ES-MX\">Los vecinos de la Junta de Vecinos Jos\u00e9 Miguel Carrera de Coyhaique est\u00e1n felices, porque despu\u00e9s de a\u00f1os de abandono y de da\u00f1os en su sede, esta edificaci\u00f3n luce un renovado rostro, tras las mejoras, tanto en el interior como en el exterior del recinto emplazado en calle Los Calafates de la capital regional de Ays\u00e9n.<\/span><\/p>\n<p class=\"v1MsoNormal\" style=\"text-align: justify;\"><span lang=\"ES-MX\">Una comunidad gratificada por el aporte de m\u00e1s de 8 millones de pesos por parte de la Fundaci\u00f3n Te Apoyamos, ligada al empresario nacional Andr\u00f3nico Luksic Craig. El presidente de esta unidad vecinal, Cardenio Rojas, agradeci\u00f3 el apoyo para el mejoramiento de este espacio que los re\u00fane.<\/span><\/p>\n<p class=\"v1MsoNormal\" style=\"text-align: justify;\"><span lang=\"ES-MX\">\u00abTen\u00edamos la necesidad de mejorar esta infraestructura, esta sede comunitaria que estaba muy da\u00f1ada, con ayuda de los vecinos se ha transformado en algo sociable, est\u00e1 con la luz nueva, est\u00e1 pintadita, est\u00e1 realmente hermosa, todo el mundo ha felicitado esta gesti\u00f3n\u00bb, indic\u00f3 el dirigente.<\/span><\/p>\n<p class=\"v1MsoNormal\" style=\"text-align: justify;\"><span lang=\"ES-MX\">Rojas indic\u00f3 que esta mejora trae consigo adem\u00e1s otros avances, como por ejemplo \u00abpor fuera se instalar\u00e1 un box de medicina general, hay una sala de uso m\u00faltiple, con maquinaria, para que los adultos mayores, para que los ni\u00f1os tengan su espacio. Tenemos la posibilidad de tener una sede comunitaria no solo para nosotros, por lo tanto debemos cuidarla\u00bb.<\/span><\/p>\n<p class=\"v1MsoNormal\" style=\"text-align: justify;\"><span lang=\"ES-MX\">Ayuda concreta, que se ve plasmada en una mejora sustancial del espacio, algo destacado por Carolina Ubilla, \u00a0de la Fundaci\u00f3n Te Apoyamos de Andr\u00f3nico Luksic, quien felicit\u00f3 \u00abel trabajo que se est\u00e1 haciendo, las juntas de vecinos con entidades fundamentales, que cumplen una labor muy relevante para la comunidad. Nosotros cuando nos contactaron y nos contaron las necesidades que hab\u00edan, no dudamos en aportar con un granito de arena para que puedan mejorar su infraestructura y poder llevar adelante sus actividades de mejor manera\u00bb.<\/span><\/p>\n<p class=\"v1gmail-MsoSubtitle\" style=\"text-align: justify;\"><b><span lang=\"ES-MX\">Apoyo a club deportivo<\/span><\/b><\/p>\n<p class=\"v1MsoNormal\" style=\"text-align: justify;\"><span lang=\"ES-MX\">Esta no es la \u00fanica ayuda que se ha gestionado a trav\u00e9s de la Fundaci\u00f3n Te Apoyamos. D\u00edas atr\u00e1s, en la cancha del Estadio Regional de Coyhaique, se concret\u00f3 la entrega de equipamiento deportivo para el club Patagon F.C., que tiene un v\u00ednculo social con ni\u00f1os y ni\u00f1as que asisten semana a semana a formarse como deportistas.<\/span><\/p>\n<p class=\"v1MsoNormal\" style=\"text-align: justify;\"><span lang=\"ES-MX\">A cargo del club est\u00e1 el profesor Pedro Meli\u00f1ir, quien destac\u00f3 que \u00abestamos muy agradecidos por el regalo que nos hicieron ellos, por recibir los buzos para los ni\u00f1os, que tanto lo necesitamos por el invierno, por el fr\u00edo ac\u00e1 en la regi\u00f3n, tambi\u00e9n por las camisetas, nosotros participamos de la Liga Infantil de la Patagonia, entonces necesit\u00e1bamos de indumentaria deportiva, son elementales para poder trabajar y desarrollar este deporte que tanto nos gusta. Tambi\u00e9n hemos conversado con Carolina, acerca de seguir transmitiendo valores, principalmente basados en la palabra de Dios\u00bb.<\/span><\/p>\n<p class=\"v1MsoNormal\" style=\"text-align: justify;\"><span lang=\"ES-MX\">Qui\u00e9n encauz\u00f3 esta ayuda ante la Fundaci\u00f3n fue Roberto Recabal, quien desde su mirada asegur\u00f3 que \u00abno solo se accede en el caso particular, porque te ubican y se busca una soluci\u00f3n o ayuda. Lo que digo siempre es quien tiene la vocaci\u00f3n de servicio p\u00fablico, no solamente la debe ejercer cuando es autoridad, como ejemplo, los dirigentes de las juntas de vecinos, de los clubes deportivos, son gente que se dedica a ayudar y en eso estoy, tratando de cooperar en algunos proyectos\u00bb.<\/span><\/p>\n<p class=\"v1MsoNormal\" style=\"text-align: justify;\"><span lang=\"ES-MX\">La Fundaci\u00f3n Te Apoyamos gestiona las solicitudes de ayuda que recibe el empresario Andr\u00f3nico Luksic a lo largo y ancho de nuestro pa\u00eds, entre ellas las que se concretaron en los \u00faltimos d\u00edas en la regi\u00f3n de Ays\u00e9n.<\/span><\/p>\n<\/div><\/section><\/div><div  style='height:50px' class='hr hr-invisible   avia-builder-el-6  el_after_av_one_full  el_before_av_social_share '><span class='hr-inner ' ><span class='hr-inner-style'><\/span><\/span><\/div><\/p>\n<div  class='av-social-sharing-box  avia-builder-el-7  el_after_av_hr  el_before_av_hr  '><div class='av-share-box'><h5 class='av-share-link-description av-no-toc '>Compartir esta noticia<\/h5><ul class='av-share-box-list noLightbox'><li class='av-share-link av-social-link-facebook' ><a target=\"_blank\" aria-label=\"Compartir en Facebook\" href='https:\/\/www.facebook.com\/sharer.php?u=https:\/\/radiorevelacionfm.cl\/?p=23448&#038;t=Junta%20de%20Vecinos%20Jos%C3%A9%20Miguel%20Carrera%20de%20Coyhaique%20concret%C3%B3%20mejoramiento%20de%20su%20sede%20tras%20importante%20aporte' aria-hidden='false' data-av_icon='\ue8f3' data-av_iconfont='entypo-fontello' title='' data-avia-related-tooltip='Compartir en Facebook' rel=\"noopener\"><span class='avia_hidden_link_text'>Compartir en Facebook<\/span><\/a><\/li><li class='av-share-link av-social-link-twitter' ><a target=\"_blank\" aria-label=\"Compartir en Twitter\" href='https:\/\/twitter.com\/share?text=Junta%20de%20Vecinos%20Jos%C3%A9%20Miguel%20Carrera%20de%20Coyhaique%20concret%C3%B3%20mejoramiento%20de%20su%20sede%20tras%20importante%20aporte&#038;url=https:\/\/radiorevelacionfm.cl\/?p=23448' aria-hidden='false' data-av_icon='\ue8f1' data-av_iconfont='entypo-fontello' title='' data-avia-related-tooltip='Compartir en Twitter' rel=\"noopener\"><span class='avia_hidden_link_text'>Compartir en Twitter<\/span><\/a><\/li><li class='av-share-link av-social-link-whatsapp' ><a target=\"_blank\" aria-label=\"Compartir en Whatsapp\" href='https:\/\/api.whatsapp.com\/send?text=https:\/\/radiorevelacionfm.cl\/?p=23448' aria-hidden='false' data-av_icon='\uf232' data-av_iconfont='entypo-fontello' title='' data-avia-related-tooltip='Compartir en Whatsapp' rel=\"noopener\"><span class='avia_hidden_link_text'>Compartir en Whatsapp<\/span><\/a><\/li><li class='av-share-link av-social-link-linkedin' ><a target=\"_blank\" aria-label=\"Compartir en LinkedIn\" href='https:\/\/linkedin.com\/shareArticle?mini=true&#038;title=Junta%20de%20Vecinos%20Jos%C3%A9%20Miguel%20Carrera%20de%20Coyhaique%20concret%C3%B3%20mejoramiento%20de%20su%20sede%20tras%20importante%20aporte&#038;url=https:\/\/radiorevelacionfm.cl\/?p=23448' aria-hidden='false' data-av_icon='\ue8fc' data-av_iconfont='entypo-fontello' title='' data-avia-related-tooltip='Compartir en LinkedIn' rel=\"noopener\"><span class='avia_hidden_link_text'>Compartir en LinkedIn<\/span><\/a><\/li><li class='av-share-link av-social-link-mail' ><a  aria-label=\"Compartir por correo\" href='mailto:?subject=Junta%20de%20Vecinos%20Jos%C3%A9%20Miguel%20Carrera%20de%20Coyhaique%20concret%C3%B3%20mejoramiento%20de%20su%20sede%20tras%20importante%20aporte&#038;body=https:\/\/radiorevelacionfm.cl\/?p=23448' aria-hidden='false' data-av_icon='\ue805' data-av_iconfont='entypo-fontello' title='' data-avia-related-tooltip='Compartir por correo'><span class='avia_hidden_link_text'>Compartir por correo<\/span><\/a><\/li><\/ul><\/div><\/div>\n<div  style='height:50px' class='hr hr-invisible   avia-builder-el-8  el_after_av_social_share  el_before_av_comments_list '><span class='hr-inner ' ><span class='hr-inner-style'><\/span><\/span><\/div>\n<div  class='av-buildercomment  av-blog-meta-html-info-disabled av-blog-meta-tag-disabled  '><\/div>\n","protected":false},"excerpt":{"rendered":"","protected":false},"author":1,"featured_media":23449,"comment_status":"open","ping_status":"open","sticky":false,"template":"","format":"standard","meta":{"footnotes":""},"categories":[38],"tags":[],"class_list":["post-23448","post","type-post","status-publish","format-standard","has-post-thumbnail","hentry","category-regional"],"jetpack_featured_media_url":"https:\/\/radiorevelacionfm.cl\/wp-content\/uploads\/2022\/10\/IMG_20221024_154236-1-1.jpg","_links":{"self":[{"href":"https:\/\/radiorevelacionfm.cl\/index.php?rest_route=\/wp\/v2\/posts\/23448","targetHints":{"allow":["GET"]}}],"collection":[{"href":"https:\/\/radiorevelacionfm.cl\/index.php?rest_route=\/wp\/v2\/posts"}],"about":[{"href":"https:\/\/radiorevelacionfm.cl\/index.php?rest_route=\/wp\/v2\/types\/post"}],"author":[{"embeddable":true,"href":"https:\/\/radiorevelacionfm.cl\/index.php?rest_route=\/wp\/v2\/users\/1"}],"replies":[{"embeddable":true,"href":"https:\/\/radiorevelacionfm.cl\/index.php?rest_route=%2Fwp%2Fv2%2Fcomments&post=23448"}],"version-history":[{"count":2,"href":"https:\/\/radiorevelacionfm.cl\/index.php?rest_route=\/wp\/v2\/posts\/23448\/revisions"}],"predecessor-version":[{"id":23466,"href":"https:\/\/radiorevelacionfm.cl\/index.php?rest_route=\/wp\/v2\/posts\/23448\/revisions\/23466"}],"wp:featuredmedia":[{"embeddable":true,"href":"https:\/\/radiorevelacionfm.cl\/index.php?rest_route=\/wp\/v2\/media\/23449"}],"wp:attachment":[{"href":"https:\/\/radiorevelacionfm.cl\/index.php?rest_route=%2Fwp%2Fv2%2Fmedia&parent=23448"}],"wp:term":[{"taxonomy":"category","embeddable":true,"href":"https:\/\/radiorevelacionfm.cl\/index.php?rest_route=%2Fwp%2Fv2%2Fcategories&post=23448"},{"taxonomy":"post_tag","embeddable":true,"href":"https:\/\/radiorevelacionfm.cl\/index.php?rest_route=%2Fwp%2Fv2%2Ftags&post=23448"}],"curies":[{"name":"wp","href":"https:\/\/api.w.org\/{rel}","templated":true}]}}